{"id":71136,"date":"2008-04-08T21:43:30","date_gmt":"2008-04-08T21:43:30","guid":{"rendered":"http:\/\/diariodominicano.ddns.net\/?p=71136"},"modified":"2008-04-08T21:43:30","modified_gmt":"2008-04-08T21:43:30","slug":"washington-inaugura-un-templo-a-la-noticia","status":"publish","type":"post","link":"https:\/\/diariodominicano.com\/?p=71136","title":{"rendered":"Washington inaugura un templo a la noticia"},"content":{"rendered":"<p><body><\/p>\n<p class=\"titulogrande1\">Washington inaugura un templo a la noticia<\/p>\n<p>&#13;<\/p>\n<p class=\"text1noticias\">El &#8216;Newseum&#8217; abre sus puertas este jueves para hacer un recorrido por la   historia de la prensa <\/p>\n<p>&#13;<\/p>\n<p class=\"text1noticias\"><strong>ELPA\u00cdS.com\/AGENCIAS<\/strong> <em>&#8211; Madrid\/Washington &#8211; <\/em>08\/04\/2008 <\/p>\n<p>&#13;<\/p>\n<p align=\"justify\" class=\"text1noticias\"><img loading=\"lazy\" decoding=\"async\" src=\"http:\/\/localhost:8080\/img\/templo noticia.jpg\" width=\"375\" height=\"276\" hspace=\"4\" align=\"left\" \/>Desde hace algunos a\u00f1os la noticia buscaba un refugio no perecedero, lejos de   las p\u00e1ginas de los diarios, que le prove\u00edan un albergue temporal y fr\u00e1gil al   paso del tiempo y la memoria. Ahora la informaci\u00f3n period\u00edstica ha encontrado   una catedral de 76.000 metros cuadrados en el coraz\u00f3n de Washington, en Estados   Unidos. El Museo de la Noticia, el <em>Newseum<\/em> abre sus puertas el pr\u00f3ximo   jueves con miles de fotograf\u00edas hist\u00f3ricas, cientos de horas de v\u00eddeo, 14   galer\u00edas, 15 aulas y dos estudios de televisi\u00f3n. El periodismo ha encontrado un   templo que documenta desde su nacimiento hasta la era digital.<\/p>\n<p>&#13;<\/p>\n<p align=\"justify\">&#13;<br \/>\n  <span class=\"text1noticias\">&#13;<br \/>\n  <!-- google_ad_section_end() -->&#13;<br \/>\n  <!-- ***** Fin de Entradilla ***** -->&#13;<br \/>\n  <!-- ***** Info complementaria ***** -->\u00abEl <em>Newseum<\/em> es un museo que muestra la importancia de la informaci\u00f3n y   la prensa libre en una sociedad libre\u00bb explica Joe Urschel, el director de la   pinacoteca, que ha visto retrasada su inauguraci\u00f3n en diversas ocasiones. <br \/>&#13;<br \/>\n  <br \/>&#13;<br \/>\nAhora   por fin, diez a\u00f1os despu\u00e9s del comienzo de las obras y tras un gasto de 450   millones de d\u00f3lares (286 millones de euros), Al Neuharth, el fundador del mayor   diario americano, el <em>USA Today<\/em> ha visto concluido su sue\u00f1o, que comenz\u00f3 a   construir gracias a su ONG <em>Freedom Foundation<\/em>, que lucha por la libertad   medi\u00e1tica.<\/span><\/p>\n<p>&#13;<\/p>\n<p align=\"justify\" class=\"text1noticias\">Situado en la Avenida Pennsylvania, muy cerca de la Casa Blanca y el   Capitolio, el edificio muestra, esculpidas en su fachada de m\u00e1rmol, 45 palabras   de la primera enmienda de la Constituci\u00f3n americana, que recuerdan al Congreso   estadounidense que no debe pasar leyes que \u00abno respeten la libertad de   expresi\u00f3n\u00bb.<\/p>\n<p>&#13;<\/p>\n<p align=\"justify\" class=\"text1noticias\">El edificio cuenta con miles de fetiches de la informaci\u00f3n. Una galer\u00eda   presenta 350 primeras p\u00e1ginas hist\u00f3ricas. <br \/>&#13;<br \/>\n  <br \/>&#13;<br \/>\nEntre ellas, la del <em>Baltimore News   Post<\/em> del 1 de septiembre de 1939, en la que anunciaba la Segunda Guerra   Mundial con el titular \u00abHitler ataca a los polacos\u00bb.<\/p>\n<p>&#13;<\/p>\n<p align=\"justify\" class=\"text1noticias\">Otra de las salas est\u00e1 dedicada al evento noticioso m\u00e1s importante de las   \u00faltimas d\u00e9cadas: el 11-S. En el coraz\u00f3n de esa galer\u00eda se puede ver la antena   parab\u00f3lica que coronaba uno de los edificios del World Trade Center, adem\u00e1s   cientos de im\u00e1genes y un v\u00eddeo especial de aquella fat\u00eddica ma\u00f1ana.<\/p>\n<p>&#13;<\/p>\n<p align=\"justify\" class=\"text1noticias\">Tambi\u00e9n hay cientos de recuerdos expuestos, entre ellos la acreditaci\u00f3n de   Ernest Hemingway como corresponsal de guerra en Europa en 1944; una camioneta   con cientos de disparos, usada por la revista Time en Sarajevo; y el jersey rojo   con el que la m\u00edtica corresponsal de la Casa Blanca, Helen Thomas, usaba para   atraer la atenci\u00f3n de los presidentes en las conferencias de prensa.<\/p>\n<p>&#13;<\/p>\n<p align=\"justify\" class=\"text1noticias\">Los encargados del <em>Newseum<\/em> aseguran que es el museo m\u00e1s interactivo   del mundo. Para ello hay innovadores juegos interactivos en los que los   visitantes pueden hacer de reportero frente a la c\u00e1mara, editar sus   intervenciones y guardarlas en v\u00eddeo.<\/p>\n<p>&#13;<\/p>\n<p align=\"justify\">\u00a0 <\/p>\n<p>&#13;<\/p>\n<h6> 2008-04-08 21:43:30 <\/h6>\n<p><!--\n<link rel=\"stylesheet\" href=\"css\/bootstrap.min.css\">\n\n\n<ul class=\"pagination\">\n\t    \n\t\n\n<li >\n\t<a href='?page_no=22813'>Previous<\/a>\n\t<\/li>\n\n\n       \n    \n\n<li><a href='?page_no=1'>1<\/a><\/li>\n\n\n\n<li><a href='?page_no=2'>2<\/a><\/li>\n\n\n\n<li><a>...<\/a><\/li>\n\n\n\n<li><a href='?page_no=22812'>22812<\/a><\/li>\n\n\n\n<li><a href='?page_no=22813'>22813<\/a><\/li>\n\n\n\n<li class='active'><a>22814<\/a><\/li>\n\n\n\n<li><a href='?page_no=22815'>22815<\/a><\/li>\n\n\n\n<li><a href='?page_no=22816'>22816<\/a><\/li>\n\n\n\n<li><a>...<\/a><\/li>\n\n\n\n<li><a href='?page_no=22911'>22911<\/a><\/li>\n\n\n\n<li><a href='?page_no=22912'>22912<\/a><\/li>\n\n    \n\t\n\n<li >\n\t<a href='?page_no=22815'>Next<\/a>\n\t<\/li>\n\n\n    \n\n<li><a href='?page_no=22912'>Last &rsaquo;&rsaquo;<\/a><\/li>\n\n<\/ul>\n\n\n--><br \/>\n<\/body><\/p>\n","protected":false},"excerpt":{"rendered":"<p>Washington inaugura un templo a la noticia &#13; El &#8216;Newseum&#8217; abre sus puertas este jueves para hacer un recorrido por la historia de la prensa &#13; ELPA\u00cdS.com\/AGENCIAS &#8211; Madrid\/Washington &#8211; 08\/04\/2008 &#13; Desde hace algunos a\u00f1os la noticia buscaba un refugio no perecedero, lejos de las p\u00e1ginas de los diarios, que le prove\u00edan un albergue [&hellip;]<\/p>\n","protected":false},"author":3,"featured_media":0,"comment_status":"open","ping_status":"open","sticky":false,"template":"","format":"standard","meta":{"footnotes":""},"categories":[21],"tags":[],"class_list":["post-71136","post","type-post","status-publish","format-standard","hentry","category-cultura"],"_links":{"self":[{"href":"https:\/\/diariodominicano.com\/index.php?rest_route=\/wp\/v2\/posts\/71136","targetHints":{"allow":["GET"]}}],"collection":[{"href":"https:\/\/diariodominicano.com\/index.php?rest_route=\/wp\/v2\/posts"}],"about":[{"href":"https:\/\/diariodominicano.com\/index.php?rest_route=\/wp\/v2\/types\/post"}],"author":[{"embeddable":true,"href":"https:\/\/diariodominicano.com\/index.php?rest_route=\/wp\/v2\/users\/3"}],"replies":[{"embeddable":true,"href":"https:\/\/diariodominicano.com\/index.php?rest_route=%2Fwp%2Fv2%2Fcomments&post=71136"}],"version-history":[{"count":0,"href":"https:\/\/diariodominicano.com\/index.php?rest_route=\/wp\/v2\/posts\/71136\/revisions"}],"wp:attachment":[{"href":"https:\/\/diariodominicano.com\/index.php?rest_route=%2Fwp%2Fv2%2Fmedia&parent=71136"}],"wp:term":[{"taxonomy":"category","embeddable":true,"href":"https:\/\/diariodominicano.com\/index.php?rest_route=%2Fwp%2Fv2%2Fcategories&post=71136"},{"taxonomy":"post_tag","embeddable":true,"href":"https:\/\/diariodominicano.com\/index.php?rest_route=%2Fwp%2Fv2%2Ftags&post=71136"}],"curies":[{"name":"wp","href":"https:\/\/api.w.org\/{rel}","templated":true}]}}