{"id":71134,"date":"2008-04-09T16:41:26","date_gmt":"2008-04-09T16:41:26","guid":{"rendered":"http:\/\/diariodominicano.ddns.net\/?p=71134"},"modified":"2008-04-09T16:41:26","modified_gmt":"2008-04-09T16:41:26","slug":"el-vigor-belico-de-goya-regresa-al-prado","status":"publish","type":"post","link":"https:\/\/diariodominicano.com\/?p=71134","title":{"rendered":"El vigor b\u00e9lico de Goya regresa al Prado"},"content":{"rendered":"<p><body><\/p>\n<p class=\"titulogrande1\">El vigor b\u00e9lico de Goya regresa al Prado<\/p>\n<p>&#13;<\/p>\n<p align=\"justify\" class=\"text1noticias\">Los cuadros de Goya sobre el 2 de mayo lucen en todo su esplendor en la   pinacoteca madrile\u00f1a <\/p>\n<p>&#13;<\/p>\n<p align=\"justify\" class=\"text1noticias\"><strong>EFE<\/strong> <em>&#8211; Madrid &#8211; <\/em>09\/04\/2008 <\/p>\n<p>&#13;<\/p>\n<p align=\"justify\" class=\"text1noticias\"><img loading=\"lazy\" decoding=\"async\" src=\"http:\/\/localhost:8080\/img\/goya.jpg\" width=\"375\" height=\"276\" hspace=\"4\" align=\"left\" \/>Los cuadros de Goya <em>Los fusilamientos del 3 de mayo en la monta\u00f1a del   Pr\u00edncipe P\u00edo<\/em> y <em>El 2 de mayo o la carga de los mamulecos<\/em> han sido   colgados y lucen con todo su esplendor, tras su restauraci\u00f3n y limpieza, en las   salas del Museo Del Prado que albergar\u00e1n la exposici\u00f3n <em>Goya en tiempos de   guerra<\/em>.<\/p>\n<p>&#13;<\/p>\n<p align=\"justify\">&#13;<br \/>\n  <span class=\"text1noticias\">&#13;<br \/>\n  <!-- google_ad_section_end() -->&#13;<br \/>\n  <!-- ***** Fin de Entradilla ***** -->&#13;<br \/>\n  <!-- ***** Info complementaria ***** -->&#13;<br \/>\nA primera hora de la ma\u00f1ana, las dos obras han sido trasladadas desde el   antiguo taller de restauraci\u00f3n del museo hasta las salas de la exposici\u00f3n, que   abrir\u00e1 sus puertas al p\u00fablico el pr\u00f3ximo martes.<\/span><\/p>\n<p>&#13;<\/p>\n<p align=\"justify\" class=\"text1noticias\"> La intervenci\u00f3n realizada permite disfrutar de \u00abun lujo en el colorido, una   maravilla\u00bb, seg\u00fan Manuela Mena conservadora de Pintura del siglo XVIII y Goya   del Prado.<\/p>\n<p>&#13;<\/p>\n<p align=\"justify\" class=\"text1noticias\">El maestro aragon\u00e9s \u00absiempre es un lujo, pero en estos cuadros lo que   impresiona m\u00e1s es la riqueza del color, sin que apenas haya utilizado color. Son   colores muy b\u00e1sicos y muy pocos: tierras, rojos, blancos y alg\u00fan azul y con eso   es capaz de conseguir todas las tonalidades. Las dos obras van a impactar   much\u00edsimo, como nos impactan a nosotros que est\u00e1bamos todo el d\u00eda delante de   ellas\u00bb<\/p>\n<p>&#13;<\/p>\n<p align=\"justify\" class=\"text1noticias\">Uno de los aspectos m\u00e1s importantes de la restauraci\u00f3n es que se pueden leer   los dos cuadros perfectamente, \u00abalgo fundamental para la valoraci\u00f3n de un   artista, recuperar lo que \u00e9l quiso hacer\u00bb.<\/p>\n<p>&#13;<\/p>\n<p align=\"justify\" class=\"text1noticias\">Eso ahora se ve muy bien por las l\u00edneas de color, las fuerzas, las tensiones,   el movimiento que pone a las figuras. <br \/>&#13;<br \/>\n  <br \/>&#13;<br \/>\nLa idea de Goya se aprecia perfectamente\u00bb,   coment\u00f3 la conservadora para quien un museo como el Prado tiene la obligaci\u00f3n de   presentar sus obras, sobre todo las fundamentales como estas, del mejor modo   posible \u00aby ahora est\u00e1n en el mejor modo posible\u00bb.<\/p>\n<p>&#13;<\/p>\n<p align=\"justify\" class=\"text1noticias\">Aunque el estado de conservaci\u00f3n de los cuadros era \u00abfant\u00e1stico\u00bb, los   barnices estaban muy amarillos \u00aby las capas eran bastante gruesas, con lo que no   se ve\u00edan bien ni los colores, ni la perspectiva, ni el sitio donde estaba   situada cada figura\u00bb, record\u00f3 Manuela Mena, quien subray\u00f3 que con el paso del   tiempo las obras ten\u00edan problemas diferentes.<\/p>\n<p>&#13;<\/p>\n<p align=\"justify\" class=\"text1noticias\">Esto hac\u00eda que cada cuadro actuara de forma independiente, que cada uno   tuviera m\u00e1s personalidad propia. <br \/>&#13;<br \/>\n  <br \/>&#13;<br \/>\n\u00abAhora te das cuenta que necesitan el uno del   otro, son una pareja, como un d\u00edptico. El uno se continua en el otro y   viceversa. Las l\u00edneas de luces, la l\u00ednea de los muertos, las perspectivas, la   ciudad al fondo han adquirido un nuevo sentido\u00bb.<\/p>\n<p>&#13;<\/p>\n<p align=\"justify\" class=\"text1noticias\">La intervenci\u00f3n realizada en <em>El 2 de mayo o la carga de los mamelucos<\/em> ha sido mayor al tener un da\u00f1o m\u00e1s grande \u00abpues hab\u00eda perdido una parte del   lienzo y con ello de la superficie pict\u00f3rica\u00bb. La intervenci\u00f3n llevada a cabo en   los a\u00f1os cuarenta entraba en conflicto con la pintura de Goya.<\/p>\n<p>&#13;<\/p>\n<p align=\"justify\" class=\"text1noticias\">\u00abInterfer\u00eda en los rojos que \u00e9l hab\u00eda pensado para dirigir la mirada del   espectador a determinados centros de la composici\u00f3n. Las dos manchas rojas a la   izquierda desviaban la atenci\u00f3n de lo que era la verdadera esencia del cuadro de   Goya\u00bb.<\/p>\n<p>&#13;<\/p>\n<p align=\"justify\" class=\"text1noticias\">A trav\u00e9s de fotos antiguas y con tecnolog\u00eda digital \u00abse ha llevado a cabo la   reintegraci\u00f3n de esas zonas vac\u00edas a trav\u00e9s de un sistema de peque\u00f1os plumeados,   de rayitas peque\u00f1as de diferentes colores, que en la cercan\u00eda se ven muy bien y   en la distancia se integran en el conjunto de la obra y permiten la lectura   total de la composici\u00f3n\u00bb.<\/p>\n<p>&#13;<\/p>\n<p align=\"justify\" class=\"text1noticias\">Sobre la ubicaci\u00f3n de las obras una vez que finalice la exposici\u00f3n, la   conservadora coment\u00f3 que previsiblemente ser\u00e1 la misma, aunque \u00ablo que si vamos   a pensar muy bien son las alturas, que pueden cambiar un a\u00f1o de otro y con ello   los visitantes podr\u00edan contemplar c\u00f3mo funcionan las obras del arte, como las   pens\u00f3 Goya. Una obra cambia completamente incluso por un cambio de un   cent\u00edmetro.<\/p>\n<p>&#13;<\/p>\n<p align=\"justify\">\u00a0 <\/p>\n<p>&#13;<\/p>\n<h6> 2008-04-09 16:41:26 <\/h6>\n<p><!--\n<link rel=\"stylesheet\" href=\"css\/bootstrap.min.css\">\n\n\n<ul class=\"pagination\">\n\t    \n\t\n\n<li >\n\t<a href='?page_no=22811'>Previous<\/a>\n\t<\/li>\n\n\n       \n    \n\n<li><a href='?page_no=1'>1<\/a><\/li>\n\n\n\n<li><a href='?page_no=2'>2<\/a><\/li>\n\n\n\n<li><a>...<\/a><\/li>\n\n\n\n<li><a href='?page_no=22810'>22810<\/a><\/li>\n\n\n\n<li><a href='?page_no=22811'>22811<\/a><\/li>\n\n\n\n<li class='active'><a>22812<\/a><\/li>\n\n\n\n<li><a href='?page_no=22813'>22813<\/a><\/li>\n\n\n\n<li><a href='?page_no=22814'>22814<\/a><\/li>\n\n\n\n<li><a>...<\/a><\/li>\n\n\n\n<li><a href='?page_no=22911'>22911<\/a><\/li>\n\n\n\n<li><a href='?page_no=22912'>22912<\/a><\/li>\n\n    \n\t\n\n<li >\n\t<a href='?page_no=22813'>Next<\/a>\n\t<\/li>\n\n\n    \n\n<li><a href='?page_no=22912'>Last &rsaquo;&rsaquo;<\/a><\/li>\n\n<\/ul>\n\n\n--><br \/>\n<\/body><\/p>\n","protected":false},"excerpt":{"rendered":"<p>El vigor b\u00e9lico de Goya regresa al Prado &#13; Los cuadros de Goya sobre el 2 de mayo lucen en todo su esplendor en la pinacoteca madrile\u00f1a &#13; EFE &#8211; Madrid &#8211; 09\/04\/2008 &#13; Los cuadros de Goya Los fusilamientos del 3 de mayo en la monta\u00f1a del Pr\u00edncipe P\u00edo y El 2 de mayo [&hellip;]<\/p>\n","protected":false},"author":3,"featured_media":0,"comment_status":"open","ping_status":"open","sticky":false,"template":"","format":"standard","meta":{"footnotes":""},"categories":[21],"tags":[],"class_list":["post-71134","post","type-post","status-publish","format-standard","hentry","category-cultura"],"_links":{"self":[{"href":"https:\/\/diariodominicano.com\/index.php?rest_route=\/wp\/v2\/posts\/71134","targetHints":{"allow":["GET"]}}],"collection":[{"href":"https:\/\/diariodominicano.com\/index.php?rest_route=\/wp\/v2\/posts"}],"about":[{"href":"https:\/\/diariodominicano.com\/index.php?rest_route=\/wp\/v2\/types\/post"}],"author":[{"embeddable":true,"href":"https:\/\/diariodominicano.com\/index.php?rest_route=\/wp\/v2\/users\/3"}],"replies":[{"embeddable":true,"href":"https:\/\/diariodominicano.com\/index.php?rest_route=%2Fwp%2Fv2%2Fcomments&post=71134"}],"version-history":[{"count":0,"href":"https:\/\/diariodominicano.com\/index.php?rest_route=\/wp\/v2\/posts\/71134\/revisions"}],"wp:attachment":[{"href":"https:\/\/diariodominicano.com\/index.php?rest_route=%2Fwp%2Fv2%2Fmedia&parent=71134"}],"wp:term":[{"taxonomy":"category","embeddable":true,"href":"https:\/\/diariodominicano.com\/index.php?rest_route=%2Fwp%2Fv2%2Fcategories&post=71134"},{"taxonomy":"post_tag","embeddable":true,"href":"https:\/\/diariodominicano.com\/index.php?rest_route=%2Fwp%2Fv2%2Ftags&post=71134"}],"curies":[{"name":"wp","href":"https:\/\/api.w.org\/{rel}","templated":true}]}}