{"id":71132,"date":"2008-04-09T19:22:08","date_gmt":"2008-04-09T19:22:08","guid":{"rendered":"http:\/\/diariodominicano.ddns.net\/?p=71132"},"modified":"2008-04-09T19:22:08","modified_gmt":"2008-04-09T19:22:08","slug":"escuela-nacional-de-danza-imparte-seminario-a-bailarines-profesionales-y-estudiantes-avanzados","status":"publish","type":"post","link":"https:\/\/diariodominicano.com\/?p=71132","title":{"rendered":"Escuela Nacional de Danza imparte seminario a bailarines profesionales y estudiantes avanzados"},"content":{"rendered":"<p><body><\/p>\n<p align=\"justify\"><strong class=\"titulogrande1\">Escuela Nacional de Danza imparte  seminario\u00a0 a bailarines profesionales y  estudiantes avanzados<\/strong><br \/>&#13;<br \/>\n  \u00a0\u00a0\u00a0\u00a0\u00a0\u00a0\u00a0\u00a0\u00a0\u00a0\u00a0\u00a0\u00a0\u00a0\u00a0\u00a0 <br \/>&#13;<br \/>\n  <strong>Por<\/strong>  <span class=\"textogrande\">Yanelis Jim\u00e9nez<\/span><\/p>\n<p>&#13;<\/p>\n<p align=\"justify\" class=\"text1noticias\"><img loading=\"lazy\" decoding=\"async\" src=\"http:\/\/localhost:8080\/img\/danza.jpg\" width=\"375\" height=\"801\" hspace=\"4\" align=\"left\" \/>Con  los auspicios del Centro Franklin de la Embajada de los Estados Unidos, la Escuela Nacional de Danza  (ENDANZA), imparti\u00f3 un interesant\u00edsimo taller con la destacada bailarina,  core\u00f3grafa y directora art\u00edstica de la Compa\u00f1\u00eda Rastros\u00a0 Nueva York, la Venezoamericana Julieta  Velero.<br \/>&#13;<br \/>\n  <br \/>&#13;<br \/>\n  En las clases la  profesora comparti\u00f3 con los estudiantes un estilo-t\u00e9cnica que aprendi\u00f3 en  Venezuela en Danzahoy-Escuela, que\u00a0  deriva directamente de las t\u00e9cnicas creadas por bailarines de fama  mundial como: Martha Graham, Jos\u00e9 Lim\u00f3n, y otros, mezcl\u00e1ndola con lo que ha  aprendido en Nueva York.<br \/>&#13;<br \/>\n  <br \/>&#13;<br \/>\n  \u201cYo me baso en lo  que aprend\u00ed en mi escuela de danza que es una mezcolanza de lo que mis maestros  aprendieron en Londres en los \u00faltimos a\u00f1os de la d\u00e9cada de los 70 y principio  de los 80 ellos regresaron a Venezuela y fundaron una escuela, de ah\u00ed vengo  yo\u201d, explic\u00f3.<br \/>&#13;<br \/>\n  <br \/>&#13;<br \/>\n  La danza contempor\u00e1nea  es definida por algunos conocedores de esta expresi\u00f3n corporal como un baile o  movimiento que conlleva menor rigidez y en la que se busca transmitir, a trav\u00e9s  del bailar\u00edn una idea, un sentimiento, una emoci\u00f3n, al igual que el ballet  cl\u00e1sico, pero mezclando movimientos corp\u00f3reos propios del siglo XX y XXI junto con pasos tradicionales de  cualquier rama del ballet. <br \/>&#13;<br \/>\n  <br \/>&#13;<br \/>\n  Respecto a la  danza en Rep\u00fablica Dominicana la bailarina opin\u00f3 que hay crisis y falta m\u00e1s  aprendizaje, sin embargo reconoci\u00f3 que este inconveniente no es exclusivo de  este pa\u00eds, sino de toda Latinoam\u00e9rica.<br \/>&#13;<br \/>\n  <br \/>&#13;<br \/>\n  \u201cA  los bailarines dominicanos les falta, pero es una falta bastante generalizada,  yo dir\u00eda del continente Americano. <br \/>&#13;<br \/>\n  <br \/>&#13;<br \/>\n  Norte, centro y sur Am\u00e9rica. En Nueva York  tambi\u00e9n tenemos muchos problemas. Siempre he dicho que la danza contempor\u00e1nea  es el patito feo en los presupuestos de nuestros pa\u00edses\u201d<br \/>&#13;<br \/>\n  <br \/>&#13;<br \/>\n  En ese sentido la  experta exhort\u00f3 a los bailarines dominicanos a mantenerse en constante  aprendizaje \u00a0consciente de que esta  expresi\u00f3n del arte nunca se termina de aprender.<br \/>&#13;<br \/>\n  <br \/>&#13;<br \/>\n  \u201cEl aprendizaje  del profesional de la danza y del ballet nunca termina nunca; por m\u00e1s  profesional que uno se sienta debe estar en constante aprendizaje\u201d, afirm\u00f3.<br \/>&#13;<br \/>\n  <br \/>&#13;<br \/>\n  Hizo un llamado a  los bailarines del pa\u00eds aprovechar las oportunidades que le brinda el Estado  para crecer profesionalmente, al tiempo de lamentar que pocas personas se hayan  inscrito en el horario matutino del taller.<br \/>&#13;<br \/>\n  <br \/>&#13;<br \/>\n  \u201cHay que aprovechar  las oportunidades que se nos dan, hay que tratar de aprender de otros y seguir  trayendo gente y que las clases para profesionales se llenen, que vengan y  hagan uso de ese privilegio que adem\u00e1s es gratuito, porque eso en Nueva York y  Europa es car\u00edsimo\u201d, apunt\u00f3.<br \/>&#13;<br \/>\n  <br \/>&#13;<br \/>\n  <strong>Ficha t\u00e9cnica<\/strong> <br \/>&#13;<br \/>\n  <br \/>&#13;<br \/>\n  Julieta  Valero Barroso fue alumna fundadora de Danzahoy-Escuela, hacia 1980. Sus  maestros eran Jacques Broquel y Adriana y Luz Urdaneta, con quien tuvo el  privilegio de estrenarse en las tablas a los 13 a\u00f1os.<br \/>&#13;<br \/>\n  <br \/>&#13;<br \/>\n  Form\u00f3 parte de la  compa\u00f1\u00eda desde 1989 hasta 1994 y particip\u00f3 en giras internacionales a M\u00e9xico,  Guatemala, Espa\u00f1a y Brasil, as\u00ed como en numerosas temporadas en Venezuela.  Desde 1996 reside en Nueva York, dedicada a su agrupaci\u00f3n Rastro Dance Company.  Desde 2000, Julieta ha colaborado con Danzahoy en distintas giras  internacionales y RASTRO tiene en su repertorio dos coreograf\u00edas de una de sus  maestras, Luz Urdaneta<br \/>&#13;<br \/>\n  <br \/>&#13;<br \/>\n  Julieta  ha recibo dos veces Astral Career Grant 1999 \u2013 2002 y ha sido cor\u00f3grafo  invitada en el cuartel San Carlos en Caracas en el a\u00f1o 2001,\u00a0 as\u00ed como en D\u00b4jerassi Artist Residence  Programma en California 2003.<\/p>\n<p>&#13;<\/p>\n<h6> 2008-04-09 19:22:08 <\/h6>\n<p><!--\n<link rel=\"stylesheet\" href=\"css\/bootstrap.min.css\">\n\n\n<ul class=\"pagination\">\n\t    \n\t\n\n<li >\n\t<a href='?page_no=22809'>Previous<\/a>\n\t<\/li>\n\n\n       \n    \n\n<li><a href='?page_no=1'>1<\/a><\/li>\n\n\n\n<li><a href='?page_no=2'>2<\/a><\/li>\n\n\n\n<li><a>...<\/a><\/li>\n\n\n\n<li><a href='?page_no=22808'>22808<\/a><\/li>\n\n\n\n<li><a href='?page_no=22809'>22809<\/a><\/li>\n\n\n\n<li class='active'><a>22810<\/a><\/li>\n\n\n\n<li><a href='?page_no=22811'>22811<\/a><\/li>\n\n\n\n<li><a href='?page_no=22812'>22812<\/a><\/li>\n\n\n\n<li><a>...<\/a><\/li>\n\n\n\n<li><a href='?page_no=22911'>22911<\/a><\/li>\n\n\n\n<li><a href='?page_no=22912'>22912<\/a><\/li>\n\n    \n\t\n\n<li >\n\t<a href='?page_no=22811'>Next<\/a>\n\t<\/li>\n\n\n    \n\n<li><a href='?page_no=22912'>Last &rsaquo;&rsaquo;<\/a><\/li>\n\n<\/ul>\n\n\n--><br \/>\n<\/body><\/p>\n","protected":false},"excerpt":{"rendered":"<p>Escuela Nacional de Danza imparte seminario\u00a0 a bailarines profesionales y estudiantes avanzados&#13; \u00a0\u00a0\u00a0\u00a0\u00a0\u00a0\u00a0\u00a0\u00a0\u00a0\u00a0\u00a0\u00a0\u00a0\u00a0\u00a0 &#13; Por Yanelis Jim\u00e9nez &#13; Con los auspicios del Centro Franklin de la Embajada de los Estados Unidos, la Escuela Nacional de Danza (ENDANZA), imparti\u00f3 un interesant\u00edsimo taller con la destacada bailarina, core\u00f3grafa y directora art\u00edstica de la Compa\u00f1\u00eda Rastros\u00a0 Nueva York, [&hellip;]<\/p>\n","protected":false},"author":3,"featured_media":0,"comment_status":"open","ping_status":"open","sticky":false,"template":"","format":"standard","meta":{"footnotes":""},"categories":[21],"tags":[],"class_list":["post-71132","post","type-post","status-publish","format-standard","hentry","category-cultura"],"_links":{"self":[{"href":"https:\/\/diariodominicano.com\/index.php?rest_route=\/wp\/v2\/posts\/71132","targetHints":{"allow":["GET"]}}],"collection":[{"href":"https:\/\/diariodominicano.com\/index.php?rest_route=\/wp\/v2\/posts"}],"about":[{"href":"https:\/\/diariodominicano.com\/index.php?rest_route=\/wp\/v2\/types\/post"}],"author":[{"embeddable":true,"href":"https:\/\/diariodominicano.com\/index.php?rest_route=\/wp\/v2\/users\/3"}],"replies":[{"embeddable":true,"href":"https:\/\/diariodominicano.com\/index.php?rest_route=%2Fwp%2Fv2%2Fcomments&post=71132"}],"version-history":[{"count":0,"href":"https:\/\/diariodominicano.com\/index.php?rest_route=\/wp\/v2\/posts\/71132\/revisions"}],"wp:attachment":[{"href":"https:\/\/diariodominicano.com\/index.php?rest_route=%2Fwp%2Fv2%2Fmedia&parent=71132"}],"wp:term":[{"taxonomy":"category","embeddable":true,"href":"https:\/\/diariodominicano.com\/index.php?rest_route=%2Fwp%2Fv2%2Fcategories&post=71132"},{"taxonomy":"post_tag","embeddable":true,"href":"https:\/\/diariodominicano.com\/index.php?rest_route=%2Fwp%2Fv2%2Ftags&post=71132"}],"curies":[{"name":"wp","href":"https:\/\/api.w.org\/{rel}","templated":true}]}}