{"id":71130,"date":"2008-04-11T19:06:08","date_gmt":"2008-04-11T19:06:08","guid":{"rendered":"http:\/\/diariodominicano.ddns.net\/?p=71130"},"modified":"2008-04-11T19:06:08","modified_gmt":"2008-04-11T19:06:08","slug":"las-ciudades-de-don-max","status":"publish","type":"post","link":"https:\/\/diariodominicano.com\/?p=71130","title":{"rendered":"\u201cLas ciudades de Don Max\u201d"},"content":{"rendered":"<p><body><\/p>\n<p align=\"justify\" class=\"titulogrande1\">\u201cLas ciudades de Don Max\u201d <br \/>&#13;<br \/>\n  <br \/>&#13;<br \/>\n    <span class=\"text1noticias\">En el Centro Cultural de  Espa\u00f1a Exposici\u00f3n de fotograf\u00edas de  Max Pou <\/span><\/p>\n<p>&#13;<\/p>\n<p align=\"justify\" class=\"text1noticias\"><strong><strong><img loading=\"lazy\" decoding=\"async\" src=\"http:\/\/localhost:8080\/img\/max.jpg\" width=\"375\" height=\"338\" hspace=\"4\" align=\"left\" \/>S<\/strong>ANTO DOMINGO.-<\/strong> El Centro Cultural de Espa\u00f1a  presentar\u00e1 este pr\u00f3ximo jueves 17 de abril a las 7:30 de\u00a0 la noche la muestra \u00abLas\u00a0 Ciudades de Don Max\u00bb, del desaparecido  maestro de la fotograf\u00eda dominicana M\u00e1ximo Rodr\u00edguez Pou, m\u00e1s conocido como Max  Pou. <\/p>\n<p>&#13;<\/p>\n<p align=\"justify\" class=\"text1noticias\">La exposici\u00f3n curada por Carlos Acero y Paula  G\u00f3mez cuenta con el apoyo de la Fundaci\u00f3n Imagen 83 y estar\u00e1 abierta al p\u00fablico  hasta el 11 de mayo.<\/p>\n<p>&#13;<\/p>\n<p align=\"justify\" class=\"text1noticias\">Max Pou se dedic\u00f3 principalmente  a la fotograf\u00eda social, siendo\u00a0 testigo  de importantes acontecimientos de la vida nacional. Inici\u00f3 su carrera en el a\u00f1o  1949, a  la edad de 24 a\u00f1os, exponiendo por primera vez en 1950 en el Instituto Cultural  Dominico-Americano. <\/p>\n<p>&#13;<\/p>\n<p align=\"justify\" class=\"text1noticias\">Durante el periodo comprendido  entre los a\u00f1os 1949 y 1962 se desarroll\u00f3 como fot\u00f3grafo profesional especializado  en retrato, paisaje y urbanismo.<\/p>\n<p>&#13;<\/p>\n<p align=\"justify\" class=\"text1noticias\">Incursion\u00f3 por primera vez en el  cine en 1959 con el documental \u00abEl Puente para elYaque\u00bb al  que siguieron \u201cV\u00eda Libre\u201d en  1962, \u201cEl esfuerzo de un pueblo\u201d  en 1968, \u201cCarnaval dominicano\u201d en  1969, y \u00abSanto Domingo: Cuna de  Am\u00e9rica\u00bb en el a\u00f1o 1970.<br \/>&#13;<br \/>\n  <br \/>&#13;<br \/>\n  Su carrera como documentalista  concluy\u00f3 en 1982 con el rodaje de \u00abPatrimonio Cultural de la Rep\u00fablica Dominicana\u00bb,\u00a0 dedicado a la labor de preservaci\u00f3n y rescate  de la arquitectura colonial de la zona hist\u00f3rica de Santo Domingo. <\/p>\n<p>&#13;<\/p>\n<p align=\"justify\" class=\"text1noticias\">En 1973 dirigi\u00f3 el mediometraje  \u00ab<em>Luisa<\/em>\u00bb que ser\u00eda utilizado posteriormente en la campa\u00f1a de  planificaci\u00f3n familiar a nivel nacional en ese mismo a\u00f1o, logrando exhibirse en  el Festival de Bilbao de 1975. <\/p>\n<p>&#13;<\/p>\n<p align=\"justify\" class=\"text1noticias\">En el a\u00f1o 2002 recibi\u00f3 el Premio  Internacional Lumi\u00e8re de la   Uni\u00f3n Nacional de Productores y Autores de Cine de Italia. M\u00e1ximo  Rodr\u00edguez Pou falleci\u00f3 a los 81 a\u00f1os de edad dejando un legado imborrable que  sin duda le sit\u00faa como uno de los m\u00e1s importantes fot\u00f3grafos de la historia  dominicana.<\/p>\n<p>&#13;<\/p>\n<h6> 2008-04-11 19:06:08 <\/h6>\n<p><!--\n<link rel=\"stylesheet\" href=\"css\/bootstrap.min.css\">\n\n\n<ul class=\"pagination\">\n\t    \n\t\n\n<li >\n\t<a href='?page_no=22807'>Previous<\/a>\n\t<\/li>\n\n\n       \n    \n\n<li><a href='?page_no=1'>1<\/a><\/li>\n\n\n\n<li><a href='?page_no=2'>2<\/a><\/li>\n\n\n\n<li><a>...<\/a><\/li>\n\n\n\n<li><a href='?page_no=22806'>22806<\/a><\/li>\n\n\n\n<li><a href='?page_no=22807'>22807<\/a><\/li>\n\n\n\n<li class='active'><a>22808<\/a><\/li>\n\n\n\n<li><a href='?page_no=22809'>22809<\/a><\/li>\n\n\n\n<li><a href='?page_no=22810'>22810<\/a><\/li>\n\n\n\n<li><a>...<\/a><\/li>\n\n\n\n<li><a href='?page_no=22911'>22911<\/a><\/li>\n\n\n\n<li><a href='?page_no=22912'>22912<\/a><\/li>\n\n    \n\t\n\n<li >\n\t<a href='?page_no=22809'>Next<\/a>\n\t<\/li>\n\n\n    \n\n<li><a href='?page_no=22912'>Last &rsaquo;&rsaquo;<\/a><\/li>\n\n<\/ul>\n\n\n--><br \/>\n<\/body><\/p>\n","protected":false},"excerpt":{"rendered":"<p>\u201cLas ciudades de Don Max\u201d &#13; &#13; En el Centro Cultural de Espa\u00f1a Exposici\u00f3n de fotograf\u00edas de Max Pou &#13; SANTO DOMINGO.- El Centro Cultural de Espa\u00f1a presentar\u00e1 este pr\u00f3ximo jueves 17 de abril a las 7:30 de\u00a0 la noche la muestra \u00abLas\u00a0 Ciudades de Don Max\u00bb, del desaparecido maestro de la fotograf\u00eda dominicana M\u00e1ximo [&hellip;]<\/p>\n","protected":false},"author":3,"featured_media":0,"comment_status":"open","ping_status":"open","sticky":false,"template":"","format":"standard","meta":{"footnotes":""},"categories":[21],"tags":[],"class_list":["post-71130","post","type-post","status-publish","format-standard","hentry","category-cultura"],"_links":{"self":[{"href":"https:\/\/diariodominicano.com\/index.php?rest_route=\/wp\/v2\/posts\/71130","targetHints":{"allow":["GET"]}}],"collection":[{"href":"https:\/\/diariodominicano.com\/index.php?rest_route=\/wp\/v2\/posts"}],"about":[{"href":"https:\/\/diariodominicano.com\/index.php?rest_route=\/wp\/v2\/types\/post"}],"author":[{"embeddable":true,"href":"https:\/\/diariodominicano.com\/index.php?rest_route=\/wp\/v2\/users\/3"}],"replies":[{"embeddable":true,"href":"https:\/\/diariodominicano.com\/index.php?rest_route=%2Fwp%2Fv2%2Fcomments&post=71130"}],"version-history":[{"count":0,"href":"https:\/\/diariodominicano.com\/index.php?rest_route=\/wp\/v2\/posts\/71130\/revisions"}],"wp:attachment":[{"href":"https:\/\/diariodominicano.com\/index.php?rest_route=%2Fwp%2Fv2%2Fmedia&parent=71130"}],"wp:term":[{"taxonomy":"category","embeddable":true,"href":"https:\/\/diariodominicano.com\/index.php?rest_route=%2Fwp%2Fv2%2Fcategories&post=71130"},{"taxonomy":"post_tag","embeddable":true,"href":"https:\/\/diariodominicano.com\/index.php?rest_route=%2Fwp%2Fv2%2Ftags&post=71130"}],"curies":[{"name":"wp","href":"https:\/\/api.w.org\/{rel}","templated":true}]}}