{"id":71129,"date":"2008-04-11T20:21:30","date_gmt":"2008-04-11T20:21:30","guid":{"rendered":"http:\/\/diariodominicano.ddns.net\/?p=71129"},"modified":"2008-04-11T20:21:30","modified_gmt":"2008-04-11T20:21:30","slug":"analizaran-la-revolucion-de-abril-en-san-francisco-de-macoris","status":"publish","type":"post","link":"https:\/\/diariodominicano.com\/?p=71129","title":{"rendered":"Analizar\u00e1n la Revoluci\u00f3n de Abril en San Francisco de Macor\u00eds"},"content":{"rendered":"<p><body><\/p>\n<p><strong class=\"titulogrande1\">Analizar\u00e1n la Revoluci\u00f3n de Abril en  San Francisco de Macor\u00eds<\/strong><br \/>&#13;<br \/>\n  <br \/>&#13;<br \/>\n    <em class=\"textogrande\">11 de abril de 2008<\/em><\/p>\n<p>&#13;<\/p>\n<p align=\"justify\" class=\"text1noticias\"><img loading=\"lazy\" decoding=\"async\" src=\"http:\/\/localhost:8080\/img\/abril.jpg\" width=\"375\" height=\"290\" hspace=\"4\" align=\"left\" \/>Con la presencia de  Fidelio Despradel, Narciso Isa Conde y Francis Caama\u00f1o hijo, se celebrar\u00e1 el  pr\u00f3ximo mi\u00e9rcoles 23 de abril en San Francisco de Macor\u00eds, un panel y acto  homenaje titulado <em>\u00bbAbril por Siempre\u00bb<\/em>,  donde se discutir\u00e1 y se rendir\u00e1 honor a la Revoluci\u00f3n de Abril de  1965, gran insurrecci\u00f3n popular exitosa, y truncada s\u00f3lo por la intervenci\u00f3n de  tropas de Estados Unidos.<\/p>\n<p>&#13;<\/p>\n<p align=\"justify\" class=\"text1noticias\">En el acto homenaje  se ofrecer\u00e1 una conferencia con estos connotados participes de la Revoluci\u00f3n de Abril, y  el hijo del H\u00e9roe Nacional Coronel Caama\u00f1o, para as\u00ed recordar sus valores y  reivindicar sus ense\u00f1anzas.\u00a0 Y adem\u00e1s  contar\u00e1 con la participaci\u00f3n e interpretaciones musicales del grupo de Hip Hop  \u201c<em>Kilos de Rap<\/em>\u201d, y la cantante joven  Gabriella.\u00a0 <\/p>\n<p>&#13;<\/p>\n<p align=\"justify\" class=\"text1noticias\">La actividad se  llevar\u00e1 a cabo en el \u201cCentro Cultural La Nave\u201d, ubicado en la calle Paseo de los  Periodistas #17 de esta ciudad, desde las 7:00 PM, y es convocada por la <em>\u201cEscuela Libre Jos\u00e9 Carlos Marti\u00e1tegui<\/em>\u201d  y el <em>\u201cComit\u00e9 de La Multitud de la Provincia Duarte\u201d<\/em> y se inscribe dentro del \u00ab<em>Proyecto  Memoria<\/em>\u00bb que lleva a cabo esta organizaci\u00f3n de j\u00f3venes con el fin de  rescatar y proyectar, en todo el pa\u00eds, a los h\u00e9roes y m\u00e1rtires de la historia dominicana  y as\u00ed dotar a las juventudes de ejemplos a imitar.<\/p>\n<p>&#13;<\/p>\n<p align=\"justify\" class=\"text1noticias\"><em>\u00abNo  olvidaremos nuestra historia, no olvidaremos que\u00a0 Abril del 65, qued\u00f3 inconcluso; Recordar sus  ense\u00f1anzas es fundamental en tiempos en que se manifiesta cada vez m\u00e1s un deseo  de cambio y una esperanza creciente entre todos los dominicanos.\u00bb, <\/em>afirm\u00f3  Francisco Alberto Dur\u00e1n, vocero de la organizaci\u00f3n responsable del evento.<\/p>\n<p>&#13;<\/p>\n<p align=\"justify\" class=\"text1noticias\">El \u00abProyecto  Memoria\u00bb de La Multitud,  se inici\u00f3 en enero pasado en esta misma ciudad del Nordeste con un homenaje a  Amaury Germ\u00e1n Aristy y los Palmeros, continu\u00f3 en Sabana de la Mar, el pasado 28 de marzo,  con una actividad sobre el Coronel Francisco Alberto Caama\u00f1o De\u00f1o, y ahora  regresa a la ciudad del Jaya. Pr\u00f3ximamente continuar\u00e1 en San Jos\u00e9 de Ocoa, el 9  de mayo, con una conferencia-homenaje sobre Orlando Mazarra\u00a0 y tambi\u00e9n en Monte Cristi con un homenaje a  Manolo Tavarez Justo en mayo pr\u00f3ximo. Se prev\u00e9n realizar actividades similares tambi\u00e9n  en Valverde Mao, La Vega,  Azua, La Romana,  Constanza, Santo Domingo y otras ciudades del pa\u00eds.<\/p>\n<p>&#13;<\/p>\n<p align=\"justify\" class=\"text1noticias\">Los j\u00f3venes de La Multitud convocan a todo  el pueblo de San Francisco de Macor\u00eds y por que no, del pa\u00eds, a darse cita en  este importante acto para reafirmar que <strong>\u201cAbril<\/strong>\u201d  SI tiene futuro, para que lo hagamos definitivamente nuestro. <\/p>\n<p>&#13;<\/p>\n<p align=\"justify\" class=\"text1noticias\">Mayor informaci\u00f3n  en http:\/\/lamultitud.es.tl\/ <\/p>\n<p>&#13;<\/p>\n<h6> 2008-04-11 20:21:30 <\/h6>\n<p><!--\n<link rel=\"stylesheet\" href=\"css\/bootstrap.min.css\">\n\n\n<ul class=\"pagination\">\n\t    \n\t\n\n<li >\n\t<a href='?page_no=22806'>Previous<\/a>\n\t<\/li>\n\n\n       \n    \n\n<li><a href='?page_no=1'>1<\/a><\/li>\n\n\n\n<li><a href='?page_no=2'>2<\/a><\/li>\n\n\n\n<li><a>...<\/a><\/li>\n\n\n\n<li><a href='?page_no=22805'>22805<\/a><\/li>\n\n\n\n<li><a href='?page_no=22806'>22806<\/a><\/li>\n\n\n\n<li class='active'><a>22807<\/a><\/li>\n\n\n\n<li><a href='?page_no=22808'>22808<\/a><\/li>\n\n\n\n<li><a href='?page_no=22809'>22809<\/a><\/li>\n\n\n\n<li><a>...<\/a><\/li>\n\n\n\n<li><a href='?page_no=22911'>22911<\/a><\/li>\n\n\n\n<li><a href='?page_no=22912'>22912<\/a><\/li>\n\n    \n\t\n\n<li >\n\t<a href='?page_no=22808'>Next<\/a>\n\t<\/li>\n\n\n    \n\n<li><a href='?page_no=22912'>Last &rsaquo;&rsaquo;<\/a><\/li>\n\n<\/ul>\n\n\n--><br \/>\n<\/body><\/p>\n","protected":false},"excerpt":{"rendered":"<p>Analizar\u00e1n la Revoluci\u00f3n de Abril en San Francisco de Macor\u00eds&#13; &#13; 11 de abril de 2008 &#13; Con la presencia de Fidelio Despradel, Narciso Isa Conde y Francis Caama\u00f1o hijo, se celebrar\u00e1 el pr\u00f3ximo mi\u00e9rcoles 23 de abril en San Francisco de Macor\u00eds, un panel y acto homenaje titulado \u00bbAbril por Siempre\u00bb, donde se discutir\u00e1 [&hellip;]<\/p>\n","protected":false},"author":3,"featured_media":0,"comment_status":"open","ping_status":"open","sticky":false,"template":"","format":"standard","meta":{"footnotes":""},"categories":[21],"tags":[],"class_list":["post-71129","post","type-post","status-publish","format-standard","hentry","category-cultura"],"_links":{"self":[{"href":"https:\/\/diariodominicano.com\/index.php?rest_route=\/wp\/v2\/posts\/71129","targetHints":{"allow":["GET"]}}],"collection":[{"href":"https:\/\/diariodominicano.com\/index.php?rest_route=\/wp\/v2\/posts"}],"about":[{"href":"https:\/\/diariodominicano.com\/index.php?rest_route=\/wp\/v2\/types\/post"}],"author":[{"embeddable":true,"href":"https:\/\/diariodominicano.com\/index.php?rest_route=\/wp\/v2\/users\/3"}],"replies":[{"embeddable":true,"href":"https:\/\/diariodominicano.com\/index.php?rest_route=%2Fwp%2Fv2%2Fcomments&post=71129"}],"version-history":[{"count":0,"href":"https:\/\/diariodominicano.com\/index.php?rest_route=\/wp\/v2\/posts\/71129\/revisions"}],"wp:attachment":[{"href":"https:\/\/diariodominicano.com\/index.php?rest_route=%2Fwp%2Fv2%2Fmedia&parent=71129"}],"wp:term":[{"taxonomy":"category","embeddable":true,"href":"https:\/\/diariodominicano.com\/index.php?rest_route=%2Fwp%2Fv2%2Fcategories&post=71129"},{"taxonomy":"post_tag","embeddable":true,"href":"https:\/\/diariodominicano.com\/index.php?rest_route=%2Fwp%2Fv2%2Ftags&post=71129"}],"curies":[{"name":"wp","href":"https:\/\/api.w.org\/{rel}","templated":true}]}}