{"id":71125,"date":"2008-04-16T20:44:47","date_gmt":"2008-04-16T20:44:47","guid":{"rendered":"http:\/\/diariodominicano.ddns.net\/?p=71125"},"modified":"2008-04-16T20:44:47","modified_gmt":"2008-04-16T20:44:47","slug":"en-el-mes-de-la-danza-cultura-presenta-decimo-sexto-festival-folklorico","status":"publish","type":"post","link":"https:\/\/diariodominicano.com\/?p=71125","title":{"rendered":"En el Mes de la Danza Cultura presenta D\u00e9cimo-sexto Festival Folkl\u00f3rico"},"content":{"rendered":"<p><body><\/p>\n<p align=\"center\"><strong>En el  Mes de la Danza<\/strong> <strong>Cultura  presenta<\/strong> <strong>D\u00e9cimo-sexto  Festival Folkl\u00f3rico<\/strong><\/p>\n<p>&#13;<\/p>\n<p align=\"justify\">\t<span class=\"text1noticias\"><strong><img loading=\"lazy\" decoding=\"async\" src=\"http:\/\/localhost:8080\/img\/balet.jpg\" width=\"375\" height=\"1296\" hspace=\"4\" align=\"left\" \/>Santo Domingo.-<\/strong> Como parte del programa de  actividades correspondientes al Mes de la Danza, la Secretar\u00eda de Estado de Cultura celebr\u00f3 el  \u201cD\u00e9cimo-sexto Festival Folkl\u00f3rico\u201d con la participaci\u00f3n de los principales  grupos folkl\u00f3ricos del pa\u00eds y con la especial dedicatoria a la profesora  Antonia Alc\u00e1ntara.<\/span><\/p>\n<p>&#13;<\/p>\n<p align=\"justify\" class=\"text1noticias\">Adem\u00e1s de Cultura, formaron  parte del Comit\u00e9 Organizador del encuentro del folklor, la Fundaci\u00f3n Sangre  Mulata y la Sociedad  de Proyecciones Folkl\u00f3ricas Dominicanas. <\/p>\n<p>&#13;<\/p>\n<p align=\"justify\" class=\"text1noticias\">Entre los grupos que  participaron en el referido festival estuvieron la Escuela Nacional  de Danza, Escuela Formaci\u00f3n Folklor, Universidad O&amp;M, Escuela Formaci\u00f3n  Folklor Fradique Lizaldo del Sistema de Escuelas de Bellas Artes; Universidad  Aut\u00f3noma de Santo Domingo y el Ballet Folkl\u00f3rico Ra\u00edces.<\/p>\n<p>&#13;<\/p>\n<p align=\"justify\" class=\"text1noticias\"> Asociaci\u00f3n Dominicana de Ayuda  Social, Ecol\u00f3gica y Cultural, Ballet Folkl\u00f3rico de la C\u00e1mara de Diputados, Ballet  Folkl\u00f3rico Conspiraci\u00f3n de Los Alcarrizos, Universidad de la Tercera Edad, la UNPHU y APEC.<\/p>\n<p>&#13;<\/p>\n<p align=\"justify\" class=\"text1noticias\">En la apertura del encuentro  folkl\u00f3rico realizado en la sala Manuel Ruedas del edificio Escuelas de Bellas  Artes, los se\u00f1ores V\u00edctor Ram\u00edrez,  Director Nacional de Danza y Francisco Medina, miembro del Comit\u00e9 Organizador  del festival entregaron un pergamino de reconocimiento a la profesora Antonia  Alc\u00e1ntara por su \u00e1rdua labor en pro del folklor nacional.<\/p>\n<p>&#13;<\/p>\n<p align=\"justify\" class=\"text1noticias\">A seguidas, a ritmo de una  contagiosa mangulina uno de los grupos dirigido por la profesora Maritza Reyes  le dio apertura al desfile de grupos folkl\u00f3ricos.<\/p>\n<p>&#13;<\/p>\n<p align=\"justify\" class=\"text1noticias\">Otros ritmos que fueron  exhibidos son los palos o atabales, los congos, carabin\u00e9, merengue, gera pega,  la yuca, bamboula, zapateo, mascarade, ga-ga, danza afro, machaco, pri-pri,  chenche matriculado y sarandunga.<\/p>\n<p>&#13;<\/p>\n<p align=\"justify\" class=\"text1noticias\">Formaron parte colaboradora  las entidades\u00a0 Pasos Academia de Baile y  el Museo del Hombre Dominicano. \u00a0\u00a0<br \/>&#13;<br \/>\n  \u00a0<br \/>&#13;<br \/>\n  V\u00edctor Ram\u00edrez, Director  Nacional de Danza y Francisco Medina, miembro del Comit\u00e9 Organizador entregaron  un pergamino de reconocimiento a la profesora Antonia Alc\u00e1ntara.<\/p>\n<p>&#13;<\/p>\n<h6> 2008-04-16 20:44:47 <\/h6>\n<p><!--\n<link rel=\"stylesheet\" href=\"css\/bootstrap.min.css\">\n\n\n<ul class=\"pagination\">\n\t    \n\t\n\n<li >\n\t<a href='?page_no=22802'>Previous<\/a>\n\t<\/li>\n\n\n       \n    \n\n<li><a href='?page_no=1'>1<\/a><\/li>\n\n\n\n<li><a href='?page_no=2'>2<\/a><\/li>\n\n\n\n<li><a>...<\/a><\/li>\n\n\n\n<li><a href='?page_no=22801'>22801<\/a><\/li>\n\n\n\n<li><a href='?page_no=22802'>22802<\/a><\/li>\n\n\n\n<li class='active'><a>22803<\/a><\/li>\n\n\n\n<li><a href='?page_no=22804'>22804<\/a><\/li>\n\n\n\n<li><a href='?page_no=22805'>22805<\/a><\/li>\n\n\n\n<li><a>...<\/a><\/li>\n\n\n\n<li><a href='?page_no=22911'>22911<\/a><\/li>\n\n\n\n<li><a href='?page_no=22912'>22912<\/a><\/li>\n\n    \n\t\n\n<li >\n\t<a href='?page_no=22804'>Next<\/a>\n\t<\/li>\n\n\n    \n\n<li><a href='?page_no=22912'>Last &rsaquo;&rsaquo;<\/a><\/li>\n\n<\/ul>\n\n\n--><br \/>\n<\/body><\/p>\n","protected":false},"excerpt":{"rendered":"<p>En el Mes de la Danza Cultura presenta D\u00e9cimo-sexto Festival Folkl\u00f3rico &#13; Santo Domingo.- Como parte del programa de actividades correspondientes al Mes de la Danza, la Secretar\u00eda de Estado de Cultura celebr\u00f3 el \u201cD\u00e9cimo-sexto Festival Folkl\u00f3rico\u201d con la participaci\u00f3n de los principales grupos folkl\u00f3ricos del pa\u00eds y con la especial dedicatoria a la profesora [&hellip;]<\/p>\n","protected":false},"author":3,"featured_media":0,"comment_status":"open","ping_status":"open","sticky":false,"template":"","format":"standard","meta":{"footnotes":""},"categories":[21],"tags":[],"class_list":["post-71125","post","type-post","status-publish","format-standard","hentry","category-cultura"],"_links":{"self":[{"href":"https:\/\/diariodominicano.com\/index.php?rest_route=\/wp\/v2\/posts\/71125","targetHints":{"allow":["GET"]}}],"collection":[{"href":"https:\/\/diariodominicano.com\/index.php?rest_route=\/wp\/v2\/posts"}],"about":[{"href":"https:\/\/diariodominicano.com\/index.php?rest_route=\/wp\/v2\/types\/post"}],"author":[{"embeddable":true,"href":"https:\/\/diariodominicano.com\/index.php?rest_route=\/wp\/v2\/users\/3"}],"replies":[{"embeddable":true,"href":"https:\/\/diariodominicano.com\/index.php?rest_route=%2Fwp%2Fv2%2Fcomments&post=71125"}],"version-history":[{"count":0,"href":"https:\/\/diariodominicano.com\/index.php?rest_route=\/wp\/v2\/posts\/71125\/revisions"}],"wp:attachment":[{"href":"https:\/\/diariodominicano.com\/index.php?rest_route=%2Fwp%2Fv2%2Fmedia&parent=71125"}],"wp:term":[{"taxonomy":"category","embeddable":true,"href":"https:\/\/diariodominicano.com\/index.php?rest_route=%2Fwp%2Fv2%2Fcategories&post=71125"},{"taxonomy":"post_tag","embeddable":true,"href":"https:\/\/diariodominicano.com\/index.php?rest_route=%2Fwp%2Fv2%2Ftags&post=71125"}],"curies":[{"name":"wp","href":"https:\/\/api.w.org\/{rel}","templated":true}]}}