{"id":71123,"date":"2008-04-18T20:09:30","date_gmt":"2008-04-18T20:09:30","guid":{"rendered":"http:\/\/diariodominicano.ddns.net\/?p=71123"},"modified":"2008-04-18T20:09:30","modified_gmt":"2008-04-18T20:09:30","slug":"feria-del-libro-y-museo-de-arte-moderno-presentan-dos-grandes-muestras","status":"publish","type":"post","link":"https:\/\/diariodominicano.com\/?p=71123","title":{"rendered":"Feria del Libro y Museo de Arte Moderno presentan dos grandes muestras"},"content":{"rendered":"<p><body><\/p>\n<p align=\"center\" class=\"titulogrande1\">Feria del Libro y Museo de Arte  Moderno presentan dos grandes muestras<\/p>\n<p>&#13;<\/p>\n<p align=\"justify\" class=\"text1noticias\">\u201cHitos  Contempor\u00e1neos: Premios Bienales Nacionales\u201d y \u201cCaribe Synthesis\u201d forman parte  de la interesante programaci\u00f3n de la versi\u00f3n XI de la fiesta del Libro<\/p>\n<p>&#13;<\/p>\n<p align=\"justify\" class=\"text1noticias\"><strong><img loading=\"lazy\" decoding=\"async\" src=\"http:\/\/localhost:8080\/img\/arte.jpg\" width=\"375\" height=\"1722\" hspace=\"4\" align=\"left\" \/>SANTO DOMINGO.-<\/strong> La Secretar\u00eda de Estado de Cultura, el Museo de Arte  Moderno y la Direcci\u00f3n  de la Feria del  Libro presentar\u00e1n este pr\u00f3ximo mi\u00e9rcoles 23 de abril a las 7:00 de la noche, dos  grande muestra de artistas caribe\u00f1os, logrando as\u00ed reunir en un mismo espacio  la lectura y el arte.<\/p>\n<p>&#13;<\/p>\n<p align=\"justify\" class=\"text1noticias\">Ambas colectivas ser\u00e1n inauguradas el mismo d\u00eda en el  segundo nivel del Museo de Arte Moderno, y contar\u00e1 con la presencia de artistas  participantes de ambas exposiciones, logrando exhibir las diversas \u00a0manifestaciones de arte caribe\u00f1o contempor\u00e1neo  que conforman la colecci\u00f3n permanente. La dos muestra estar\u00e1n abierta al  p\u00fablico hasta el mes de junio. <\/p>\n<p>&#13;<\/p>\n<p align=\"justify\" class=\"text1noticias\"> De Caribe Synthesis, la directora de la instituci\u00f3n  coordinadora junto a los organizadores de la Feria, afirma que es una \u00a0exposici\u00f3n colectiva de creadores caribe\u00f1os, \u00a0cuyas obras pertenecen a la colecci\u00f3n del MAM y  que han sido donadas por artistas que han participado en diferentes ediciones  de la Bienal  del Caribe. \u00a0<\/p>\n<p>&#13;<\/p>\n<p align=\"justify\" class=\"text1noticias\">La Bienal del Caribe por su\u00a0 car\u00e1cter y  proyecci\u00f3n internacional, es que permite cada dos a\u00f1os reunir, conocer,  comparar, confrontar, evaluar y disfrutar de las\u00a0 artes pl\u00e1sticas de la regi\u00f3n. Este evento  internacional fue inaugurado por primera vez el 11 de octubre de 1992 y tiene  su origen en un proyecto esbozado, en 1979, con un primer documento emitido por  la organizaci\u00f3n multilateral econ\u00f3mica Caribbean Community (CARICOM), el  entonces Presidente de la   Rep\u00fablica, Doctor Joaqu\u00edn Balaguer, oficializ\u00f3 esta  iniciativa con el Decreto No. 171-91, del 29 de abril de 1992.\u00a0\u00a0 <\/p>\n<p>&#13;<\/p>\n<p align=\"justify\" class=\"text1noticias\">Entre los artistas participantes est\u00e1n: Olivier Bertoni.  Hait\u00ed. Pinturas. Caryana Castillo. Rep\u00fablica Dominicana. <br \/>&#13;<br \/>\n  <br \/>&#13;<br \/>\nVideo Instalaci\u00f3n.  Sayury Guzm\u00e1m. Rep\u00fablica Dominicana. Performance. Hadaphay. Martinica.  Pinturas. Jos\u00e9 Pi\u00f3n. Rep\u00fablica Dominicana. Performance. Geo Ripley. Rep\u00fablica  Dominicana. Instalaci\u00f3n. Nicole Taboada. <br \/>&#13;<br \/>\n<br \/>&#13;<br \/>\nColombia. Pintura. F\u00e9lix Bonilla.  Puerto Rico. Pintura Sacha Tebeau. Hait\u00ed. Pintura. Di\u00f3genes Ballester. Puerto  Rico. Pintura. Tirzo Mata. Video. Curazao, entre otros.<\/p>\n<p>&#13;<\/p>\n<p align=\"justify\" class=\"text1noticias\">Sin embargo, al referirse a la colectiva \u201cHitos  Contempor\u00e1neos: Premios Bienales Nacionales\u201d, Ditren aclara que es una selecci\u00f3n de obras que han sido  premiadas en Bienales Nacionales, conformada por un conjunto de obras que  comprende varias categor\u00edas, entre ellas pintura, instalaciones, esculturas,  dibujos y performance. <br \/>&#13;<br \/>\n  <br \/>&#13;<br \/>\n Forman parte de la muestra artistas de la talla de  Genaro Reyes, Carlos Santos, Juan Mayi, Mayra Johnson, entre otros. <\/p>\n<p>&#13;<\/p>\n<p align=\"justify\" class=\"text1noticias\">Resalta que el origen de la Bienal dominicana se  remonta a 1940 con la celebraci\u00f3n en el Palacio Nacional de la Exposici\u00f3n de Bellas  Artes con motivo de la   II Conferencia Interamericana del Caribe. En esta exposici\u00f3n  se exhibieron 140 obras, entre esculturas, pinturas, dibujos y caricaturas y  participaron 13 artistas de diferentes nacionalidades, muchos de ellos eran  espa\u00f1oles en el exilio. <\/p>\n<p>&#13;<\/p>\n<p align=\"justify\" class=\"text1noticias\">\u201cPara 1942\u00a0 se celebr\u00f3 la Primera Exposici\u00f3n  Bienal de Artes Pl\u00e1sticas en el pa\u00eds, la m\u00e1s antigua de Am\u00e9rica.\u00a0 En la Segunda Exposici\u00f3n  Bienal de Artes Pl\u00e1sticas se inicia la tradici\u00f3n de seleccionar y premiar a los  mejores. <br \/>&#13;<br \/>\n  <br \/>&#13;<br \/>\nDebido sobre todo a la inestabilidad pol\u00edtica de la dictadura de  Rafael Leonidas Trujillo, la   Bienal se descontinu\u00f3 por algunos a\u00f1os. Sin embargo,\u00a0 con el transcurso del tiempo, este evento sigue sirviendo de  proyecci\u00f3n y consagraci\u00f3n de las artes pl\u00e1sticas dominicana\u201d, manifiesta  entusiasmada Ditren.\u00a0\u00a0 <\/p>\n<p>&#13;<\/p>\n<h6> 2008-04-18 20:09:30 <\/h6>\n<p><!--\n<link rel=\"stylesheet\" href=\"css\/bootstrap.min.css\">\n\n\n<ul class=\"pagination\">\n\t    \n\t\n\n<li >\n\t<a href='?page_no=22800'>Previous<\/a>\n\t<\/li>\n\n\n       \n    \n\n<li><a href='?page_no=1'>1<\/a><\/li>\n\n\n\n<li><a href='?page_no=2'>2<\/a><\/li>\n\n\n\n<li><a>...<\/a><\/li>\n\n\n\n<li><a href='?page_no=22799'>22799<\/a><\/li>\n\n\n\n<li><a href='?page_no=22800'>22800<\/a><\/li>\n\n\n\n<li class='active'><a>22801<\/a><\/li>\n\n\n\n<li><a href='?page_no=22802'>22802<\/a><\/li>\n\n\n\n<li><a href='?page_no=22803'>22803<\/a><\/li>\n\n\n\n<li><a>...<\/a><\/li>\n\n\n\n<li><a href='?page_no=22911'>22911<\/a><\/li>\n\n\n\n<li><a href='?page_no=22912'>22912<\/a><\/li>\n\n    \n\t\n\n<li >\n\t<a href='?page_no=22802'>Next<\/a>\n\t<\/li>\n\n\n    \n\n<li><a href='?page_no=22912'>Last &rsaquo;&rsaquo;<\/a><\/li>\n\n<\/ul>\n\n\n--><br \/>\n<\/body><\/p>\n","protected":false},"excerpt":{"rendered":"<p>Feria del Libro y Museo de Arte Moderno presentan dos grandes muestras &#13; \u201cHitos Contempor\u00e1neos: Premios Bienales Nacionales\u201d y \u201cCaribe Synthesis\u201d forman parte de la interesante programaci\u00f3n de la versi\u00f3n XI de la fiesta del Libro &#13; SANTO DOMINGO.- La Secretar\u00eda de Estado de Cultura, el Museo de Arte Moderno y la Direcci\u00f3n de la [&hellip;]<\/p>\n","protected":false},"author":3,"featured_media":0,"comment_status":"open","ping_status":"open","sticky":false,"template":"","format":"standard","meta":{"footnotes":""},"categories":[21],"tags":[],"class_list":["post-71123","post","type-post","status-publish","format-standard","hentry","category-cultura"],"_links":{"self":[{"href":"https:\/\/diariodominicano.com\/index.php?rest_route=\/wp\/v2\/posts\/71123","targetHints":{"allow":["GET"]}}],"collection":[{"href":"https:\/\/diariodominicano.com\/index.php?rest_route=\/wp\/v2\/posts"}],"about":[{"href":"https:\/\/diariodominicano.com\/index.php?rest_route=\/wp\/v2\/types\/post"}],"author":[{"embeddable":true,"href":"https:\/\/diariodominicano.com\/index.php?rest_route=\/wp\/v2\/users\/3"}],"replies":[{"embeddable":true,"href":"https:\/\/diariodominicano.com\/index.php?rest_route=%2Fwp%2Fv2%2Fcomments&post=71123"}],"version-history":[{"count":0,"href":"https:\/\/diariodominicano.com\/index.php?rest_route=\/wp\/v2\/posts\/71123\/revisions"}],"wp:attachment":[{"href":"https:\/\/diariodominicano.com\/index.php?rest_route=%2Fwp%2Fv2%2Fmedia&parent=71123"}],"wp:term":[{"taxonomy":"category","embeddable":true,"href":"https:\/\/diariodominicano.com\/index.php?rest_route=%2Fwp%2Fv2%2Fcategories&post=71123"},{"taxonomy":"post_tag","embeddable":true,"href":"https:\/\/diariodominicano.com\/index.php?rest_route=%2Fwp%2Fv2%2Ftags&post=71123"}],"curies":[{"name":"wp","href":"https:\/\/api.w.org\/{rel}","templated":true}]}}