{"id":71122,"date":"2008-04-18T22:50:47","date_gmt":"2008-04-18T22:50:47","guid":{"rendered":"http:\/\/diariodominicano.ddns.net\/?p=71122"},"modified":"2008-04-18T22:50:47","modified_gmt":"2008-04-18T22:50:47","slug":"gala-de-nuevos-talentos-de-la-danza-mas-que-un-desfile-artistico-una-muestra-de-alto-nivel-en-el-area","status":"publish","type":"post","link":"https:\/\/diariodominicano.com\/?p=71122","title":{"rendered":"Gala de Nuevos Talentos de la Danza; M\u00e1s que un desfile art\u00edstico, una muestra de alto nivel en el \u00e1rea"},"content":{"rendered":"<p><body><\/p>\n<p align=\"justify\" class=\"titulogrande1\"><strong class=\"titulogrande1\">Gala  de Nuevos Talentos de la Danza<\/strong>; <strong>M\u00e1s  que un desfile art\u00edstico, una muestra de alto nivel en el \u00e1rea<\/strong><\/p>\n<p>&#13;<\/p>\n<p align=\"justify\" class=\"text1noticias\"><strong><img loading=\"lazy\" decoding=\"async\" src=\"http:\/\/localhost:8080\/img\/danza pic.jpg\" width=\"375\" height=\"1272\" hspace=\"4\" align=\"left\" \/>Santo Domingo.-<\/strong> De repente se abre el tel\u00f3n y  una figura de fresca juventud \u00a0impresiona  al p\u00fablico presente con piezas como La Muerte del Cisne, interpretada por Stephany Marte  que demuestra con delicadeza y firmes pasos toda su proeza ante el escenario.  Con el montaje de Ninoska Vel\u00e1squez. <br \/>&#13;<br \/>\n  <br \/>&#13;<br \/>\nToda esta muestra de talento en j\u00f3venes  bailarines confirma el desarrollo progresivo en el \u00e1rea de la danza en el pa\u00eds.<\/p>\n<p>&#13;<\/p>\n<p align=\"justify\" class=\"text1noticias\">En tal sentido, la Direcci\u00f3n Nacional  de Danza de la Secretar\u00eda  de Estado de Cultura present\u00f3 durante el Mes de la Danza, el espect\u00e1culo \u201cLa Gala de los Nuevos Talentos\u201d,  en la sala Manuel Rueda del edificio Escuelas de Bellas Artes. <\/p>\n<p>&#13;<\/p>\n<p align=\"justify\" class=\"text1noticias\"> Otras piezas presentadas por  los j\u00f3venes en la gala fue la de Olga Lisettie Campos que interpret\u00f3 \u201cEsmeralda\u201d  del compositor Cesare Pugni y el montaje de Ninoska Vel\u00e1squez\u00a0 y en el ese mismo orden le sigue Manuela  N\u00fa\u00f1ez con el tan conocido Don Quijote de Minkus y el montaje de Vel\u00e1squez.<\/p>\n<p>&#13;<\/p>\n<p align=\"justify\" class=\"text1noticias\">En tanto, que la pieza Cisne  Negro de Tchaiskousky form\u00f3 adem\u00e1s parte de los montajes de Vel\u00e1squez. <br \/>&#13;<br \/>\n  <br \/>&#13;<br \/>\nAsimismo, que la Escuela  de Ballet Fanny Eisslier present\u00f3 Variaci\u00f3n Aurora Tercer Acto de la Bella Durmiente, interpretada  por Arabella Mari\u00f1ez\u00a0 y coreograf\u00eda de  Ileana Balmori sobre la original y composici\u00f3n Tchaiskousky.<\/p>\n<p>&#13;<\/p>\n<p align=\"justify\" class=\"text1noticias\">El Ballet Contempora de  Santiago exhibi\u00f3 la pieza Variaci\u00f3n femenina de Tchaikobsky Pas de Deux,  interpretado por Lina Paola Genao, con la core\u00f3graf\u00eda de George Balanchine y el  montaje de Alfa Rodr\u00edguez.<\/p>\n<p>&#13;<\/p>\n<p align=\"justify\" class=\"text1noticias\">Tambi\u00e9n, la Academia de Ballet Los  Prados present\u00f3 la  coreograf\u00eda de Agripina Vaganova, la pieza Variaci\u00f3n del Pas de Deux Diana y  Acte\u00f3n, con el montaje de Pastora Delgado.<\/p>\n<p>&#13;<\/p>\n<p align=\"justify\" class=\"text1noticias\">Otra pieza montada fue la del  Festival de Las Flores en Genzano del grupo Ballet Studio, con la coreograf\u00eda  de August Bourmonville, interpretada por Daniela Azar y Maikel Acosta del  Primer Ballet Cl\u00e1sico Nacional Dominicano y el montaje de Doris Infante. Adem\u00e1s,  Llamas de Paris del Ballet Contempora de Santiago, con la coreograf\u00eda de Vasily  Vainonen, interpretado por Mariel M\u00e9ndez y el montaje de Alfa Rodr\u00edguez.<\/p>\n<p>&#13;<\/p>\n<p align=\"justify\" class=\"text1noticias\">Otros montajes presentados durante la Gala de los Nuevos Talento de  la Danza fueron  \u201cTrencistas del Ballet Baile de Graduados\u201d del Ballet Contempora de Santiago,  con la coreograf\u00eda de David Lichine, interpretado por Carolina Tav\u00e1rez. Variaci\u00f3n  Kitri III Acto-Ballet Concierto, interpretado por Lisette Justo, coreograf\u00eda de  Ivanov y Petisa, con el montaje de Silvia Crespo.<\/p>\n<p>&#13;<\/p>\n<p align=\"justify\" class=\"text1noticias\">Tambi\u00e9n, \u201cCarmen\u201d del Ballet-Teatro  Dominicano, interpretada por Natalie Taveras y la coreograf\u00eda Carla Fauchard.  En tanto que la pieza \u201cSentarse\u201d de Andanza fue interpretada por Islandy Alonso  y la coreograf\u00eda de Tatiana Mej\u00eda. Adem\u00e1s, \u201cLa Muerte del Cisne\u201d,  interpretado por Melissa Rivera y el montaje de Norma Garc\u00eda; \u201cEsmeralda\u201d del  Ballet Concierto, interpretada por Esmeralda Columna y el montaje de Carlos  Veit\u00eda, sobre el original.<br \/>&#13;<br \/>\n  <br \/> &#13;<br \/>\n\u201cOdalisca\u201d del Ballet El Corsario, interpretado por  Dulce Len\u00eda Suriel y el montaje de Alfa Rodr\u00edguez.<\/p>\n<p>&#13;<\/p>\n<p align=\"justify\" class=\"text1noticias\">Adem\u00e1s, \u201cLa    Fille Mal Gardee\u201d (Pas de Deux completo)  interpretado por Yeira Genao y Juan Capell\u00e1n con el montaje de Alfa Rodr\u00edguez;  \u201cFestival de las Flores en Genzano\u201d del Ballet Cl\u00e1sico Alina Abreu con la  interpretaci\u00f3n de Carmen Rodr\u00edguez; \u201cLa Esmeralda\u201d del Ballet Cl\u00e1sico Alina Abreu y por  \u00faltimo Tchaikopvsky Pas Deux del Ballet Cl\u00e1sico Alina Abreu con la  interpretaci\u00f3n de Laura Isabel Fern\u00e1ndez.<\/p>\n<p>&#13;<\/p>\n<h6> 2008-04-18 22:50:47 <\/h6>\n<p><!--\n<link rel=\"stylesheet\" href=\"css\/bootstrap.min.css\">\n\n\n<ul class=\"pagination\">\n\t    \n\t\n\n<li >\n\t<a href='?page_no=22799'>Previous<\/a>\n\t<\/li>\n\n\n       \n    \n\n<li><a href='?page_no=1'>1<\/a><\/li>\n\n\n\n<li><a href='?page_no=2'>2<\/a><\/li>\n\n\n\n<li><a>...<\/a><\/li>\n\n\n\n<li><a href='?page_no=22798'>22798<\/a><\/li>\n\n\n\n<li><a href='?page_no=22799'>22799<\/a><\/li>\n\n\n\n<li class='active'><a>22800<\/a><\/li>\n\n\n\n<li><a href='?page_no=22801'>22801<\/a><\/li>\n\n\n\n<li><a href='?page_no=22802'>22802<\/a><\/li>\n\n\n\n<li><a>...<\/a><\/li>\n\n\n\n<li><a href='?page_no=22911'>22911<\/a><\/li>\n\n\n\n<li><a href='?page_no=22912'>22912<\/a><\/li>\n\n    \n\t\n\n<li >\n\t<a href='?page_no=22801'>Next<\/a>\n\t<\/li>\n\n\n    \n\n<li><a href='?page_no=22912'>Last &rsaquo;&rsaquo;<\/a><\/li>\n\n<\/ul>\n\n\n--><br \/>\n<\/body><\/p>\n","protected":false},"excerpt":{"rendered":"<p>Gala de Nuevos Talentos de la Danza; M\u00e1s que un desfile art\u00edstico, una muestra de alto nivel en el \u00e1rea &#13; Santo Domingo.- De repente se abre el tel\u00f3n y una figura de fresca juventud \u00a0impresiona al p\u00fablico presente con piezas como La Muerte del Cisne, interpretada por Stephany Marte que demuestra con delicadeza y [&hellip;]<\/p>\n","protected":false},"author":3,"featured_media":0,"comment_status":"open","ping_status":"open","sticky":false,"template":"","format":"standard","meta":{"footnotes":""},"categories":[21],"tags":[],"class_list":["post-71122","post","type-post","status-publish","format-standard","hentry","category-cultura"],"_links":{"self":[{"href":"https:\/\/diariodominicano.com\/index.php?rest_route=\/wp\/v2\/posts\/71122","targetHints":{"allow":["GET"]}}],"collection":[{"href":"https:\/\/diariodominicano.com\/index.php?rest_route=\/wp\/v2\/posts"}],"about":[{"href":"https:\/\/diariodominicano.com\/index.php?rest_route=\/wp\/v2\/types\/post"}],"author":[{"embeddable":true,"href":"https:\/\/diariodominicano.com\/index.php?rest_route=\/wp\/v2\/users\/3"}],"replies":[{"embeddable":true,"href":"https:\/\/diariodominicano.com\/index.php?rest_route=%2Fwp%2Fv2%2Fcomments&post=71122"}],"version-history":[{"count":0,"href":"https:\/\/diariodominicano.com\/index.php?rest_route=\/wp\/v2\/posts\/71122\/revisions"}],"wp:attachment":[{"href":"https:\/\/diariodominicano.com\/index.php?rest_route=%2Fwp%2Fv2%2Fmedia&parent=71122"}],"wp:term":[{"taxonomy":"category","embeddable":true,"href":"https:\/\/diariodominicano.com\/index.php?rest_route=%2Fwp%2Fv2%2Fcategories&post=71122"},{"taxonomy":"post_tag","embeddable":true,"href":"https:\/\/diariodominicano.com\/index.php?rest_route=%2Fwp%2Fv2%2Ftags&post=71122"}],"curies":[{"name":"wp","href":"https:\/\/api.w.org\/{rel}","templated":true}]}}