{"id":71121,"date":"2008-04-20T20:13:48","date_gmt":"2008-04-20T20:13:48","guid":{"rendered":"http:\/\/diariodominicano.ddns.net\/?p=71121"},"modified":"2008-04-20T20:13:48","modified_gmt":"2008-04-20T20:13:48","slug":"saramago-revela-que-publicara-un-nuevo-libro","status":"publish","type":"post","link":"https:\/\/diariodominicano.com\/?p=71121","title":{"rendered":"Saramago revela que publicar\u00e1 un nuevo libro"},"content":{"rendered":"<p><body><\/p>\n<p align=\"justify\"><span class=\"titulogrande1\">Saramago revela que publicar\u00e1 un nuevo libro<\/span><br \/>&#13;<br \/>\n  <br \/>&#13;<br \/>\n    <span class=\"text1noticias\">El escritor portugu\u00e9s afirm\u00f3 que su nuevo trabajo se llamar\u00e1  &#8216;El viaje de un elefante&#8217;.<\/span><\/p>\n<p>&#13;<\/p>\n<p align=\"justify\" class=\"text1noticias\"><img loading=\"lazy\" decoding=\"async\" src=\"http:\/\/localhost:8080\/img\/saramago.jpg\" width=\"375\" height=\"270\" hspace=\"4\" align=\"left\" \/>El escritor portugu\u00e9s <strong>Jos\u00e9 Saramago<\/strong>, premio Nobel de  Literatura 1998, anunci\u00f3 que prepara una nueva novela, la que llevar\u00e1 por  t\u00edtulo <strong>&#8216;El viaje de un elefante&#8217;<\/strong>.<br \/>&#13;<br \/>\n  <br \/>&#13;<br \/>\n\u00abEl libro no est\u00e1 muy avanzado. Est\u00e1 a la mitad. <br \/>&#13;<br \/>\n<br \/>&#13;<br \/>\nEspero terminarlo este  verano y publicarlo en oto\u00f1o\u00bb, afirm\u00f3 el autor de &#8216;La Caverna&#8217;, sin dar  m\u00e1s detalles sobre el argumento de su nuevo libro.<br \/>&#13;<br \/>\n<br \/>&#13;<br \/>\nEl escritor de 85 a\u00f1os, que vive al sur de la isla de Lanzarote, fue  hospitalizado a finales del pasado a\u00f1o como consecuencia de una insuficiencia  respiratoria.<br \/>&#13;<br \/>\n<br \/>&#13;<br \/>\nEl autor de &#8216;La Caverna&#8217;, &#8216;El evangelio seg\u00fan Jesucristo&#8217; y &#8216;Ensayo sobre la  ceguera&#8217;, entre otros mucho t\u00edtulos, reside en la isla canaria desde 1953 con  su esposa, la periodista Pilar del R\u00edo.<br \/>&#13;<br \/>\n<br \/>&#13;<br \/>\nSaramago acudi\u00f3 el pasado mi\u00e9rcoles a Lisboa, para inaugurar una exposici\u00f3n  consagrada a su figura, titulada &#8216;Jos\u00e9 Saramago, la conciencia de los sue\u00f1os&#8217;<br \/>&#13;<br \/>\n<br \/>&#13;<br \/>\n  <em>AFP<\/em><\/p>\n<p>&#13;<\/p>\n<h6> 2008-04-20 20:13:48 <\/h6>\n<p><!--\n<link rel=\"stylesheet\" href=\"css\/bootstrap.min.css\">\n\n\n<ul class=\"pagination\">\n\t    \n\t\n\n<li >\n\t<a href='?page_no=22798'>Previous<\/a>\n\t<\/li>\n\n\n       \n    \n\n<li><a href='?page_no=1'>1<\/a><\/li>\n\n\n\n<li><a href='?page_no=2'>2<\/a><\/li>\n\n\n\n<li><a>...<\/a><\/li>\n\n\n\n<li><a href='?page_no=22797'>22797<\/a><\/li>\n\n\n\n<li><a href='?page_no=22798'>22798<\/a><\/li>\n\n\n\n<li class='active'><a>22799<\/a><\/li>\n\n\n\n<li><a href='?page_no=22800'>22800<\/a><\/li>\n\n\n\n<li><a href='?page_no=22801'>22801<\/a><\/li>\n\n\n\n<li><a>...<\/a><\/li>\n\n\n\n<li><a href='?page_no=22911'>22911<\/a><\/li>\n\n\n\n<li><a href='?page_no=22912'>22912<\/a><\/li>\n\n    \n\t\n\n<li >\n\t<a href='?page_no=22800'>Next<\/a>\n\t<\/li>\n\n\n    \n\n<li><a href='?page_no=22912'>Last &rsaquo;&rsaquo;<\/a><\/li>\n\n<\/ul>\n\n\n--><br \/>\n<\/body><\/p>\n","protected":false},"excerpt":{"rendered":"<p>Saramago revela que publicar\u00e1 un nuevo libro&#13; &#13; El escritor portugu\u00e9s afirm\u00f3 que su nuevo trabajo se llamar\u00e1 &#8216;El viaje de un elefante&#8217;. &#13; El escritor portugu\u00e9s Jos\u00e9 Saramago, premio Nobel de Literatura 1998, anunci\u00f3 que prepara una nueva novela, la que llevar\u00e1 por t\u00edtulo &#8216;El viaje de un elefante&#8217;.&#13; &#13; \u00abEl libro no est\u00e1 [&hellip;]<\/p>\n","protected":false},"author":3,"featured_media":0,"comment_status":"open","ping_status":"open","sticky":false,"template":"","format":"standard","meta":{"footnotes":""},"categories":[21],"tags":[],"class_list":["post-71121","post","type-post","status-publish","format-standard","hentry","category-cultura"],"_links":{"self":[{"href":"https:\/\/diariodominicano.com\/index.php?rest_route=\/wp\/v2\/posts\/71121","targetHints":{"allow":["GET"]}}],"collection":[{"href":"https:\/\/diariodominicano.com\/index.php?rest_route=\/wp\/v2\/posts"}],"about":[{"href":"https:\/\/diariodominicano.com\/index.php?rest_route=\/wp\/v2\/types\/post"}],"author":[{"embeddable":true,"href":"https:\/\/diariodominicano.com\/index.php?rest_route=\/wp\/v2\/users\/3"}],"replies":[{"embeddable":true,"href":"https:\/\/diariodominicano.com\/index.php?rest_route=%2Fwp%2Fv2%2Fcomments&post=71121"}],"version-history":[{"count":0,"href":"https:\/\/diariodominicano.com\/index.php?rest_route=\/wp\/v2\/posts\/71121\/revisions"}],"wp:attachment":[{"href":"https:\/\/diariodominicano.com\/index.php?rest_route=%2Fwp%2Fv2%2Fmedia&parent=71121"}],"wp:term":[{"taxonomy":"category","embeddable":true,"href":"https:\/\/diariodominicano.com\/index.php?rest_route=%2Fwp%2Fv2%2Fcategories&post=71121"},{"taxonomy":"post_tag","embeddable":true,"href":"https:\/\/diariodominicano.com\/index.php?rest_route=%2Fwp%2Fv2%2Ftags&post=71121"}],"curies":[{"name":"wp","href":"https:\/\/api.w.org\/{rel}","templated":true}]}}