{"id":71120,"date":"2008-04-20T20:16:54","date_gmt":"2008-04-20T20:16:54","guid":{"rendered":"http:\/\/diariodominicano.ddns.net\/?p=71120"},"modified":"2008-04-20T20:16:54","modified_gmt":"2008-04-20T20:16:54","slug":"centro-cultural-palacio-la-moneda-anuncia-semana-de-musica-y-danza","status":"publish","type":"post","link":"https:\/\/diariodominicano.com\/?p=71120","title":{"rendered":"Centro Cultural Palacio La Moneda anuncia semana de m\u00fasica y danza"},"content":{"rendered":"<p><body><\/p>\n<p align=\"justify\"><strong class=\"titulogrande1\">Centro Cultural Palacio La  Moneda anuncia semana de m\u00fasica y danza <\/strong><br \/>&#13;<br \/>\n  <br \/>&#13;<br \/>\n    <span class=\"text1noticias\">Las actividades se realizar\u00e1n entre el martes y el pr\u00f3ximo s\u00e1bado. <\/span><\/p>\n<p>&#13;<\/p>\n<p align=\"justify\" class=\"text1noticias\"><img loading=\"lazy\" decoding=\"async\" src=\"http:\/\/localhost:8080\/img\/palacio moneda.jpg\" width=\"375\" height=\"278\" hspace=\"4\" align=\"left\" \/>Una semana cargada de actividades ha preparado el <strong>Centro Cultural  Palacio La Moneda<\/strong> (Ccplm), para que los aficionados a la m\u00fasica y la  danza disfruten con conciertos y presentaciones especiales.<br \/>&#13;<br \/>\n  <br \/>&#13;<br \/>\n  Inicialmente, este martes 22, a las 15:30 horas, se ofrecer\u00e1 con entrada  liberada el concierto educacional De Am\u00e9rica a Europa, de la orquesta cl\u00e1sica  de la Universidad de Santiago, en el hall principal del recinto. El concierto,  bajo la direcci\u00f3n del Maestro Guillermo Rifo, estar\u00e1 compuesto por obras de  Rifo, de Jaime Cofr\u00e9 y de Franz Joseph Haydn.<br \/>&#13;<br \/>\n  <br \/>&#13;<br \/>\n  Para el jueves 24, diversas escuelas de danza celebrar\u00e1n el D\u00eda  Internacional de esta disciplina art\u00ecstica, en una presentaci\u00f3n al mediod\u00eda,  tambi\u00e9n en el Hall Principal,. en que participar\u00e1n diversas escuelas, tales  como el cuerpo estable de la Corporaci\u00f3n Cultural Balmaceda 1215; de las  universidades de Chile, Arcis, Humanismo Cristiano, Las Am\u00e9ricas, Bolivariana y  del centro de formaci\u00f3n t\u00e9cnica del profesor Valero.<br \/>&#13;<br \/>\n  <br \/>&#13;<br \/>\n  Por \u00faltimo, al mediod\u00eda del s\u00e1bado 26 se presentar\u00e1 la Orquesta Sinf\u00f3nica  Nacional Juvenil \u00abOsnj\u00bb bajo la direcci\u00f3n de Jos\u00e9 Luis Dom\u00ednguez, en  el hall del Centro Cultural, tambi\u00e9n con entrada liberada.<br \/>&#13;<br \/>\n  <br \/>&#13;<br \/>\n  <em>UPI<\/em><\/p>\n<p>&#13;<\/p>\n<h6> 2008-04-20 20:16:54 <\/h6>\n<p><!--\n<link rel=\"stylesheet\" href=\"css\/bootstrap.min.css\">\n\n\n<ul class=\"pagination\">\n\t    \n\t\n\n<li >\n\t<a href='?page_no=22797'>Previous<\/a>\n\t<\/li>\n\n\n       \n    \n\n<li><a href='?page_no=1'>1<\/a><\/li>\n\n\n\n<li><a href='?page_no=2'>2<\/a><\/li>\n\n\n\n<li><a>...<\/a><\/li>\n\n\n\n<li><a href='?page_no=22796'>22796<\/a><\/li>\n\n\n\n<li><a href='?page_no=22797'>22797<\/a><\/li>\n\n\n\n<li class='active'><a>22798<\/a><\/li>\n\n\n\n<li><a href='?page_no=22799'>22799<\/a><\/li>\n\n\n\n<li><a href='?page_no=22800'>22800<\/a><\/li>\n\n\n\n<li><a>...<\/a><\/li>\n\n\n\n<li><a href='?page_no=22911'>22911<\/a><\/li>\n\n\n\n<li><a href='?page_no=22912'>22912<\/a><\/li>\n\n    \n\t\n\n<li >\n\t<a href='?page_no=22799'>Next<\/a>\n\t<\/li>\n\n\n    \n\n<li><a href='?page_no=22912'>Last &rsaquo;&rsaquo;<\/a><\/li>\n\n<\/ul>\n\n\n--><br \/>\n<\/body><\/p>\n","protected":false},"excerpt":{"rendered":"<p>Centro Cultural Palacio La Moneda anuncia semana de m\u00fasica y danza &#13; &#13; Las actividades se realizar\u00e1n entre el martes y el pr\u00f3ximo s\u00e1bado. &#13; Una semana cargada de actividades ha preparado el Centro Cultural Palacio La Moneda (Ccplm), para que los aficionados a la m\u00fasica y la danza disfruten con conciertos y presentaciones especiales.&#13; [&hellip;]<\/p>\n","protected":false},"author":3,"featured_media":0,"comment_status":"open","ping_status":"open","sticky":false,"template":"","format":"standard","meta":{"footnotes":""},"categories":[21],"tags":[],"class_list":["post-71120","post","type-post","status-publish","format-standard","hentry","category-cultura"],"_links":{"self":[{"href":"https:\/\/diariodominicano.com\/index.php?rest_route=\/wp\/v2\/posts\/71120","targetHints":{"allow":["GET"]}}],"collection":[{"href":"https:\/\/diariodominicano.com\/index.php?rest_route=\/wp\/v2\/posts"}],"about":[{"href":"https:\/\/diariodominicano.com\/index.php?rest_route=\/wp\/v2\/types\/post"}],"author":[{"embeddable":true,"href":"https:\/\/diariodominicano.com\/index.php?rest_route=\/wp\/v2\/users\/3"}],"replies":[{"embeddable":true,"href":"https:\/\/diariodominicano.com\/index.php?rest_route=%2Fwp%2Fv2%2Fcomments&post=71120"}],"version-history":[{"count":0,"href":"https:\/\/diariodominicano.com\/index.php?rest_route=\/wp\/v2\/posts\/71120\/revisions"}],"wp:attachment":[{"href":"https:\/\/diariodominicano.com\/index.php?rest_route=%2Fwp%2Fv2%2Fmedia&parent=71120"}],"wp:term":[{"taxonomy":"category","embeddable":true,"href":"https:\/\/diariodominicano.com\/index.php?rest_route=%2Fwp%2Fv2%2Fcategories&post=71120"},{"taxonomy":"post_tag","embeddable":true,"href":"https:\/\/diariodominicano.com\/index.php?rest_route=%2Fwp%2Fv2%2Ftags&post=71120"}],"curies":[{"name":"wp","href":"https:\/\/api.w.org\/{rel}","templated":true}]}}