{"id":71118,"date":"2008-04-20T20:20:46","date_gmt":"2008-04-20T20:20:46","guid":{"rendered":"http:\/\/diariodominicano.ddns.net\/?p=71118"},"modified":"2008-04-20T20:20:46","modified_gmt":"2008-04-20T20:20:46","slug":"largometraje-costarricense-participara-en-cannes","status":"publish","type":"post","link":"https:\/\/diariodominicano.com\/?p=71118","title":{"rendered":"Largometraje costarricense participar\u00e1 en Cannes"},"content":{"rendered":"<p><body><\/p>\n<p align=\"justify\"><span class=\"titulogrande1\">Largometraje costarricense participar\u00e1 en Cannes<\/span><br \/>&#13;<br \/>\n  <br \/>&#13;<br \/>\n    <span class=\"text1noticias\">El film centra su\u00a0 tem\u00e1tica en el drama social  centroamericano<br \/>&#13;<br \/>\n    <br \/>&#13;<br \/>\n    El largometraje \u00ab<strong>El Camino<\/strong>\u00ab, de la costarricense <strong>Isthar  Yas\u00edn<\/strong>, participar\u00e1 en el Festival Internacional de Cine de Cannes, con  lo que ser\u00e1 la primera muestra de cine centroamericano en estar presente en ese  evento cinematogr\u00e1fico, asegur\u00f3 hoy la productora del film.<br \/>&#13;<br \/>\n    <br \/>&#13;<br \/>\nNinguna pel\u00edcula centroamericana hab\u00eda sido seleccionada antes para  ese festival franc\u00e9s, uno de los m\u00e1s importantes del mundo, inform\u00f3 este s\u00e1bado  el diario local \u00abLa Naci\u00f3n\u00bb.<br \/>&#13;<br \/>\n<br \/>&#13;<br \/>\n\u00abParticipar en Cannes es algo que todav\u00eda no lo termino de creer, es  una gran oportunidad para que el cine costarricense se d\u00e9 a conocer con mayor  intensidad\u00bb en el extranjero, dijo Yas\u00edn.<br \/>&#13;<br \/>\n<br \/>&#13;<br \/>\nLa producci\u00f3n abriga una tem\u00e1tica de drama social centroamericano y  particip\u00f3 ya en el Festival de Cine de Berl\u00edn.<br \/>&#13;<br \/>\n<br \/>&#13;<br \/>\n<em>DPA<\/em><\/span><\/p>\n<p>&#13;<\/p>\n<h6> 2008-04-20 20:20:46 <\/h6>\n<p><!--\n<link rel=\"stylesheet\" href=\"css\/bootstrap.min.css\">\n\n\n<ul class=\"pagination\">\n\t    \n\t\n\n<li >\n\t<a href='?page_no=22795'>Previous<\/a>\n\t<\/li>\n\n\n       \n    \n\n<li><a href='?page_no=1'>1<\/a><\/li>\n\n\n\n<li><a href='?page_no=2'>2<\/a><\/li>\n\n\n\n<li><a>...<\/a><\/li>\n\n\n\n<li><a href='?page_no=22794'>22794<\/a><\/li>\n\n\n\n<li><a href='?page_no=22795'>22795<\/a><\/li>\n\n\n\n<li class='active'><a>22796<\/a><\/li>\n\n\n\n<li><a href='?page_no=22797'>22797<\/a><\/li>\n\n\n\n<li><a href='?page_no=22798'>22798<\/a><\/li>\n\n\n\n<li><a>...<\/a><\/li>\n\n\n\n<li><a href='?page_no=22911'>22911<\/a><\/li>\n\n\n\n<li><a href='?page_no=22912'>22912<\/a><\/li>\n\n    \n\t\n\n<li >\n\t<a href='?page_no=22797'>Next<\/a>\n\t<\/li>\n\n\n    \n\n<li><a href='?page_no=22912'>Last &rsaquo;&rsaquo;<\/a><\/li>\n\n<\/ul>\n\n\n--><br \/>\n<\/body><\/p>\n","protected":false},"excerpt":{"rendered":"<p>Largometraje costarricense participar\u00e1 en Cannes&#13; &#13; El film centra su\u00a0 tem\u00e1tica en el drama social centroamericano&#13; &#13; El largometraje \u00abEl Camino\u00ab, de la costarricense Isthar Yas\u00edn, participar\u00e1 en el Festival Internacional de Cine de Cannes, con lo que ser\u00e1 la primera muestra de cine centroamericano en estar presente en ese evento cinematogr\u00e1fico, asegur\u00f3 hoy la [&hellip;]<\/p>\n","protected":false},"author":3,"featured_media":0,"comment_status":"open","ping_status":"open","sticky":false,"template":"","format":"standard","meta":{"footnotes":""},"categories":[21],"tags":[],"class_list":["post-71118","post","type-post","status-publish","format-standard","hentry","category-cultura"],"_links":{"self":[{"href":"https:\/\/diariodominicano.com\/index.php?rest_route=\/wp\/v2\/posts\/71118","targetHints":{"allow":["GET"]}}],"collection":[{"href":"https:\/\/diariodominicano.com\/index.php?rest_route=\/wp\/v2\/posts"}],"about":[{"href":"https:\/\/diariodominicano.com\/index.php?rest_route=\/wp\/v2\/types\/post"}],"author":[{"embeddable":true,"href":"https:\/\/diariodominicano.com\/index.php?rest_route=\/wp\/v2\/users\/3"}],"replies":[{"embeddable":true,"href":"https:\/\/diariodominicano.com\/index.php?rest_route=%2Fwp%2Fv2%2Fcomments&post=71118"}],"version-history":[{"count":0,"href":"https:\/\/diariodominicano.com\/index.php?rest_route=\/wp\/v2\/posts\/71118\/revisions"}],"wp:attachment":[{"href":"https:\/\/diariodominicano.com\/index.php?rest_route=%2Fwp%2Fv2%2Fmedia&parent=71118"}],"wp:term":[{"taxonomy":"category","embeddable":true,"href":"https:\/\/diariodominicano.com\/index.php?rest_route=%2Fwp%2Fv2%2Fcategories&post=71118"},{"taxonomy":"post_tag","embeddable":true,"href":"https:\/\/diariodominicano.com\/index.php?rest_route=%2Fwp%2Fv2%2Ftags&post=71118"}],"curies":[{"name":"wp","href":"https:\/\/api.w.org\/{rel}","templated":true}]}}