{"id":71117,"date":"2008-04-20T20:23:59","date_gmt":"2008-04-20T20:23:59","guid":{"rendered":"http:\/\/diariodominicano.ddns.net\/?p=71117"},"modified":"2008-04-20T20:23:59","modified_gmt":"2008-04-20T20:23:59","slug":"los-ninos-del-mundo-pintan-la-biblia","status":"publish","type":"post","link":"https:\/\/diariodominicano.com\/?p=71117","title":{"rendered":"\u00abLos ni\u00f1os del mundo pintan la Biblia\u00bb"},"content":{"rendered":"<p><body><\/p>\n<p align=\"center\"><span class=\"titulogrande1\">En  el Marco de la XI Feria  del Libro Internacional del Libro<\/span><br \/>&#13;<br \/>\n  <br \/>&#13;<br \/>\n    <span class=\"titulogrande1\">\u201cLos  ni\u00f1os del mundo pintan la   Biblia<\/span><\/p>\n<p>&#13;<\/p>\n<p align=\"justify\" class=\"text1noticias\">La colectiva infantil que tendr\u00e1 como escenario los  salones del Museo de Arte Moderno est\u00e1\u00a0  Bajo los auspicios de \u201cEl Valle de la Biblia\u201d en la Sociedad de la Tierra Santa-Jerusal\u00e9n\u201d.<br \/>&#13;<br \/>\n  \u00a0<br \/>&#13;<br \/>\n  <strong><img loading=\"lazy\" decoding=\"async\" src=\"http:\/\/localhost:8080\/img\/ninos.jpg\" width=\"375\" height=\"1666\" hspace=\"4\" align=\"left\" \/>SANTO DOMINGO.-<\/strong>  La Secretar\u00eda  de Estado de Cultura, la   Direcci\u00f3n General de la Feria del Libro, el Museo de Arte y la Embajada de Israel en el  pa\u00eds, presentaran este pr\u00f3ximo mi\u00e9rcoles 23 \u00a0la\u00a0  exposici\u00f3n \u201cLos ni\u00f1os del mundo pintan la Biblia.<\/p>\n<p>&#13;<\/p>\n<p align=\"justify\" class=\"text1noticias\">La muestra que  cuenta con el auspicios de \u201cEl Valle de la Biblia\u201d en la Sociedad de la Tierra Santa-Jerusal\u00e9n\u201d  tendr\u00e1 lugar en la\u00a0 biblioteca del Museo  de Arte Moderno en el marco de la   XI de la Feria Internacional del Libro este pr\u00f3ximo mi\u00e9rcoles\u00a0 23 de abril.<br \/>&#13;<br \/>\n  \u00a0<br \/>&#13;<br \/>\n  La muestra,  que es un proyecto que permiti\u00f3 a los ni\u00f1os de diversas nacionalidades y  culturas, les permiti\u00f3 a los ni\u00f1os del mundo de dibujar pasajes de texto  ecum\u00e9nico traducido a 2,035 idiomas y dialectos. <\/p>\n<p>&#13;<\/p>\n<p align=\"justify\" class=\"text1noticias\">Un jurado  estudioso del arte y dirigido por las embajadas existente en los pa\u00edses  participantes,\u00a0 seleccionaron las obras  participantes en la exposici\u00f3n hechas por ni\u00f1os \u2013cristianos, jud\u00edos y de otras  religiones- entre las edades de 8   a 16 de edad, procedentes de 91 pa\u00edses.<br \/>&#13;<br \/>\n  \u00a0<br \/>&#13;<br \/>\n  El objetivo de  este proyecto es promover el patrimonio cultural y la creaci\u00f3n de un puente  entre las civilizaciones monote\u00edstas con una visi\u00f3n y un sue\u00f1o de la  vinculaci\u00f3n de la Tierra   Santa, los libros sagrados y que comparten una creencia com\u00fan  entre ellos, convirtiendo esta visi\u00f3n y este sue\u00f1o en una fuente de afinidad y  cooperaci\u00f3n, que se suma a la tolerancia y la paz, a la vez de ser una  herramienta para la educaci\u00f3n y el conocimiento de la Biblia en los ni\u00f1os.<br \/>&#13;<br \/>\n  \u00a0<br \/>&#13;<br \/>\n  Los ni\u00f1os que  integran la muestra presentada en el MAM son: Elisabeth B. Amichia\/Hait\u00ed, Adam  Nemeth\/Hungr\u00eda, Donald Nemeth\/Hungr\u00eda, Mar\u00eda Matos\/Guatemala, Shiri Barzak\/Sur  Africa, Carlos Roberto Lia\/Fillipinas, Jiwon Koh\/China, Natalia Yael\/Argentina,  B\u00e9lgica\/Checoslovaquia, Philip Sunday\/Filipinas, Jorine Oteen\/Costa Rica, Litka  Matulikova\/Czech Republic, Samuel Kowadaio Yao\/Costa de marfil, Nyarai  jaltan\/Hungria, Eric Jan Mol\/Holanda, Mar\u00eda Jos\u00e9 Jim\u00e9nez\/Costa Rica.<\/p>\n<p>&#13;<\/p>\n<p align=\"justify\" class=\"text1noticias\"> Paulina  Zasdada\/Polonia, Albert Van Urk\/Holanda, Miriam Krifocks\/Israel, Adam Nemet\/Hungr\u00eda,  Roni Lorenzo\/Filipinas, John Mark\/Filipinas, Tali Azar\/Costa Rica, Ng Wen  Jie\/Asia, Juan Miguel\/Guatemala, Mar\u00eda Riza Flores\/Africa, Lieskin  Vladislav\/Rusia, Juan Jos\u00e9 Luna\/Costa Rica, Nadia Percan\/Argentina, Noah  Ark\/Sur Africa, Garifujina Lilia\/Rusia, Deindree Finnegan\/Irlanda, Martina  Dogtolkova\/Rep\u00fablica Checa, Thomas Pydyn\/Polonia, Vanesa Alfredo\/Costa Rica.<\/p>\n<p>&#13;<\/p>\n<p align=\"justify\" class=\"text1noticias\">Tambien G.  Harison\/Australia, Gabriel Freidkes\/Argentina, Meter Vanya\/Europa Oriental,  Sylvia Zhang\/Singapur, Leonel A. Pejroten\/Argentina, Cristom R. de  Le\u00f3n\/\/Guatemala, Kosana Silvia\/Hungr\u00eda, Yohaire Zumbado\/America del Sur, Yelige  Ezustkek\/Desconocido, Cheng Ngo Chi\/Taiw\u00e1n, Marieta Kremarova\/Rep\u00fablica Checa,  Rebeca Montero\/Costa Rica, Tomas Lorente\/Rep\u00fablica Checa, Desconocido\/Taiw\u00e1n,  Desconocido\/Taiw\u00e1n, Evelien de Kok\/Holanda, Linjui Chan\/China.<\/p>\n<p>&#13;<\/p>\n<p align=\"justify\" class=\"text1noticias\"> Esta  iniciativa fue realizada en escuelas, foros sociales, casas de culto,  asociaciones profesionales, clubes sociales, municipales y foros regionales  donde los ni\u00f1os decid\u00edan que deseaban pintar. <\/p>\n<p>&#13;<\/p>\n<p align=\"justify\" class=\"text1noticias\">De estas  jornadas surgieron las exposiciones que est\u00e1n recorriendo el mundo, para lo  cual se realiz\u00f3 una distribuci\u00f3n de 50 a 60 obras por pa\u00eds.\u00a0 Los fondos recaudados est\u00e1n siendo utilizados  en la creaci\u00f3n de la Casa  de la Biblia,  centro que servir\u00e1 para el estudio y promoci\u00f3n del libro de todos los libros,  la cultura, los valores y la tolerancia interreligiosa.<br \/>&#13;<br \/>\n  \u00a0<br \/>&#13;<br \/>\n  El\u00a0 Museo de Arte Moderno de la Rep\u00fablica\u00a0 Dominicana est\u00e1 localizado  en la Av. Pedro  Henr\u00edquez Ure\u00f1a, Plaza de la   Cultura Juan Pablo Duarte y estar\u00e1 abierto en horario  extendido,\u00a0 por motivo de la celebraci\u00f3n  de la IX Feria  internacional del Libro, de lunes a domingo en horario de 9:00 a.m. a 10:00  p.m. Sus tel\u00e9fonos son 809-685-2153 y el website es www.museodeartemoderno.org.do.<\/p>\n<p>&#13;<\/p>\n<h6> 2008-04-20 20:23:59 <\/h6>\n<p><!--\n<link rel=\"stylesheet\" href=\"css\/bootstrap.min.css\">\n\n\n<ul class=\"pagination\">\n\t    \n\t\n\n<li >\n\t<a href='?page_no=22794'>Previous<\/a>\n\t<\/li>\n\n\n       \n    \n\n<li><a href='?page_no=1'>1<\/a><\/li>\n\n\n\n<li><a href='?page_no=2'>2<\/a><\/li>\n\n\n\n<li><a>...<\/a><\/li>\n\n\n\n<li><a href='?page_no=22793'>22793<\/a><\/li>\n\n\n\n<li><a href='?page_no=22794'>22794<\/a><\/li>\n\n\n\n<li class='active'><a>22795<\/a><\/li>\n\n\n\n<li><a href='?page_no=22796'>22796<\/a><\/li>\n\n\n\n<li><a href='?page_no=22797'>22797<\/a><\/li>\n\n\n\n<li><a>...<\/a><\/li>\n\n\n\n<li><a href='?page_no=22911'>22911<\/a><\/li>\n\n\n\n<li><a href='?page_no=22912'>22912<\/a><\/li>\n\n    \n\t\n\n<li >\n\t<a href='?page_no=22796'>Next<\/a>\n\t<\/li>\n\n\n    \n\n<li><a href='?page_no=22912'>Last &rsaquo;&rsaquo;<\/a><\/li>\n\n<\/ul>\n\n\n--><br \/>\n<\/body><\/p>\n","protected":false},"excerpt":{"rendered":"<p>En el Marco de la XI Feria del Libro Internacional del Libro&#13; &#13; \u201cLos ni\u00f1os del mundo pintan la Biblia &#13; La colectiva infantil que tendr\u00e1 como escenario los salones del Museo de Arte Moderno est\u00e1\u00a0 Bajo los auspicios de \u201cEl Valle de la Biblia\u201d en la Sociedad de la Tierra Santa-Jerusal\u00e9n\u201d.&#13; \u00a0&#13; SANTO DOMINGO.- [&hellip;]<\/p>\n","protected":false},"author":3,"featured_media":0,"comment_status":"open","ping_status":"open","sticky":false,"template":"","format":"standard","meta":{"footnotes":""},"categories":[21],"tags":[],"class_list":["post-71117","post","type-post","status-publish","format-standard","hentry","category-cultura"],"_links":{"self":[{"href":"https:\/\/diariodominicano.com\/index.php?rest_route=\/wp\/v2\/posts\/71117","targetHints":{"allow":["GET"]}}],"collection":[{"href":"https:\/\/diariodominicano.com\/index.php?rest_route=\/wp\/v2\/posts"}],"about":[{"href":"https:\/\/diariodominicano.com\/index.php?rest_route=\/wp\/v2\/types\/post"}],"author":[{"embeddable":true,"href":"https:\/\/diariodominicano.com\/index.php?rest_route=\/wp\/v2\/users\/3"}],"replies":[{"embeddable":true,"href":"https:\/\/diariodominicano.com\/index.php?rest_route=%2Fwp%2Fv2%2Fcomments&post=71117"}],"version-history":[{"count":0,"href":"https:\/\/diariodominicano.com\/index.php?rest_route=\/wp\/v2\/posts\/71117\/revisions"}],"wp:attachment":[{"href":"https:\/\/diariodominicano.com\/index.php?rest_route=%2Fwp%2Fv2%2Fmedia&parent=71117"}],"wp:term":[{"taxonomy":"category","embeddable":true,"href":"https:\/\/diariodominicano.com\/index.php?rest_route=%2Fwp%2Fv2%2Fcategories&post=71117"},{"taxonomy":"post_tag","embeddable":true,"href":"https:\/\/diariodominicano.com\/index.php?rest_route=%2Fwp%2Fv2%2Ftags&post=71117"}],"curies":[{"name":"wp","href":"https:\/\/api.w.org\/{rel}","templated":true}]}}