{"id":71116,"date":"2008-04-21T17:04:58","date_gmt":"2008-04-21T17:04:58","guid":{"rendered":"http:\/\/diariodominicano.ddns.net\/?p=71116"},"modified":"2008-04-21T17:04:58","modified_gmt":"2008-04-21T17:04:58","slug":"sec-inaugura-exposicion-nuestro-patrimonio-cultural-inmaterial-un-tesoro-vivo-por-descubrir","status":"publish","type":"post","link":"https:\/\/diariodominicano.com\/?p=71116","title":{"rendered":"SEC inaugura exposici\u00f3n \u201cNuestro Patrimonio Cultural inmaterial: Un tesoro vivo por descubrir\u201d"},"content":{"rendered":"<p><body><\/p>\n<p align=\"justify\" class=\"titulogrande1\"><strong>SEC inaugura exposici\u00f3n \u201cNuestro Patrimonio  Cultural inmaterial: Un tesoro vivo por descubrir\u201d<\/strong><\/p>\n<p>&#13;<\/p>\n<p align=\"justify\" class=\"text1noticias\"><strong><img loading=\"lazy\" decoding=\"async\" src=\"http:\/\/localhost:8080\/img\/cultura rd.jpg\" width=\"375\" height=\"1076\" hspace=\"4\" align=\"left\" \/>Santo Domingo.- <\/strong>En  el marco de los diversos actos conmemorativos de el D\u00eda de los Monumentos y  Sitios, la Secretar\u00eda  de Estado de Cultura dej\u00f3 abierta al p\u00fablico la exposici\u00f3n \u201cNuestro Patrimonio  Cultural inmaterial: Un tesoro vivo por descubrir\u201d, en el Parque Independencia.<\/p>\n<p>&#13;<\/p>\n<p align=\"justify\" class=\"text1noticias\">La  actividad estuvo encabezada por los subsecretarios de Patrimonio Cultural y  para la Diversidad Cultural,  Lourdes Camilo de Cuello y Carlos Hern\u00e1ndez, respectivamente; as\u00ed como\u00a0 el Director de la Oficina Regional de Cultura de la Organizaci\u00f3n de las  Naciones Unidas para la   Educaci\u00f3n, la   Ciencia y la   Cultura (UNESCO), Herman Van Hooff y Federico Vacheron, Especialista  de Programa en \u00a0esa entidad.<\/p>\n<p>&#13;<\/p>\n<p align=\"justify\" class=\"text1noticias\">Tambi\u00e9n  estuvieron presentes Nikauly Vargas Secretaria General de la Comisi\u00f3n Nacional  Dominicana para la UNESCO  y Mar\u00eda Isabel Mart\u00ednez, Directora de Gesti\u00f3n de\u00a0 Patrimonio Cultural de la SEC.<\/p>\n<p>&#13;<\/p>\n<p align=\"justify\" class=\"text1noticias\">Las  autoridades \u00a0de ambas instituciones iniciaron  los actos conmemorativos de este D\u00eda en la Plaza Espa\u00f1a, de la Zona Colonial, lugar donde se  encuentra la placa conmemorativa de la inscripci\u00f3n de Santo Domingo en la lista  de Patrimonio Mundial en 1990.<\/p>\n<p>&#13;<\/p>\n<p align=\"justify\" class=\"text1noticias\">El  Subsecretario para la Diversidad Cultural,  Carlos Hern\u00e1ndez,\u00a0 dijo que la exposici\u00f3n,  que se exhibi\u00f3 por primera vez en Par\u00eds, es un homenaje al rico y variado  patrimonio cultural inmaterial esparcido a nivel mundial.<br \/>&#13;<br \/>\n  \u00a0<br \/>&#13;<br \/>\n\u201cY  es que patrimonio culturales\u00a0 m\u00e1s que  monumentos y objetos reservados a trav\u00e9s del tiempo, incluye tambien las  expresiones vivientes y las tradiciones que incontables comunidades y grupos de  todo el planeta han recibidos de sus antepasados y traspasan a las nuevas  generaciones\u201d, puntualiz\u00f3.<\/p>\n<p>&#13;<\/p>\n<p align=\"justify\" class=\"text1noticias\"> Dijo que ese es el patrimonio intangible o inmaterial,  que proporciona a las comunidades, grupos o individuo un sentimiento, \u00a0identidad y continuidad, ayud\u00e1ndoles a dar  sentido a sus vidas.<\/p>\n<p>&#13;<\/p>\n<p align=\"justify\" class=\"text1noticias\">Mientras  Herman Van Hooff valor\u00f3 la importancia del D\u00eda Internacional de los Monumentos  y Sitios como una forma de resaltar la val\u00eda del patrimonio para la  sociedad\u00a0 y para la identidad cultural.<\/p>\n<p>&#13;<\/p>\n<p align=\"justify\" class=\"text1noticias\">\u201cConsideramos  importante el patrimonio construido sobre todo, pero tambi\u00e9n el patrimonio  inmaterial, el vivo, porque creemos, que el patrimonio no \u00a0es del pa\u00eds que lo posee, sino de todo el  mundo\u201d, dijo.<\/p>\n<p>&#13;<\/p>\n<p align=\"justify\" class=\"text1noticias\">Se\u00f1al\u00f3  que este d\u00eda se presta para reflexionar sobre el compromiso que tienen los ciudadanos  de preservar el patrimonio tanto los gobiernos\u00a0  de los pa\u00edses miembros de la   UNESCO como los organismos\u00a0  internacionales y los ciudadanos de cada naci\u00f3n.<\/p>\n<p>&#13;<\/p>\n<p align=\"justify\" class=\"text1noticias\">La  muestra fotogr\u00e1fica compuesta\u00a0 por 90  obras maestras de patrimonio oral e inmaterial de la humanidad, proclamadas  como tales por la UNESCO,  incluye dos expresiones culturales dominicanas: la Cofrad\u00eda del Esp\u00edritu  Santo, de Villa Mella y el Teatro Cocolo Danzante, de San Pedro de Macor\u00eds.<\/p>\n<p>&#13;<\/p>\n<p align=\"justify\" class=\"text1noticias\">Previo  a la apertura de la   Exposici\u00f3n, Los Guloyas que estuvieron presentes en la  actividad\u00a0 hicieron un recorrido desde  las oficinas de la   Comisi\u00f3n Dominicana para la UNESCO ubicada en la calle Luper\u00f3n hasta el Parque  Independencia. <\/p>\n<p>&#13;<\/p>\n<h6> 2008-04-21 17:04:58 <\/h6>\n<p><!--\n<link rel=\"stylesheet\" href=\"css\/bootstrap.min.css\">\n\n\n<ul class=\"pagination\">\n\t    \n\t\n\n<li >\n\t<a href='?page_no=22793'>Previous<\/a>\n\t<\/li>\n\n\n       \n    \n\n<li><a href='?page_no=1'>1<\/a><\/li>\n\n\n\n<li><a href='?page_no=2'>2<\/a><\/li>\n\n\n\n<li><a>...<\/a><\/li>\n\n\n\n<li><a href='?page_no=22792'>22792<\/a><\/li>\n\n\n\n<li><a href='?page_no=22793'>22793<\/a><\/li>\n\n\n\n<li class='active'><a>22794<\/a><\/li>\n\n\n\n<li><a href='?page_no=22795'>22795<\/a><\/li>\n\n\n\n<li><a href='?page_no=22796'>22796<\/a><\/li>\n\n\n\n<li><a>...<\/a><\/li>\n\n\n\n<li><a href='?page_no=22911'>22911<\/a><\/li>\n\n\n\n<li><a href='?page_no=22912'>22912<\/a><\/li>\n\n    \n\t\n\n<li >\n\t<a href='?page_no=22795'>Next<\/a>\n\t<\/li>\n\n\n    \n\n<li><a href='?page_no=22912'>Last &rsaquo;&rsaquo;<\/a><\/li>\n\n<\/ul>\n\n\n--><br \/>\n<\/body><\/p>\n","protected":false},"excerpt":{"rendered":"<p>SEC inaugura exposici\u00f3n \u201cNuestro Patrimonio Cultural inmaterial: Un tesoro vivo por descubrir\u201d &#13; Santo Domingo.- En el marco de los diversos actos conmemorativos de el D\u00eda de los Monumentos y Sitios, la Secretar\u00eda de Estado de Cultura dej\u00f3 abierta al p\u00fablico la exposici\u00f3n \u201cNuestro Patrimonio Cultural inmaterial: Un tesoro vivo por descubrir\u201d, en el Parque [&hellip;]<\/p>\n","protected":false},"author":3,"featured_media":0,"comment_status":"open","ping_status":"open","sticky":false,"template":"","format":"standard","meta":{"footnotes":""},"categories":[21],"tags":[],"class_list":["post-71116","post","type-post","status-publish","format-standard","hentry","category-cultura"],"_links":{"self":[{"href":"https:\/\/diariodominicano.com\/index.php?rest_route=\/wp\/v2\/posts\/71116","targetHints":{"allow":["GET"]}}],"collection":[{"href":"https:\/\/diariodominicano.com\/index.php?rest_route=\/wp\/v2\/posts"}],"about":[{"href":"https:\/\/diariodominicano.com\/index.php?rest_route=\/wp\/v2\/types\/post"}],"author":[{"embeddable":true,"href":"https:\/\/diariodominicano.com\/index.php?rest_route=\/wp\/v2\/users\/3"}],"replies":[{"embeddable":true,"href":"https:\/\/diariodominicano.com\/index.php?rest_route=%2Fwp%2Fv2%2Fcomments&post=71116"}],"version-history":[{"count":0,"href":"https:\/\/diariodominicano.com\/index.php?rest_route=\/wp\/v2\/posts\/71116\/revisions"}],"wp:attachment":[{"href":"https:\/\/diariodominicano.com\/index.php?rest_route=%2Fwp%2Fv2%2Fmedia&parent=71116"}],"wp:term":[{"taxonomy":"category","embeddable":true,"href":"https:\/\/diariodominicano.com\/index.php?rest_route=%2Fwp%2Fv2%2Fcategories&post=71116"},{"taxonomy":"post_tag","embeddable":true,"href":"https:\/\/diariodominicano.com\/index.php?rest_route=%2Fwp%2Fv2%2Ftags&post=71116"}],"curies":[{"name":"wp","href":"https:\/\/api.w.org\/{rel}","templated":true}]}}