{"id":71115,"date":"2008-04-21T17:07:51","date_gmt":"2008-04-21T17:07:51","guid":{"rendered":"http:\/\/diariodominicano.ddns.net\/?p=71115"},"modified":"2008-04-21T17:07:51","modified_gmt":"2008-04-21T17:07:51","slug":"arte-contra-napoleon","status":"publish","type":"post","link":"https:\/\/diariodominicano.com\/?p=71115","title":{"rendered":"Arte contra Napole\u00f3n"},"content":{"rendered":"<p><body><\/p>\n<p align=\"justify\"><strong class=\"titulogrande1\">Arte contra Napole\u00f3n<\/strong><br \/>&#13;<br \/>\n  <br \/>&#13;<br \/>\n    <span class=\"text1noticias\">Un cartel con casi 100 actos culturales celebrar\u00e1 el bicentenario del Dos  de Mayo <br \/>&#13;<br \/>\n    <br \/>&#13;<br \/>\n    <strong>EUROPA PRESS<\/strong> &#8211; Madrid &#8211; 21\/04\/2008<\/span><\/p>\n<p>&#13;<\/p>\n<p align=\"justify\" class=\"text1noticias\"><img loading=\"lazy\" decoding=\"async\" src=\"http:\/\/localhost:8080\/img\/napoleon.jpg\" width=\"375\" height=\"276\" hspace=\"4\" align=\"left\" \/>Cerca de 100 actuaciones  culturales, en el \u00e1mbito de la danza, el teatro, la m\u00fasica y el cine,  conmemorar\u00e1n el bicentenario del Dos de Mayo, d\u00eda del levantamiento espa\u00f1ol  frente a las tropas francesas en 1808, desde este viernes, d\u00eda 25 de abril,  hasta el 11 de mayo.<br \/>&#13;<br \/>\n  <br \/>&#13;<br \/>\n  Los eventos tendr\u00e1n lugar en 46  municipios de Madrid, un 17% m\u00e1s que el a\u00f1o pasado, cuando eran 34, hecho  celebrado por la viceconsejera de Cultura y Turismo de la Comunidad de Madrid,  Concha Guerra, en la presentaci\u00f3n del programa, cuando se\u00f1al\u00f3 que uno de los  objetivos del Gobierno municipal es la \u00abdescentralizci\u00f3n de la actividad  cultural\u00bb.<br \/>&#13;<br \/>\n  <br \/>&#13;<br \/>\n  Las <em>Fiestas del Dos de Mayo<\/em> acoger\u00e1n concretamente 92 citas culturales, de la mano de 47 compa\u00f1\u00edas, en lo  que ser\u00e1 un \u00abamplio programa de eventos culturales y de ocio con el que se  pretende llegar a todos los p\u00fablicos\u00bb, indic\u00f3 Guerra, quien estuvo  acompa\u00f1ada del director general de promoci\u00f3n cultural, Amado Gim\u00e9nez, y la  directora general de archivos y bibliotecas, Isabel Rosell.<br \/>&#13;<br \/>\n  <br \/>&#13;<br \/>\n  Entre las actuaciones teatrales,  destaca un montaje en el que se refleja la sociedad de los bisabuelos de las  personas de hoy en d\u00eda a trav\u00e9s de 10 escenarios, en el espect\u00e1culo de Teatro  de Aut\u00f3matas, o un espect\u00e1culo basado en los cuadros de Picasso <em>La alegr\u00eda  de vivir y la guerra<\/em>, <em>Petshow<\/em>, de la mano de la compa\u00f1\u00eda La Tartana,  donde se reflejan \u00ablas dos caras de la humanidad, la paz y la  guerra\u00bb, se\u00f1al\u00f3 Guerra. Adem\u00e1s, la compa\u00f1\u00eda Sneo har\u00e1 reflexionar sobre el  discurso cervantino <em>Las Armas y las Letras<\/em> a ritmo de hip hop y rap y se  celebrar\u00e1 el Festival Internacional de Humor de Madrid, que acoger\u00e1 a diez  compa\u00f1\u00edas amenizando las tardes con humor inteligente.<br \/>&#13;<br \/>\n  <br \/>&#13;<br \/>\n  Asimismo, destaca en la  programaci\u00f3n un ciclo de Danza, en que las compa\u00f1\u00edas de la regi\u00f3n madrile\u00f1a  participar\u00e1n conjuntamente en un espect\u00e1culo en el que se podr\u00e1n ver muestras  de danza espa\u00f1ola, new folk, contempor\u00e1nea, cl\u00e1sica, neocl\u00e1sica y flamenco.<br \/>&#13;<br \/>\n  <br \/>&#13;<br \/>\n  Musicalmente ser\u00e1 tambi\u00e9n una  ocasi\u00f3n especial, pues Rosario Flores presentar\u00e1 su nuevo disco, <em>Parte de M\u00ed<\/em>,  junto a artistas como Pitingo, Tomasito, Conchita o Antonio Vega, y las calles  de Madrid acoger\u00e1n un pasacalles medieval como homenaje a los h\u00e9roes del Dos de  Mayo. Adem\u00e1s, el tenor Rolando Villaz\u00f3n, acompa\u00f1ado por la Orquesta de la  Comunidad de Madrid y dirigido por Daniel Callegar, interpretar\u00e1 un programa de  m\u00fasica del siglo XIX, integrado por piezas oper\u00edsticas y fragmentos de  zarzuela.<br \/>&#13;<br \/>\n  <br \/>&#13;<br \/>\n  En el campo cinematogr\u00e1fico, el  Marat\u00f3n de cine realizado todos los a\u00f1os, exhibir\u00e1 en este certamen, entre  otras pel\u00edculas, <em>Agustina de Arag\u00f3n<\/em>, de Juan de Ordu\u00f1a, <em>El Dos de  Mayo<\/em>, de Eusebio Fern\u00e1ndez Ardav\u00edn, <em>El Mensaje<\/em>, de Fernando Fernan  G\u00f3mez, <em>Goya en Burdeos<\/em>, de Carlos Saura, o <em>Los Fantasmas de Goya<\/em>,  de Milos Forman.<br \/>&#13;<br \/>\n  <br \/>&#13;<br \/>\n  Por otro lado, tendr\u00e1 lugar la  novena edici\u00f3n del D\u00eda del Libro Solidario, el d\u00eda 2 de mayo, en el que los  madrile\u00f1os ofrecer\u00e1n sus libros usados a un pa\u00eds latinoamericano a fin de  incrementar su fondo bibliogr\u00e1fico, en el \u00e1rea de bibliotecas y su entorno.  Esta campa\u00f1a, organizada por la Comunidad de Madrid, tiene este a\u00f1o a Honduras  como pa\u00eds protagonista, donde est\u00e1 previsto que se beneficien de la solidaridad  de los madrile\u00f1os 50 bibliotecas de 16 departamentos del pa\u00eds, despu\u00e9s de pasar  ya por Colombia, Venezuela, Ecuador, Per\u00fa o Brasil. <br \/>&#13;<br \/>\n  <br \/>&#13;<br \/>\n  Se recoger\u00e1n libros en la  Puerta de Toledo, de 10.00 a 20.00 horas.<br \/>&#13;<br \/>\n  <br \/>&#13;<br \/>\n  Este proyecto de cooperaci\u00f3n  internacional va acompa\u00f1ado tambi\u00e9n de una campa\u00f1a de sensibilizaci\u00f3n que se  realiza en los centros de ense\u00f1anza de Madrid, as\u00ed como la movilizaci\u00f3n de los  residentes del pa\u00eds beneficiario en Espa\u00f1a, y del p\u00fablico en general, en torno  a la recogida de libros del d\u00eda 2 de mayo.<br \/>&#13;<br \/>\n  <br \/>&#13;<br \/>\n  En esta ocasi\u00f3n, el objetivo del  proyecto es tambi\u00e9n participar en los esfuerzos del Gobierno de Honduras en la  promoci\u00f3n de la lectura y en el fortalecimiento de los recursos bibliogr\u00e1ficos  del pa\u00eds, dentro de la iniciativa del Ministerio de Cultura hondure\u00f1o  denominada &#8216;Que no mueran las bibliotecas&#8217;.<\/p>\n<p>&#13;<\/p>\n<h6> 2008-04-21 17:07:51 <\/h6>\n<p><!--\n<link rel=\"stylesheet\" href=\"css\/bootstrap.min.css\">\n\n\n<ul class=\"pagination\">\n\t    \n\t\n\n<li >\n\t<a href='?page_no=22792'>Previous<\/a>\n\t<\/li>\n\n\n       \n    \n\n<li><a href='?page_no=1'>1<\/a><\/li>\n\n\n\n<li><a href='?page_no=2'>2<\/a><\/li>\n\n\n\n<li><a>...<\/a><\/li>\n\n\n\n<li><a href='?page_no=22791'>22791<\/a><\/li>\n\n\n\n<li><a href='?page_no=22792'>22792<\/a><\/li>\n\n\n\n<li class='active'><a>22793<\/a><\/li>\n\n\n\n<li><a href='?page_no=22794'>22794<\/a><\/li>\n\n\n\n<li><a href='?page_no=22795'>22795<\/a><\/li>\n\n\n\n<li><a>...<\/a><\/li>\n\n\n\n<li><a href='?page_no=22911'>22911<\/a><\/li>\n\n\n\n<li><a href='?page_no=22912'>22912<\/a><\/li>\n\n    \n\t\n\n<li >\n\t<a href='?page_no=22794'>Next<\/a>\n\t<\/li>\n\n\n    \n\n<li><a href='?page_no=22912'>Last &rsaquo;&rsaquo;<\/a><\/li>\n\n<\/ul>\n\n\n--><br \/>\n<\/body><\/p>\n","protected":false},"excerpt":{"rendered":"<p>Arte contra Napole\u00f3n&#13; &#13; Un cartel con casi 100 actos culturales celebrar\u00e1 el bicentenario del Dos de Mayo &#13; &#13; EUROPA PRESS &#8211; Madrid &#8211; 21\/04\/2008 &#13; Cerca de 100 actuaciones culturales, en el \u00e1mbito de la danza, el teatro, la m\u00fasica y el cine, conmemorar\u00e1n el bicentenario del Dos de Mayo, d\u00eda del levantamiento [&hellip;]<\/p>\n","protected":false},"author":3,"featured_media":0,"comment_status":"open","ping_status":"open","sticky":false,"template":"","format":"standard","meta":{"footnotes":""},"categories":[21],"tags":[],"class_list":["post-71115","post","type-post","status-publish","format-standard","hentry","category-cultura"],"_links":{"self":[{"href":"https:\/\/diariodominicano.com\/index.php?rest_route=\/wp\/v2\/posts\/71115","targetHints":{"allow":["GET"]}}],"collection":[{"href":"https:\/\/diariodominicano.com\/index.php?rest_route=\/wp\/v2\/posts"}],"about":[{"href":"https:\/\/diariodominicano.com\/index.php?rest_route=\/wp\/v2\/types\/post"}],"author":[{"embeddable":true,"href":"https:\/\/diariodominicano.com\/index.php?rest_route=\/wp\/v2\/users\/3"}],"replies":[{"embeddable":true,"href":"https:\/\/diariodominicano.com\/index.php?rest_route=%2Fwp%2Fv2%2Fcomments&post=71115"}],"version-history":[{"count":0,"href":"https:\/\/diariodominicano.com\/index.php?rest_route=\/wp\/v2\/posts\/71115\/revisions"}],"wp:attachment":[{"href":"https:\/\/diariodominicano.com\/index.php?rest_route=%2Fwp%2Fv2%2Fmedia&parent=71115"}],"wp:term":[{"taxonomy":"category","embeddable":true,"href":"https:\/\/diariodominicano.com\/index.php?rest_route=%2Fwp%2Fv2%2Fcategories&post=71115"},{"taxonomy":"post_tag","embeddable":true,"href":"https:\/\/diariodominicano.com\/index.php?rest_route=%2Fwp%2Fv2%2Ftags&post=71115"}],"curies":[{"name":"wp","href":"https:\/\/api.w.org\/{rel}","templated":true}]}}