{"id":71114,"date":"2008-04-21T17:12:21","date_gmt":"2008-04-21T17:12:21","guid":{"rendered":"http:\/\/diariodominicano.ddns.net\/?p=71114"},"modified":"2008-04-21T17:12:21","modified_gmt":"2008-04-21T17:12:21","slug":"franco-era-como-el-mago-de-oz-fragil-pequeno-e-inseguro","status":"publish","type":"post","link":"https:\/\/diariodominicano.com\/?p=71114","title":{"rendered":"\u00abFranco era como el mago de Oz: fr\u00e1gil, peque\u00f1o e inseguro\u00bb"},"content":{"rendered":"<p><body><\/p>\n<p align=\"justify\"><strong class=\"titulogrande1\">\u00abFranco era como el mago de Oz: fr\u00e1gil, peque\u00f1o e inseguro\u00bb<\/strong><br \/>&#13;<br \/>\n  <br \/>&#13;<br \/>\n    <span class=\"text1noticias\">El hispanista Paul Preston presenta un ensayo en el que desmonta las  mentiras difundidas sobre el dictador <br \/>&#13;<br \/>\n    <br \/>&#13;<br \/>\n    <strong>EUROPA PRESS<\/strong> &#8211; Barcelona &#8211; 21\/04\/2008<\/span><\/p>\n<p>&#13;<\/p>\n<p align=\"justify\" class=\"text1noticias\"><img loading=\"lazy\" decoding=\"async\" src=\"http:\/\/localhost:8080\/img\/franco.jpg\" width=\"375\" height=\"276\" hspace=\"4\" align=\"left\" \/>El historiador brit\u00e1nico Paul  Preston acaba de publicar <em>El gran manipulador. La mentira cotidiana de  Franco<\/em> (Ediciones B) donde desgrana la personalidad del Caudillo, marcada  por su condici\u00f3n de \u00abvulnerable, peque\u00f1o e inseguro\u00bb por la que se  refugiaba \u00aben un disfraz\u00bb, algo que al ingl\u00e9s le recuerda al Mago de  Oz, seg\u00fan indic\u00f3 hoy en rueda de prensa.<br \/>  &#13;<br \/>\n    <br \/>&#13;<br \/>\n  Durante la \u00e9poca de Africa, Franco  fue el H\u00e9roe del Rif para convertirse en el Cid del siglo XX  en la Guerra Civil y luego, durante la Segunda Guerra Mundial, en un Felipe II  obsesionado por reconstruir un imperio, relat\u00f3 Preston acerca de esa  personalidad cambiante en la que siempre predominaba el af\u00e1n por mentir y tergivrsar  la realidad a su favor, seg\u00fan dijo.<br \/>&#13;<br \/>\n    <br \/>&#13;<br \/>\n\u00abEran unas mentiras tan  infantiles que parec\u00eda imposible que las pudiese decir\u00bb pero  \u00abcuando se tiene el control totalitario de los medios, se puede decir  cualquier cosa\u00bb, remach\u00f3 el historiador, y puso como ejemplo una  \u00abmentira colosal\u00bb: Franco justificaba las penurias que pas\u00f3 Espa\u00f1a  durante la posguerra aduciendo que la culpa la ten\u00eda Am\u00e9rica, porque ten\u00eda  envidia del sistema falangista, record\u00f3 Preston.<br \/>&#13;<br \/>\n<br \/>&#13;<br \/>\n  <strong>Mediocre y mentiroso<\/strong> <br \/>&#13;<br \/>\n  <br \/>&#13;<br \/>\n  En el libro, que publica en  catal\u00e1n la editorial Edicions Base, se explica que Franco,  \u00abmediocre y mentiroso\u00bb, pudo mantenerse 40 a\u00f1os en el poder por la  \u00abinversi\u00f3n de terror\u00bb que hizo, por la \u00abcapacidad de manipular a  sus colaboradores\u00bb y por el contexto internacional, en el que las  potencias \u00absab\u00edan las mentiras de Franco pero les conven\u00eda\u00bb no  revelarlas, asegur\u00f3.<br \/>&#13;<br \/>\n  <br \/>&#13;<br \/>\n  La falta de sentimientos del  dictador le facilit\u00f3 mucho las cosas, ya que le capacitaba para  pedir sin remordimiento la muerte de sus enemigos y para usar a sus soldados  como carne de ca\u00f1\u00f3n, expuso Preston, aunque puntualiz\u00f3 que tampoco se puede  decir que \u00abdisfrutase de la sangre\u00bb.<br \/>&#13;<br \/>\n  <br \/>&#13;<br \/>\n  <strong>\u00abEstoy harto de Franco\u00bb<\/strong><br \/>&#13;<br \/>\n  <br \/>&#13;<br \/>\n\u00abEs un poco exagerado decir  que la \u00fanica faceta de Franco era la de mentiroso, pero s\u00ed que es la que cada  vez me llama m\u00e1s la atenci\u00f3n\u00bb, reconoci\u00f3 Preston, para el que el Caudillo  ten\u00eda \u00abgraves problemas psicol\u00f3gicos\u00bb y una fe ciega en la victoria y  una suerte equiparable a la de un buen entrenador de futbol, adem\u00e1s de que era  capaz de animar a las tropas con su voz aguda y floja.<br \/>&#13;<br \/>\n<br \/>&#13;<br \/>\n\u00abEstoy harto de Franco\u00bb,  espet\u00f3 el historiador, aunque le motiva seguir investigando porque los medios  de comunicaci\u00f3n anglosajones le siguen brindando a Franco una buena fama que,  seg\u00fan \u00e9l, no merece.<br \/>&#13;<br \/>\n<br \/>&#13;<br \/>\nEl gran p\u00fablico anglosaj\u00f3n no  ponen a Franco en el contexto de Hitler porque le sobrevivi\u00f3 30  a\u00f1os y, antes y despu\u00e9s de 1945, \u00abpero sobretodo despu\u00e9s\u00bb, el  Caudillo puso en marcha una potente maquinaria de propaganda para reconstruir  la historia y presentarse como el gran militar que gan\u00f3 la Guerra Civil, el  liberador de Espa\u00f1a de la Segunda Guerra Mundial y el inspirador del  crecimiento econ\u00f3mico de los a\u00f1os 60, premisas que para Preston son falsas.<br \/>&#13;<br \/>\n<br \/>&#13;<br \/>\nPreston (Liverpool, 1946)  consider\u00f3 que lo que falta saber a\u00fan de Franco es el grueso de sus  documentos personales, que est\u00e1n en paradero desconocido despu\u00e9s de que en los  a\u00f1os 60 se especulara con su venta, aunque un porcentaje muy peque\u00f1o de ellos  se recogen en la Fundaci\u00f3n Nacional Francisco Franco, seg\u00fan dijo el  historiador.<br \/>&#13;<br \/>\n<br \/>&#13;<br \/>\nRecientemente nombrado miembro del  Institut d&#8217;Estudis catalans (IEC), Preston ofrecer\u00e1 una conferencia sobre  Franco hoy a las 19 horas en el Museu d&#8217;Hist\u00f2ria de Catalunya.<\/p>\n<p>&#13;<\/p>\n<h6> 2008-04-21 17:12:21 <\/h6>\n<p><!--\n<link rel=\"stylesheet\" href=\"css\/bootstrap.min.css\">\n\n\n<ul class=\"pagination\">\n\t    \n\t\n\n<li >\n\t<a href='?page_no=22791'>Previous<\/a>\n\t<\/li>\n\n\n       \n    \n\n<li><a href='?page_no=1'>1<\/a><\/li>\n\n\n\n<li><a href='?page_no=2'>2<\/a><\/li>\n\n\n\n<li><a>...<\/a><\/li>\n\n\n\n<li><a href='?page_no=22790'>22790<\/a><\/li>\n\n\n\n<li><a href='?page_no=22791'>22791<\/a><\/li>\n\n\n\n<li class='active'><a>22792<\/a><\/li>\n\n\n\n<li><a href='?page_no=22793'>22793<\/a><\/li>\n\n\n\n<li><a href='?page_no=22794'>22794<\/a><\/li>\n\n\n\n<li><a>...<\/a><\/li>\n\n\n\n<li><a href='?page_no=22911'>22911<\/a><\/li>\n\n\n\n<li><a href='?page_no=22912'>22912<\/a><\/li>\n\n    \n\t\n\n<li >\n\t<a href='?page_no=22793'>Next<\/a>\n\t<\/li>\n\n\n    \n\n<li><a href='?page_no=22912'>Last &rsaquo;&rsaquo;<\/a><\/li>\n\n<\/ul>\n\n\n--><br \/>\n<\/body><\/p>\n","protected":false},"excerpt":{"rendered":"<p>\u00abFranco era como el mago de Oz: fr\u00e1gil, peque\u00f1o e inseguro\u00bb&#13; &#13; El hispanista Paul Preston presenta un ensayo en el que desmonta las mentiras difundidas sobre el dictador &#13; &#13; EUROPA PRESS &#8211; Barcelona &#8211; 21\/04\/2008 &#13; El historiador brit\u00e1nico Paul Preston acaba de publicar El gran manipulador. La mentira cotidiana de Franco (Ediciones [&hellip;]<\/p>\n","protected":false},"author":3,"featured_media":0,"comment_status":"open","ping_status":"open","sticky":false,"template":"","format":"standard","meta":{"footnotes":""},"categories":[21],"tags":[],"class_list":["post-71114","post","type-post","status-publish","format-standard","hentry","category-cultura"],"_links":{"self":[{"href":"https:\/\/diariodominicano.com\/index.php?rest_route=\/wp\/v2\/posts\/71114","targetHints":{"allow":["GET"]}}],"collection":[{"href":"https:\/\/diariodominicano.com\/index.php?rest_route=\/wp\/v2\/posts"}],"about":[{"href":"https:\/\/diariodominicano.com\/index.php?rest_route=\/wp\/v2\/types\/post"}],"author":[{"embeddable":true,"href":"https:\/\/diariodominicano.com\/index.php?rest_route=\/wp\/v2\/users\/3"}],"replies":[{"embeddable":true,"href":"https:\/\/diariodominicano.com\/index.php?rest_route=%2Fwp%2Fv2%2Fcomments&post=71114"}],"version-history":[{"count":0,"href":"https:\/\/diariodominicano.com\/index.php?rest_route=\/wp\/v2\/posts\/71114\/revisions"}],"wp:attachment":[{"href":"https:\/\/diariodominicano.com\/index.php?rest_route=%2Fwp%2Fv2%2Fmedia&parent=71114"}],"wp:term":[{"taxonomy":"category","embeddable":true,"href":"https:\/\/diariodominicano.com\/index.php?rest_route=%2Fwp%2Fv2%2Fcategories&post=71114"},{"taxonomy":"post_tag","embeddable":true,"href":"https:\/\/diariodominicano.com\/index.php?rest_route=%2Fwp%2Fv2%2Ftags&post=71114"}],"curies":[{"name":"wp","href":"https:\/\/api.w.org\/{rel}","templated":true}]}}