{"id":71113,"date":"2008-04-21T17:15:31","date_gmt":"2008-04-21T17:15:31","guid":{"rendered":"http:\/\/diariodominicano.ddns.net\/?p=71113"},"modified":"2008-04-21T17:15:31","modified_gmt":"2008-04-21T17:15:31","slug":"festival-de-cine-pobre-premia-en-cuba-peliculas-y-proyectos-de-bajo-costo","status":"publish","type":"post","link":"https:\/\/diariodominicano.com\/?p=71113","title":{"rendered":"Festival de Cine Pobre premia en Cuba pel\u00edculas y proyectos de bajo costo"},"content":{"rendered":"<p><body><\/p>\n<p align=\"justify\"><span class=\"titulogrande1\">Festival de Cine Pobre premia en Cuba pel\u00edculas y proyectos  de bajo costo<\/span><br \/>&#13;<br \/>\n  <br \/>&#13;<br \/>\n    <span class=\"text1noticias\"><img loading=\"lazy\" decoding=\"async\" src=\"http:\/\/localhost:8080\/img\/cubaa.jpg\" width=\"375\" height=\"270\" hspace=\"4\" align=\"left\" \/>El gran premio al mejor largometraje fue concedido a  \u00abOutlanders\u00bb, de Dominic Lees, por ofrecer \u00abuna visi\u00f3n realista  del universo contempor\u00e1neo de la emigraci\u00f3n laboral poco conocida\u00bb.<br \/>&#13;<br \/>\n    <br \/>&#13;<br \/>\n  Miles de personas asistieron al Festival Internacional de  Cine Pobre <br \/>&#13;<br \/>\n  <br \/>&#13;<br \/>\n  Filmes de ficci\u00f3n, proyectos y guiones in\u00e9ditos de Gran  Breta\u00f1a, Azerbaiy\u00e1n, Cuba, Espa\u00f1a y Brasil fueron galardonados hoy en el Festival  Internacional de Cine Pobre, que se celebra en Gibara para apoyar con sus  premios la producci\u00f3n, tecnolog\u00eda y becas el cine de calidad y bajo  presupuesto.<br \/>&#13;<br \/>\n  <br \/>&#13;<br \/>\n  El gran premio al mejor largometraje fue concedido a \u00abOutlanders\u00bb,  de Dominic Lees (Gran Breta\u00f1a), por ofrecer \u00abuna visi\u00f3n realista del  universo contempor\u00e1neo de la emigraci\u00f3n laboral poco conocida\u00bb, seg\u00fan el  acta del jurado divulgada a la prensa por los organizadores del Festival, que  preside el cineasta cubano Humberto Sol\u00e1s.<br \/>&#13;<br \/>\n  <br \/>&#13;<br \/>\n  En la cita cinematogr\u00e1fica, con sede en la ciudad oriental  de Gibara, a unos 800 kil\u00f3metros al este de La Habana, concursaron unos 120  trabajos de m\u00e1s de 20 pa\u00edses, con Espa\u00f1a, Cuba y Argentina entre los m\u00e1s  representados.<br \/>&#13;<br \/>\n  <br \/>&#13;<br \/>\n  Como mejor cortometraje en la misma categor\u00eda fue  seleccionada la pel\u00edcula \u00abLa casa\u00bb, de Azif Rustamov (Azerbaiy\u00e1n), y  en el apartado de mejor obra de ficci\u00f3n realizada por una mujer la cubana  Patricia Ramos gan\u00f3 el premio con su filme \u00abEl patio de mi casa\u00bb.<br \/>&#13;<br \/>\n  <br \/>&#13;<br \/>\n  El festival tambi\u00e9n otorg\u00f3\u00a0 en su sexta edici\u00f3n el  premio a la mejor maqueta, o proyectos de guiones in\u00e9ditos, a \u00abNevando  voy\u00bb (Espa\u00f1a), de Candela Figueira, y \u00abLos dioses rotos\u00bb (Cuba),  de Ernesto Daranas, y como mejor gui\u00f3n del concurso fue elegido \u00abLa  tregua\u00bb, de la brasile\u00f1a Rosario Teresa Boyer.<br \/>&#13;<br \/>\n  <br \/>&#13;<br \/>\n  El premio especial del jurado fue para la pel\u00edcula cubana  \u00abPersonal Belongings\u00bb, dirigida por Alejandro Brugu\u00e9s, y tambi\u00e9n  recibieron menciones los artistas Iazua Larios por su actuaci\u00f3n en la cinta  hispano mexicana \u00abM\u00e1quina\u00bb, y Nuno Lopes (Portugal) por  \u00abAlice\u00bb.<br \/>&#13;<br \/>\n  <br \/>&#13;<br \/>\n  Dos alemanes fueron destacados con menciones por su trabajo,  el primero de ellos, Simon Guy Faessler, por la fotograf\u00eda de  \u00abWeekend\u00bb, y Michael Venus por la mejor direcci\u00f3n de actores en  \u00abDealer\u00bb.<br \/>&#13;<br \/>\n  <br \/>&#13;<br \/>\n  El Gran premio a la mejor obra documental recay\u00f3 en  \u00abUnder The Ahmadabad Sky\u00bb, de los italianos Francesca Lignola y  Stefano Rebechi, y como mejor obra realizada por mujeres fue elegida \u00abLa  rebeli\u00f3n de las oaxaque\u00f1as\u00bb, de Tonatiuh D\u00edaz, Aline Castellanos y Ana  Mar\u00eda Hern\u00e1ndez (M\u00e9xico).<br \/>&#13;<br \/>\n  <br \/>&#13;<br \/>\n  La cadena Telesur otorg\u00f3 al documental \u00abPirinop, mi  primer contacto\u00bb, de Mari Correa (Brasil), su premio de distribuci\u00f3n  internacional, dotado de 5.000 d\u00f3lares y el convenio de los derechos de  exhibici\u00f3n, y la Unesco tambi\u00e9n decidi\u00f3 distinguirlo.<br \/>&#13;<br \/>\n  <br \/>&#13;<br \/>\n\u00abCirug\u00edas\u00bb, del espa\u00f1ol Alberto Gonz\u00e1lez, result\u00f3  la mejor obra experimental y de videoarte.<\/span><\/p>\n<p>&#13;<\/p>\n<h6> 2008-04-21 17:15:31 <\/h6>\n<p><!--\n<link rel=\"stylesheet\" href=\"css\/bootstrap.min.css\">\n\n\n<ul class=\"pagination\">\n\t    \n\t\n\n<li >\n\t<a href='?page_no=22790'>Previous<\/a>\n\t<\/li>\n\n\n       \n    \n\n<li><a href='?page_no=1'>1<\/a><\/li>\n\n\n\n<li><a href='?page_no=2'>2<\/a><\/li>\n\n\n\n<li><a>...<\/a><\/li>\n\n\n\n<li><a href='?page_no=22789'>22789<\/a><\/li>\n\n\n\n<li><a href='?page_no=22790'>22790<\/a><\/li>\n\n\n\n<li class='active'><a>22791<\/a><\/li>\n\n\n\n<li><a href='?page_no=22792'>22792<\/a><\/li>\n\n\n\n<li><a href='?page_no=22793'>22793<\/a><\/li>\n\n\n\n<li><a>...<\/a><\/li>\n\n\n\n<li><a href='?page_no=22911'>22911<\/a><\/li>\n\n\n\n<li><a href='?page_no=22912'>22912<\/a><\/li>\n\n    \n\t\n\n<li >\n\t<a href='?page_no=22792'>Next<\/a>\n\t<\/li>\n\n\n    \n\n<li><a href='?page_no=22912'>Last &rsaquo;&rsaquo;<\/a><\/li>\n\n<\/ul>\n\n\n--><br \/>\n<\/body><\/p>\n","protected":false},"excerpt":{"rendered":"<p>Festival de Cine Pobre premia en Cuba pel\u00edculas y proyectos de bajo costo&#13; &#13; El gran premio al mejor largometraje fue concedido a \u00abOutlanders\u00bb, de Dominic Lees, por ofrecer \u00abuna visi\u00f3n realista del universo contempor\u00e1neo de la emigraci\u00f3n laboral poco conocida\u00bb.&#13; &#13; Miles de personas asistieron al Festival Internacional de Cine Pobre &#13; &#13; Filmes [&hellip;]<\/p>\n","protected":false},"author":3,"featured_media":0,"comment_status":"open","ping_status":"open","sticky":false,"template":"","format":"standard","meta":{"footnotes":""},"categories":[21],"tags":[],"class_list":["post-71113","post","type-post","status-publish","format-standard","hentry","category-cultura"],"_links":{"self":[{"href":"https:\/\/diariodominicano.com\/index.php?rest_route=\/wp\/v2\/posts\/71113","targetHints":{"allow":["GET"]}}],"collection":[{"href":"https:\/\/diariodominicano.com\/index.php?rest_route=\/wp\/v2\/posts"}],"about":[{"href":"https:\/\/diariodominicano.com\/index.php?rest_route=\/wp\/v2\/types\/post"}],"author":[{"embeddable":true,"href":"https:\/\/diariodominicano.com\/index.php?rest_route=\/wp\/v2\/users\/3"}],"replies":[{"embeddable":true,"href":"https:\/\/diariodominicano.com\/index.php?rest_route=%2Fwp%2Fv2%2Fcomments&post=71113"}],"version-history":[{"count":0,"href":"https:\/\/diariodominicano.com\/index.php?rest_route=\/wp\/v2\/posts\/71113\/revisions"}],"wp:attachment":[{"href":"https:\/\/diariodominicano.com\/index.php?rest_route=%2Fwp%2Fv2%2Fmedia&parent=71113"}],"wp:term":[{"taxonomy":"category","embeddable":true,"href":"https:\/\/diariodominicano.com\/index.php?rest_route=%2Fwp%2Fv2%2Fcategories&post=71113"},{"taxonomy":"post_tag","embeddable":true,"href":"https:\/\/diariodominicano.com\/index.php?rest_route=%2Fwp%2Fv2%2Ftags&post=71113"}],"curies":[{"name":"wp","href":"https:\/\/api.w.org\/{rel}","templated":true}]}}