{"id":71112,"date":"2008-04-21T17:18:34","date_gmt":"2008-04-21T17:18:34","guid":{"rendered":"http:\/\/diariodominicano.ddns.net\/?p=71112"},"modified":"2008-04-21T17:18:34","modified_gmt":"2008-04-21T17:18:34","slug":"buenos-aires-se-convierte-en-capital-de-la-cultura-con-la-feria-del-libro","status":"publish","type":"post","link":"https:\/\/diariodominicano.com\/?p=71112","title":{"rendered":"Buenos Aires se convierte en capital de la cultura con la Feria del Libro"},"content":{"rendered":"<p><body><\/p>\n<p align=\"justify\"><span class=\"titulogrande1\">Buenos Aires se convierte en capital de la cultura con la  Feria del Libro<\/span><br \/>&#13;<br \/>\n  <br \/>&#13;<br \/>\n    <span class=\"text1noticias\">Cerca de 1.600 expositores y presencias internacionales como  la de los escritores Tom Wolfe y Ricardo Piglia, ser\u00e1n parte del encuentro.<br \/>&#13;<br \/>\n    <br \/>&#13;<br \/>\n    Buenos Aires se convertir\u00e1 esta semana en la capital de la  cultura con la apertura de la Feria del Libro, que albergar\u00e1 casi 1.600  expositores y presencias internacionales como la de los escritores Tom Wolfe y  Ricardo Piglia, entre otros.<br \/>&#13;<br \/>\n    <br \/>&#13;<br \/>\n    La feria, que se inaugurar\u00e1 el pr\u00f3ximo jueves, tendr\u00e1 como  antesala las Jornadas de Profesionales del Libro, que comenzar\u00e1n este lunes con  el objetivo de \u00abcapacitar a libreros y editores, brind\u00e1ndoles herramientas  para su tarea\u00bb, explic\u00f3 Horacio Garc\u00eda, presidente de la Fundaci\u00f3n El Libro,  organizadora del evento.<br \/>&#13;<br \/>\n    <br \/>&#13;<br \/>\n    De las jornadas, que se extender\u00e1n hasta el jueves,  participar\u00e1n los especialistas ingleses Lynette Owen y George Thompson, quienes  explicar\u00e1n \u00abc\u00f3mo se venden derechos en la feria, con vistas a la Feria de  Frankfurt 2010\u00bb, que tendr\u00e1 a Argentina como invitada especial, detall\u00f3 a  tono Martha D\u00edaz, directora de la fundaci\u00f3n.<br \/>&#13;<br \/>\n    <br \/>&#13;<br \/>\n\u00abEsta es una forma de posicionarse en el mercado  editorial como formadores o ayudantes de los profesionales\u00bb, manifest\u00f3  D\u00edaz, en alusi\u00f3n a una de las tantas actividades de la feria, considerada por  los organizadores como la m\u00e1s importante de Am\u00e9rica Latina.<br \/>&#13;<br \/>\n<br \/>&#13;<br \/>\nPero esta no ser\u00e1 la \u00fanica actividad enmarcada en la  trig\u00e9sima cuarta edici\u00f3n de la feria, ya que tambi\u00e9n se desarrollar\u00e1 una  reuni\u00f3n de bibliotecarios, unas jornadas internacionales de educaci\u00f3n, un  congreso sobre la promoci\u00f3n de la lectura y el libro, un festival de poes\u00eda y  un encuentro internacional de narraci\u00f3n oral.<br \/>&#13;<br \/>\n<br \/>&#13;<br \/>\nEn total, la Feria del Libro de Buenos Aires re\u00fane este a\u00f1o  m\u00e1s de 1.600 actos vinculados a la cultura, lo que representa un r\u00e9cord en  relaci\u00f3n con ediciones anteriores.<br \/>&#13;<br \/>\n<br \/>&#13;<br \/>\nBajo el lema \u00abEl espacio del lector\u00bb, la  exposici\u00f3n permanecer\u00e1 abierta hasta el 12 de mayo y cubrir\u00e1 los 45.500 metros  cuadrados de La Rural, el mayor predio ferial de la ciudad, con participantes  de 48 pa\u00edses.<br \/>&#13;<br \/>\n<br \/>&#13;<br \/>\n\u00abLa demanda para montar un stand en la feria supera a  la oferta. Por eso algunos quedaron afuera, pero la mayor parte del \u00e1mbito  editorial participar\u00e1 de la muestra\u00bb, explic\u00f3 Garc\u00eda.<br \/>&#13;<br \/>\n<br \/>&#13;<br \/>\nAdem\u00e1s del estadounidense Wolfe y el argentino Piglia, que  ser\u00e1 el encargado de inaugurar la feria, tambi\u00e9n participar\u00e1 de las actividades  la escritora espa\u00f1ola Almudena Grandes, distinguida recientemente con el Premio  al Libro del A\u00f1o 2007, que otorga el Gremio de Libreros de Madrid.<br \/>&#13;<br \/>\n<br \/>&#13;<br \/>\nAdem\u00e1s, asistir\u00e1n la canadiense Naomi Klein, la fil\u00f3sofa  francesa B\u00e1rbara Bassin, el juez espa\u00f1ol Baltasar Garz\u00f3n, el escritor y  catedr\u00e1tico italiano Paolo Fabbri, la escritora brasile\u00f1a N\u00e9lida Pi\u00f1\u00f3n y su par  b\u00falgaro Ilija Trojanov, adem\u00e1s de los espa\u00f1oles Juan Jos\u00e9 Millas y Eduardo  Mendicutti y el mexicano Juan Villoro.<br \/>&#13;<br \/>\n<br \/>&#13;<br \/>\n\u00abCuando uno lee se produce una relaci\u00f3n de intimidad,  una conexi\u00f3n espaciolector muy interesante que abrir\u00e1 un campo de reflexi\u00f3n en  esta feria\u00bb, sostuvo recientemente Piglia, autor de \u00abLa invasi\u00f3n\u00bb  y \u00abPlata quemada\u00bb.<br \/>&#13;<br \/>\n<br \/>&#13;<br \/>\nEntre las novedades de este a\u00f1o figura adem\u00e1s el ciclo de  cocina y cocteler\u00eda \u00abPlaceres y sabores\u00bb, que tendr\u00e1 lugar a lo largo  de toda la muestra, as\u00ed como una jornada de homenaje al folclorista argentino  Atahualpa Yupanqui, al cumplirse un siglo de su nacimiento.<br \/>&#13;<br \/>\n<br \/>&#13;<br \/>\n\u00abDel ciclo gastron\u00f3mico participar\u00e1n cocineros que  tienen libros publicados, dado que este sector ha crecido mucho en los \u00faltimos  tiempos\u00bb, precis\u00f3 Garc\u00eda.<\/span><\/p>\n<p>&#13;<\/p>\n<h6> 2008-04-21 17:18:34 <\/h6>\n<p><!--\n<link rel=\"stylesheet\" href=\"css\/bootstrap.min.css\">\n\n\n<ul class=\"pagination\">\n\t    \n\t\n\n<li >\n\t<a href='?page_no=22789'>Previous<\/a>\n\t<\/li>\n\n\n       \n    \n\n<li><a href='?page_no=1'>1<\/a><\/li>\n\n\n\n<li><a href='?page_no=2'>2<\/a><\/li>\n\n\n\n<li><a>...<\/a><\/li>\n\n\n\n<li><a href='?page_no=22788'>22788<\/a><\/li>\n\n\n\n<li><a href='?page_no=22789'>22789<\/a><\/li>\n\n\n\n<li class='active'><a>22790<\/a><\/li>\n\n\n\n<li><a href='?page_no=22791'>22791<\/a><\/li>\n\n\n\n<li><a href='?page_no=22792'>22792<\/a><\/li>\n\n\n\n<li><a>...<\/a><\/li>\n\n\n\n<li><a href='?page_no=22911'>22911<\/a><\/li>\n\n\n\n<li><a href='?page_no=22912'>22912<\/a><\/li>\n\n    \n\t\n\n<li >\n\t<a href='?page_no=22791'>Next<\/a>\n\t<\/li>\n\n\n    \n\n<li><a href='?page_no=22912'>Last &rsaquo;&rsaquo;<\/a><\/li>\n\n<\/ul>\n\n\n--><br \/>\n<\/body><\/p>\n","protected":false},"excerpt":{"rendered":"<p>Buenos Aires se convierte en capital de la cultura con la Feria del Libro&#13; &#13; Cerca de 1.600 expositores y presencias internacionales como la de los escritores Tom Wolfe y Ricardo Piglia, ser\u00e1n parte del encuentro.&#13; &#13; Buenos Aires se convertir\u00e1 esta semana en la capital de la cultura con la apertura de la Feria [&hellip;]<\/p>\n","protected":false},"author":3,"featured_media":0,"comment_status":"open","ping_status":"open","sticky":false,"template":"","format":"standard","meta":{"footnotes":""},"categories":[21],"tags":[],"class_list":["post-71112","post","type-post","status-publish","format-standard","hentry","category-cultura"],"_links":{"self":[{"href":"https:\/\/diariodominicano.com\/index.php?rest_route=\/wp\/v2\/posts\/71112","targetHints":{"allow":["GET"]}}],"collection":[{"href":"https:\/\/diariodominicano.com\/index.php?rest_route=\/wp\/v2\/posts"}],"about":[{"href":"https:\/\/diariodominicano.com\/index.php?rest_route=\/wp\/v2\/types\/post"}],"author":[{"embeddable":true,"href":"https:\/\/diariodominicano.com\/index.php?rest_route=\/wp\/v2\/users\/3"}],"replies":[{"embeddable":true,"href":"https:\/\/diariodominicano.com\/index.php?rest_route=%2Fwp%2Fv2%2Fcomments&post=71112"}],"version-history":[{"count":0,"href":"https:\/\/diariodominicano.com\/index.php?rest_route=\/wp\/v2\/posts\/71112\/revisions"}],"wp:attachment":[{"href":"https:\/\/diariodominicano.com\/index.php?rest_route=%2Fwp%2Fv2%2Fmedia&parent=71112"}],"wp:term":[{"taxonomy":"category","embeddable":true,"href":"https:\/\/diariodominicano.com\/index.php?rest_route=%2Fwp%2Fv2%2Fcategories&post=71112"},{"taxonomy":"post_tag","embeddable":true,"href":"https:\/\/diariodominicano.com\/index.php?rest_route=%2Fwp%2Fv2%2Ftags&post=71112"}],"curies":[{"name":"wp","href":"https:\/\/api.w.org\/{rel}","templated":true}]}}