{"id":71111,"date":"2008-04-21T20:34:39","date_gmt":"2008-04-21T20:34:39","guid":{"rendered":"http:\/\/diariodominicano.ddns.net\/?p=71111"},"modified":"2008-04-21T20:34:39","modified_gmt":"2008-04-21T20:34:39","slug":"las-ciudades-vistas-por-el-desaparecido-famoso-fotografo-dominicano-max-pou","status":"publish","type":"post","link":"https:\/\/diariodominicano.com\/?p=71111","title":{"rendered":"Las ciudades vistas por el desaparecido famoso fot\u00f3grafo dominicano Max Pou"},"content":{"rendered":"<p><body><\/p>\n<p align=\"center\" class=\"titulogrande1\">Las ciudades vistas por el  desaparecido famoso fot\u00f3grafo dominicano Max Pou<\/p>\n<p>&#13;<\/p>\n<p align=\"justify\" class=\"text1noticias\">Hasta el 11 de mayo en\u00a0 los  salones del Centro Cultural de Espa\u00f1a los amantes a las Bellas Artes podr\u00e1n  disfrutar de una de las exposiciones del a\u00f1o, y con una trascendencia art\u00edstica  jam\u00e1s vista en el pa\u00eds.<\/p>\n<p>&#13;<\/p>\n<p align=\"justify\" class=\"text1noticias\"><strong><img loading=\"lazy\" decoding=\"async\" src=\"http:\/\/localhost:8080\/img\/max pou.jpg\" width=\"375\" height=\"1259\" hspace=\"4\" align=\"left\" \/>SANTO DOMINGO.- <\/strong>Con la  presencia de su viuda, sus hijos y los amigos mas cercanos, el Centro Cultural  de Espa\u00f1a dejo abierta la magnifica muestra fotogr\u00e1fica \u201cLas\u00a0 Ciudades de Don Max\u00bb, del desaparecido  maestro dominicana M\u00e1ximo Rodr\u00edguez Pou.<br \/>&#13;<br \/>\n  <br \/>&#13;<br \/>\n  Hasta  el 11 de mayo el p\u00fablico que visita la instituci\u00f3n cultural espa\u00f1ola, abierta  de lunes a domingo de 9:00 a.m. a\u00a0 9:00  p.m. podr\u00e1 disfrutar de esta muestra, curada por Carlos Acero y Paula G\u00f3mez.  Cuenta adem\u00e1s con el apoyo de la Fundaci\u00f3n Imagen 83 y estar\u00e1 abierta al p\u00fablico  hasta el 11 de mayo.<br \/>&#13;<br \/>\n  <br \/>&#13;<br \/>\n  M\u00e1ximo Rodr\u00edguez Pou se inici\u00f3 en la fotograf\u00eda a la edad de 24 a\u00f1os, y  realiz\u00f3 su primera exposici\u00f3n individual en el Instituto Cultural Dom\u00ednico  Americano en el 1950. El 1ero de agosto del 1952, junto a Santiago Lamela Geler  y Rafael Western es el responsable de la transmisi\u00f3n del programa inaugural de  la televisi\u00f3n nacional.<br \/>&#13;<br \/>\n  <br \/>&#13;<br \/>\n  Fue  pionero del cine dominicano, junto a Eduardo Palmer, con \u00abEl trabajo de un  pueblo\u00bb, y \u00abNuestra historia\u00bb, adem\u00e1s de corresponsal de la NBC Television  durante nueve a\u00f1os, director de documentales, fot\u00f3grafo art\u00edstico y comercial,  articulista reputado y\u2026 muchas otras cosas.<br \/>&#13;<br \/>\n  <br \/>&#13;<br \/>\n  En  el \u00e1rea de la fotograf\u00eda se dedic\u00f3 principalmente a fotografiar la vida social  de importantes figura de la \u00e9poca, siendo\u00a0  testigo de importantes acontecimientos de la vida nacional;\u00a0 y durante el periodo comprendido entre los  a\u00f1os 1949 y 1962 se desarroll\u00f3 como fot\u00f3grafo profesional especializado en retrato,  paisaje y urbanismo.<br \/>&#13;<br \/>\n  <br \/>&#13;<br \/>\n  Incursion\u00f3  por primera vez en el cine en 1959 con el documental  \u00abEl Puente para elYaque\u00bb  al que siguieron \u201cV\u00eda Libre\u201d en  1962, \u201cEl esfuerzo de un pueblo\u201d  en 1968, \u201cCarnaval dominicano\u201d en  1969, y \u00abSanto Domingo: Cuna de  Am\u00e9rica\u00bb en el a\u00f1o 1970.<br \/>&#13;<br \/>\n  <br \/>&#13;<br \/>\n  Su  carrera como documentalista concluy\u00f3 en 1982 con el rodaje de \u00abPatrimonio  Cultural de la   Rep\u00fablica Dominicana\u00bb,\u00a0  dedicado a la labor de preservaci\u00f3n y rescate de la arquitectura  colonial de la zona hist\u00f3rica de Santo Domingo.<br \/>&#13;<br \/>\n  <br \/>&#13;<br \/>\n  En  1973 dirigi\u00f3 el mediometraje \u00ab<em>Luisa<\/em>\u00bb que ser\u00eda utilizado  posteriormente en la campa\u00f1a de planificaci\u00f3n familiar a nivel nacional en ese  mismo a\u00f1o, logrando exhibirse en el Festival de Bilbao de 1975.<br \/>&#13;<br \/>\n  <br \/>&#13;<br \/>\n  En  el a\u00f1o 2002 recibi\u00f3 el Premio Internacional Lumi\u00e8re de la Uni\u00f3n Nacional de  Productores y Autores de Cine de Italia. M\u00e1ximo Rodr\u00edguez Pou falleci\u00f3 a los 81  a\u00f1os de edad dejando un legado imborrable que sin duda le sit\u00faa como uno de los  m\u00e1s importantes fot\u00f3grafos de la historia dominicana.<\/p>\n<p>&#13;<\/p>\n<h6> 2008-04-21 20:34:39 <\/h6>\n<p><!--\n<link rel=\"stylesheet\" href=\"css\/bootstrap.min.css\">\n\n\n<ul class=\"pagination\">\n\t    \n\t\n\n<li >\n\t<a href='?page_no=22788'>Previous<\/a>\n\t<\/li>\n\n\n       \n    \n\n<li><a href='?page_no=1'>1<\/a><\/li>\n\n\n\n<li><a href='?page_no=2'>2<\/a><\/li>\n\n\n\n<li><a>...<\/a><\/li>\n\n\n\n<li><a href='?page_no=22787'>22787<\/a><\/li>\n\n\n\n<li><a href='?page_no=22788'>22788<\/a><\/li>\n\n\n\n<li class='active'><a>22789<\/a><\/li>\n\n\n\n<li><a href='?page_no=22790'>22790<\/a><\/li>\n\n\n\n<li><a href='?page_no=22791'>22791<\/a><\/li>\n\n\n\n<li><a>...<\/a><\/li>\n\n\n\n<li><a href='?page_no=22911'>22911<\/a><\/li>\n\n\n\n<li><a href='?page_no=22912'>22912<\/a><\/li>\n\n    \n\t\n\n<li >\n\t<a href='?page_no=22790'>Next<\/a>\n\t<\/li>\n\n\n    \n\n<li><a href='?page_no=22912'>Last &rsaquo;&rsaquo;<\/a><\/li>\n\n<\/ul>\n\n\n--><br \/>\n<\/body><\/p>\n","protected":false},"excerpt":{"rendered":"<p>Las ciudades vistas por el desaparecido famoso fot\u00f3grafo dominicano Max Pou &#13; Hasta el 11 de mayo en\u00a0 los salones del Centro Cultural de Espa\u00f1a los amantes a las Bellas Artes podr\u00e1n disfrutar de una de las exposiciones del a\u00f1o, y con una trascendencia art\u00edstica jam\u00e1s vista en el pa\u00eds. &#13; SANTO DOMINGO.- Con la [&hellip;]<\/p>\n","protected":false},"author":3,"featured_media":0,"comment_status":"open","ping_status":"open","sticky":false,"template":"","format":"standard","meta":{"footnotes":""},"categories":[21],"tags":[],"class_list":["post-71111","post","type-post","status-publish","format-standard","hentry","category-cultura"],"_links":{"self":[{"href":"https:\/\/diariodominicano.com\/index.php?rest_route=\/wp\/v2\/posts\/71111","targetHints":{"allow":["GET"]}}],"collection":[{"href":"https:\/\/diariodominicano.com\/index.php?rest_route=\/wp\/v2\/posts"}],"about":[{"href":"https:\/\/diariodominicano.com\/index.php?rest_route=\/wp\/v2\/types\/post"}],"author":[{"embeddable":true,"href":"https:\/\/diariodominicano.com\/index.php?rest_route=\/wp\/v2\/users\/3"}],"replies":[{"embeddable":true,"href":"https:\/\/diariodominicano.com\/index.php?rest_route=%2Fwp%2Fv2%2Fcomments&post=71111"}],"version-history":[{"count":0,"href":"https:\/\/diariodominicano.com\/index.php?rest_route=\/wp\/v2\/posts\/71111\/revisions"}],"wp:attachment":[{"href":"https:\/\/diariodominicano.com\/index.php?rest_route=%2Fwp%2Fv2%2Fmedia&parent=71111"}],"wp:term":[{"taxonomy":"category","embeddable":true,"href":"https:\/\/diariodominicano.com\/index.php?rest_route=%2Fwp%2Fv2%2Fcategories&post=71111"},{"taxonomy":"post_tag","embeddable":true,"href":"https:\/\/diariodominicano.com\/index.php?rest_route=%2Fwp%2Fv2%2Ftags&post=71111"}],"curies":[{"name":"wp","href":"https:\/\/api.w.org\/{rel}","templated":true}]}}