{"id":71110,"date":"2008-04-21T22:30:23","date_gmt":"2008-04-21T22:30:23","guid":{"rendered":"http:\/\/diariodominicano.ddns.net\/?p=71110"},"modified":"2008-04-21T22:30:23","modified_gmt":"2008-04-21T22:30:23","slug":"poesias-mateo-morrison-incluidas-en-libro-editado-por-biblioteca-del-congreso-en-washington-estados-unidos","status":"publish","type":"post","link":"https:\/\/diariodominicano.com\/?p=71110","title":{"rendered":"Poes\u00edas Mateo Morrison incluidas en libro editado por Biblioteca del Congreso en Washington, Estados Unidos"},"content":{"rendered":"<p><body><\/p>\n<p align=\"justify\" class=\"titulogrande1\"><strong>Poes\u00edas Mateo Morrison incluidas en  libro editado por Biblioteca del Congreso en Washington, Estados Unidos<\/strong><\/p>\n<p>&#13;<\/p>\n<p><strong>Por: <span class=\"textogrande\">Yanelis Jim\u00e9nez<\/span><\/strong><\/p>\n<p>&#13;<\/p>\n<p align=\"justify\" class=\"text1noticias\"><img loading=\"lazy\" decoding=\"async\" src=\"http:\/\/localhost:8080\/img\/mateo.jpg\" width=\"375\" height=\"475\" hspace=\"4\" align=\"left\" \/>Varias  poes\u00edas del poeta dominicano, Mateo Morrison, fueron incluidas en el libro  \u00bfCu\u00e1ndo ha visto salir medio sol?, editado por la divisi\u00f3n Hisp\u00e1nica de la Biblioteca del Congreso  de Washington, Estados Unidos, en el  marco del XV1 Marat\u00f3n de la   Poes\u00eda, \u201cLa pluma y la palabra: Lo mejor de la poes\u00eda hispanoamericana\u201d.<\/p>\n<p>&#13;<\/p>\n<p align=\"justify\" class=\"text1noticias\">El escritor, que tambien agreg\u00f3 sus poes\u00edas y  su voz a la secci\u00f3n del proyecto  denominado \u201cEl archivo de la palabra\u201d, junto a destacados poetas de diversos  pa\u00edses iberoamericanos, al ser invitado por ese organismo expres\u00f3 su  agradecimiento y la honra que signific\u00f3 para \u00e9l poner a la Rep\u00fablica Dominicana  en \u00a0alto.<\/p>\n<p>&#13;<\/p>\n<p align=\"justify\" class=\"text1noticias\"> En  la secci\u00f3n \u201cEl archivo de la palabra\u201d, han grabado insignes \u00a0escritores como: los tres Premios Noveles de  Espa\u00f1a, Juan Ram\u00f3n Jim\u00e9nez, Vicente Aleixandre y Camilo Jos\u00e9 Sela, y los  cinco\u00a0 de Lanoam\u00e9rica: Gabriela Mistral,  Pablo Neruda, Miguel \u00c1ngel Asturias, Octavio Paz y Gabriel Garc\u00eda M\u00e1rquez.<\/p>\n<p>&#13;<\/p>\n<p align=\"justify\" class=\"text1noticias\">Otros  escritores ilustres como: Jorge Luis Borges, Mario Vargas Llosa, Carlos Fuente,  Jorge Amado, L\u00e9rida Pi\u00f1\u00f3n, y otros 232 literatos han estado en la obra \u201cthe  Archive of\u00a0 Hispanic Literarure\u00a0 on Tape\u201d.<\/p>\n<p>&#13;<\/p>\n<p align=\"justify\" class=\"text1noticias\">El  \u00faltimo grupo estuvo formado por Mateo Morrison de Rep\u00fablica Dominicana, Ana  Rossetti, Juan Carlos Mestre y Vicente Cervera Salinas de Espa\u00f1a; Dana Gelinas,  H\u00e9ctor Carreto y Hern\u00e1n Bravo Valera y Ciprian Cabrera Jasso de M\u00e9xico; Marcello  Pellegrini de Chile; Juana Goergen de Puerto Rico; Otoniel Guevara del Salvador,  Ivon Gordon Vailakis de Ecuador; Antonio Barbagallo de Italia.<\/p>\n<p>&#13;<\/p>\n<p align=\"justify\" class=\"text1noticias\">De esta participaci\u00f3n se produjo el importante  libro ya mencionado de 290 p\u00e1ginas, y que contiene una selecci\u00f3n de poes\u00edas de  los escritores ya mencionados.<br \/>&#13;<br \/>\n  \u00a0<br \/>&#13;<br \/>\nLa poes\u00eda del escritor dominicano incluidas en  el libro fueron: En principio, Espasmos en la Noche, Ecolog\u00eda, la C\u00e1mara me observa, Los  \u00c1ngeles de Mieses, Cansado de Sostener,\u00a0  Emoci\u00f3n por las islas, Voz que se desplaza, Iniciaci\u00f3n del sobresalto,  Samanta y las palabras, Berioska, Si la casa se llena de sombra, Almuerzo de  estrellas, En la esquina del viento y Cuando nac\u00ed.\u00a0 <\/p>\n<p>&#13;<\/p>\n<p align=\"justify\" class=\"text1noticias\">Al Marat\u00f3n de Poes\u00eda celebrado en el Teatro de  la Luna, se  a\u00f1adieron, adem\u00e1s de los poetas ya mencionados y que grabaron en la Biblioteca del  Congreso, escritores de diversos lugares de Estados Unidos sobre todo de la  divisi\u00f3n de estudios hisp\u00e1nicos.<\/p>\n<p>&#13;<\/p>\n<p align=\"justify\" class=\"text1noticias\">El ingeniero Milton Morrison,\u00a0 director ejecutivo de la Fundaci\u00f3n Espacios  Culturales, destac\u00f3 la importancia que reviste para el pa\u00eds el hecho de que  Mateo Morrison,\u00a0 presidente fundador de  ese organismo cultural haya sido seleccionado entre ese selecto grupo de  escritores iberoamericanos.<\/p>\n<p>&#13;<\/p>\n<p align=\"justify\" class=\"text1noticias\">El  director de la divisi\u00f3n Hisp\u00e1nica de la Biblioteca, anunci\u00f3 que dentro de un mes estar\u00e1 a  disposici\u00f3n de todo el mundo las grabaciones de las poes\u00edas en la voz de sus  autores, a trav\u00e9s de la p\u00e1gina de Internet de esa instituci\u00f3n educativa.<\/p>\n<p>&#13;<\/p>\n<p align=\"justify\" class=\"text1noticias\">Como  parte final del encuentro, se realiz\u00f3 un recorrido en el Paseo Walt whitmon,  donde todos los pa\u00edses participantes rindieron homenaje al autor de Hojas de Hierba.<\/p>\n<p>&#13;<\/p>\n<h6> 2008-04-21 22:30:23 <\/h6>\n<p><!--\n<link rel=\"stylesheet\" href=\"css\/bootstrap.min.css\">\n\n\n<ul class=\"pagination\">\n\t    \n\t\n\n<li >\n\t<a href='?page_no=22787'>Previous<\/a>\n\t<\/li>\n\n\n       \n    \n\n<li><a href='?page_no=1'>1<\/a><\/li>\n\n\n\n<li><a href='?page_no=2'>2<\/a><\/li>\n\n\n\n<li><a>...<\/a><\/li>\n\n\n\n<li><a href='?page_no=22786'>22786<\/a><\/li>\n\n\n\n<li><a href='?page_no=22787'>22787<\/a><\/li>\n\n\n\n<li class='active'><a>22788<\/a><\/li>\n\n\n\n<li><a href='?page_no=22789'>22789<\/a><\/li>\n\n\n\n<li><a href='?page_no=22790'>22790<\/a><\/li>\n\n\n\n<li><a>...<\/a><\/li>\n\n\n\n<li><a href='?page_no=22911'>22911<\/a><\/li>\n\n\n\n<li><a href='?page_no=22912'>22912<\/a><\/li>\n\n    \n\t\n\n<li >\n\t<a href='?page_no=22789'>Next<\/a>\n\t<\/li>\n\n\n    \n\n<li><a href='?page_no=22912'>Last &rsaquo;&rsaquo;<\/a><\/li>\n\n<\/ul>\n\n\n--><br \/>\n<\/body><\/p>\n","protected":false},"excerpt":{"rendered":"<p>Poes\u00edas Mateo Morrison incluidas en libro editado por Biblioteca del Congreso en Washington, Estados Unidos &#13; Por: Yanelis Jim\u00e9nez &#13; Varias poes\u00edas del poeta dominicano, Mateo Morrison, fueron incluidas en el libro \u00bfCu\u00e1ndo ha visto salir medio sol?, editado por la divisi\u00f3n Hisp\u00e1nica de la Biblioteca del Congreso de Washington, Estados Unidos, en el marco [&hellip;]<\/p>\n","protected":false},"author":3,"featured_media":0,"comment_status":"open","ping_status":"open","sticky":false,"template":"","format":"standard","meta":{"footnotes":""},"categories":[21],"tags":[],"class_list":["post-71110","post","type-post","status-publish","format-standard","hentry","category-cultura"],"_links":{"self":[{"href":"https:\/\/diariodominicano.com\/index.php?rest_route=\/wp\/v2\/posts\/71110","targetHints":{"allow":["GET"]}}],"collection":[{"href":"https:\/\/diariodominicano.com\/index.php?rest_route=\/wp\/v2\/posts"}],"about":[{"href":"https:\/\/diariodominicano.com\/index.php?rest_route=\/wp\/v2\/types\/post"}],"author":[{"embeddable":true,"href":"https:\/\/diariodominicano.com\/index.php?rest_route=\/wp\/v2\/users\/3"}],"replies":[{"embeddable":true,"href":"https:\/\/diariodominicano.com\/index.php?rest_route=%2Fwp%2Fv2%2Fcomments&post=71110"}],"version-history":[{"count":0,"href":"https:\/\/diariodominicano.com\/index.php?rest_route=\/wp\/v2\/posts\/71110\/revisions"}],"wp:attachment":[{"href":"https:\/\/diariodominicano.com\/index.php?rest_route=%2Fwp%2Fv2%2Fmedia&parent=71110"}],"wp:term":[{"taxonomy":"category","embeddable":true,"href":"https:\/\/diariodominicano.com\/index.php?rest_route=%2Fwp%2Fv2%2Fcategories&post=71110"},{"taxonomy":"post_tag","embeddable":true,"href":"https:\/\/diariodominicano.com\/index.php?rest_route=%2Fwp%2Fv2%2Ftags&post=71110"}],"curies":[{"name":"wp","href":"https:\/\/api.w.org\/{rel}","templated":true}]}}