{"id":71109,"date":"2008-04-22T17:41:39","date_gmt":"2008-04-22T17:41:39","guid":{"rendered":"http:\/\/diariodominicano.ddns.net\/?p=71109"},"modified":"2008-04-22T17:41:39","modified_gmt":"2008-04-22T17:41:39","slug":"disney-retoma-el-ciclo-de-la-vida","status":"publish","type":"post","link":"https:\/\/diariodominicano.com\/?p=71109","title":{"rendered":"Disney retoma el ciclo de la vida"},"content":{"rendered":"<p><body><\/p>\n<p align=\"justify\"><strong class=\"titulogrande1\">Disney retoma el ciclo de la vida<\/strong><br \/>&#13;<br \/>\n  <br \/>&#13;<br \/>\n    <span class=\"text1noticias\">La compa\u00f1\u00eda de entretenimiento intenta concienciar sobre los problemas del  medio ambiente con la creaci\u00f3n de siete documentales <br \/>&#13;<br \/>\n    <br \/>&#13;<br \/>\n    <strong>AGENCIAS \/  ELPA\u00cdS.com<\/strong> &#8211; Los Angeles  &#8211; 22\/04\/2008 <\/span><\/p>\n<p>&#13;<\/p>\n<p align=\"justify\" class=\"text1noticias\"><img loading=\"lazy\" decoding=\"async\" src=\"http:\/\/localhost:8080\/img\/disney.jpg\" width=\"375\" height=\"276\" hspace=\"4\" align=\"left\" \/>El gigante de la animaci\u00f3n Disney  se suma a la preocupaci\u00f3n mundial por el medio ambiente y el cambio clim\u00e1tico.  Los estudios Walt Disney, habituales ya en la exaltaci\u00f3n de los valores de la  amistad y el amor, apelar\u00e1 al sentimiento ecol\u00f3gico de los espectadores a  trav\u00e9s de siete documentales, cuyo tema principal ser\u00e1 el medio ambiente.<br \/>&#13;<br \/>\n  <br \/>&#13;<br \/>\n  Para este proyecto se crear\u00e1 una  nueva unidad dentro de la compa\u00f1\u00eda, Disneynature. Al frente de la iniciativa se  situar\u00e1 Jean-Fran\u00e7ois Camilleri, antiguo vicepresidente de Walt Disney en  Francia, pa\u00eds donde se situar\u00e1 la sede del nuevo proyecto.<br \/>&#13;<br \/>\n  <br \/>&#13;<br \/>\n\u00abDisneynature es un concepto  que pretendemos desarrollar en todo el mundo a lo largo de los a\u00f1os y esperamos  que estos filmes contribuyan a una mejor comprensi\u00f3n de la belleza y la  fragilidad de nuestro mundo natural\u00bb, dijo Robert Iger, presidente de Walt  Disney.<br \/>&#13;<br \/>\n<br \/>&#13;<br \/>\n  <em>The Crimson Wing: Mystery of the  Flamingos<\/em>, dirigida por de Matthew  Aeberhard y Leander Ward, ser\u00e1 la primera entrega por parte de Disneynature. A  este documental le seguir\u00e1n <em>Earth<\/em>, del director brit\u00e1nico Alastair  Fothergill y narrada por el actor James Earl Jones, que ya colabor\u00f3 con Disney  poniendo la voz a Mufasa en la versi\u00f3n angl\u00f3fona de <em>El Rey Le\u00f3n<\/em>.<br \/>&#13;<br \/>\n  <br \/>&#13;<br \/>\n  El estreno de <em>Earth<\/em>, que  narra el viaje de tres madres \u2013 una osa polar, una elefante y una ballena  jorobada \u2013 junto a sus v\u00e1stagos, est\u00e1 previsto para el 2 de abril de 2009,  fecha en la que se celebra el \u00abD\u00eda de la tierra\u00bb (\u00abEarth  Day\u00bb).<br \/>&#13;<br \/>\n  <br \/>&#13;<br \/>\n  Rodada en m\u00e1s de 200 localizaciones  diferentes repartidas por todo el mundo, Fothergill &#8211; responsable, entre otras  producciones, de aclamada la serie documental <em>El Planeta Azul<\/em> &#8211; asegura  que <em>Earth<\/em> marca un antes y un despu\u00e9s en la realizaci\u00f3n de documentales  sobre naturaleza.<br \/>&#13;<br \/>\n  <br \/>&#13;<br \/>\n  Despu\u00e9s, entre 2010 y 2012,  llegar\u00e1n a nuestras pantallas <em>Oceans<\/em>, de Jacques Perrin y Jacques  Cluzaud, y <em>Orangutans<\/em>, de Charlie Hamilton James, <em>Big Cats<\/em>, de  Keith Scholey y Fothergill, <em>Naked Beauty: A Love Story that Feedsd the Earth<\/em>,  realizada por Louie Schwartzberg, y por \u00faltimo <em>Chimpanzee<\/em>, dirigida por  Mark Linfield y Fothergill.<br \/>&#13;<br \/>\n  <br \/>&#13;<br \/>\n  Los responsables de Disney han  afirmado que la nueva divisi\u00f3n viene a continuar la tendencia iniciada por el  cl\u00e1sico animado <em>Bambi<\/em>, al que le siguieron una serie de documentales  entre 1948 y 1960, recogidos bajo el nombre de <em>True-Life Adventures<\/em>. El  testigo ecol\u00f3gico lo recogieron en los a\u00f1os noventa <em>El Rey Le\u00f3n<\/em> y <em>Pocahontas<\/em>,  y ya en el nuevo siglo <em>Buscando a Nemo<\/em> apel\u00f3 a la sensibilidad de los  espectadores respecto a los problemas del mar.<\/p>\n<p>&#13;<\/p>\n<h6> 2008-04-22 17:41:39 <\/h6>\n<p><!--\n<link rel=\"stylesheet\" href=\"css\/bootstrap.min.css\">\n\n\n<ul class=\"pagination\">\n\t    \n\t\n\n<li >\n\t<a href='?page_no=22786'>Previous<\/a>\n\t<\/li>\n\n\n       \n    \n\n<li><a href='?page_no=1'>1<\/a><\/li>\n\n\n\n<li><a href='?page_no=2'>2<\/a><\/li>\n\n\n\n<li><a>...<\/a><\/li>\n\n\n\n<li><a href='?page_no=22785'>22785<\/a><\/li>\n\n\n\n<li><a href='?page_no=22786'>22786<\/a><\/li>\n\n\n\n<li class='active'><a>22787<\/a><\/li>\n\n\n\n<li><a href='?page_no=22788'>22788<\/a><\/li>\n\n\n\n<li><a href='?page_no=22789'>22789<\/a><\/li>\n\n\n\n<li><a>...<\/a><\/li>\n\n\n\n<li><a href='?page_no=22911'>22911<\/a><\/li>\n\n\n\n<li><a href='?page_no=22912'>22912<\/a><\/li>\n\n    \n\t\n\n<li >\n\t<a href='?page_no=22788'>Next<\/a>\n\t<\/li>\n\n\n    \n\n<li><a href='?page_no=22912'>Last &rsaquo;&rsaquo;<\/a><\/li>\n\n<\/ul>\n\n\n--><br \/>\n<\/body><\/p>\n","protected":false},"excerpt":{"rendered":"<p>Disney retoma el ciclo de la vida&#13; &#13; La compa\u00f1\u00eda de entretenimiento intenta concienciar sobre los problemas del medio ambiente con la creaci\u00f3n de siete documentales &#13; &#13; AGENCIAS \/ ELPA\u00cdS.com &#8211; Los Angeles &#8211; 22\/04\/2008 &#13; El gigante de la animaci\u00f3n Disney se suma a la preocupaci\u00f3n mundial por el medio ambiente y el [&hellip;]<\/p>\n","protected":false},"author":3,"featured_media":0,"comment_status":"open","ping_status":"open","sticky":false,"template":"","format":"standard","meta":{"footnotes":""},"categories":[21],"tags":[],"class_list":["post-71109","post","type-post","status-publish","format-standard","hentry","category-cultura"],"_links":{"self":[{"href":"https:\/\/diariodominicano.com\/index.php?rest_route=\/wp\/v2\/posts\/71109","targetHints":{"allow":["GET"]}}],"collection":[{"href":"https:\/\/diariodominicano.com\/index.php?rest_route=\/wp\/v2\/posts"}],"about":[{"href":"https:\/\/diariodominicano.com\/index.php?rest_route=\/wp\/v2\/types\/post"}],"author":[{"embeddable":true,"href":"https:\/\/diariodominicano.com\/index.php?rest_route=\/wp\/v2\/users\/3"}],"replies":[{"embeddable":true,"href":"https:\/\/diariodominicano.com\/index.php?rest_route=%2Fwp%2Fv2%2Fcomments&post=71109"}],"version-history":[{"count":0,"href":"https:\/\/diariodominicano.com\/index.php?rest_route=\/wp\/v2\/posts\/71109\/revisions"}],"wp:attachment":[{"href":"https:\/\/diariodominicano.com\/index.php?rest_route=%2Fwp%2Fv2%2Fmedia&parent=71109"}],"wp:term":[{"taxonomy":"category","embeddable":true,"href":"https:\/\/diariodominicano.com\/index.php?rest_route=%2Fwp%2Fv2%2Fcategories&post=71109"},{"taxonomy":"post_tag","embeddable":true,"href":"https:\/\/diariodominicano.com\/index.php?rest_route=%2Fwp%2Fv2%2Ftags&post=71109"}],"curies":[{"name":"wp","href":"https:\/\/api.w.org\/{rel}","templated":true}]}}