{"id":71104,"date":"2008-04-22T20:05:42","date_gmt":"2008-04-22T20:05:42","guid":{"rendered":"http:\/\/diariodominicano.ddns.net\/?p=71104"},"modified":"2008-04-22T20:05:42","modified_gmt":"2008-04-22T20:05:42","slug":"efemerides-patrias-conmemorara-43-aniversario-gesta-de-abril","status":"publish","type":"post","link":"https:\/\/diariodominicano.com\/?p=71104","title":{"rendered":"Efem\u00e9rides Patrias conmemorar\u00e1 43 Aniversario Gesta de Abril"},"content":{"rendered":"<p><body><\/p>\n<p align=\"center\" class=\"titulogrande1\">Efem\u00e9rides Patrias conmemorar\u00e1 43 Aniversario Gesta de Abril <\/p>\n<p>&#13;<\/p>\n<p align=\"justify\"><span class=\"text1noticias\"><strong>Santo Domingo.-<\/strong> La  Comisi\u00f3n Permanente de Efem\u00e9rides Patrias, que preside el historiador Juan  Daniel Balc\u00e1cer, inform\u00f3 que durante el curso de esta semana llevar\u00e1 a cabo  varias actividades con motivo de cumplirse el 43 aniversario de la guerra  patria de abril de 1965.<br \/>&#13;<br \/>\n  <br \/>&#13;<br \/>\n El  pasado martes 22 se realiz\u00f3 un acto de reconocimiento, en la Academia  Dominicana de la Historia, al general H\u00e9ctor Lachapelle D\u00edaz, uno de los m\u00e1s  destacados oficiales constitucionalistas, junto con Rafael Fern\u00e1ndez Dom\u00ednguez,  Francisco Alberto Caama\u00f1o De\u00f1\u00f3, Manuel Ram\u00f3n Montes Arache y otros valientes  gladiadores de aquella inmortal gesta de 1965.<br \/>&#13;<br \/>\n<br \/>&#13;<br \/>\n El  jueves 24, a las 9 de la ma\u00f1ana, tendr\u00e1 lugar una eucarist\u00eda a la memoria de  los ca\u00eddos durante la guerra del 65, en la parroquia Nuestra Se\u00f1ora del Carmen,  oficiada por monse\u00f1or Rafael Bello Peguero.<br \/>&#13;<br \/>\n<br \/>&#13;<br \/>\n Luego  de la misa, a la que han sido invitadas diferentes personalidades e  instituciones pertenecientes a Fundaciones dedicadas a exaltar la gesta del 65  y la memoria de los m\u00e1s destacados h\u00e9roes de esa efem\u00e9rides, la Comisi\u00f3n  Permanente invita a una ofrenda floral en el Altar de la Patria, en el parque  Independencia, en honor a los hombres y mujeres que lucharon por el  restablecimiento de la Constituci\u00f3n de 1963.<br \/>&#13;<br \/>\n <br \/>&#13;<br \/>\n Se  inform\u00f3 que antes de depositar las ofrendas en el Altar de la Patria, miembros  del Coro Nacional interpretar\u00e1n las notas de la himno nacional dominicano; y al  finalizar la ceremonia, que estar\u00e1 a cargo de la Comisi\u00f3n y de otras instituciones,  se interpretar\u00e1n las notas del himno a la Revoluci\u00f3n escrito por el artista y  compositor An\u00edbal de Pe\u00f1a.<br \/>&#13;<br \/>\n <br \/>&#13;<br \/>\n Un  bolet\u00edn de prensa de la Comisi\u00f3n Permanente de Efem\u00e9rides Patrias tambi\u00e9n  inform\u00f3 de otras actividades programadas, tales como la presentaci\u00f3n del  documental \u201cGuerra constitucionalista del 65\u201d, elaborado por el licenciado  Rafael P\u00e9rez Modesto, productor del programa \u201cMomentos de la Historia\u201d, en el  \u00e1rea frontal del Club Mauricio B\u00e1ez. Esta actividad tendr\u00e1 lugar el viernes 25  a las 7 de la noche, y a la misma se est\u00e1n cursando invitaciones a todos los  residentes en el sector de Villa Juana y a los miembros del Club Mauricio B\u00e1ez.<br \/>&#13;<br \/>\n<br \/>&#13;<br \/>\n La  fuente agreg\u00f3 que una colecci\u00f3n de obras pict\u00f3ricas sobre la guerra de abril  titulada \u201cHuellas de Abril\u201d, ser\u00e1 donada a la Universidad Aut\u00f3noma de Santo  Domingo, en la persona de su rector magn\u00edfico, doctor Franklyn Garc\u00eda Ferm\u00edn; y  que posteriormente se pondr\u00e1 en circulaci\u00f3n el libro \u201cHuellas de la Guerra  Patria de 1965\u201d, una compilaci\u00f3n de cuentos y relatos de los escritores Eric  Sim\u00f3n y Miguel Collado.<\/span><\/p>\n<p>&#13;<\/p>\n<h6> 2008-04-22 20:05:42 <\/h6>\n<p><!--\n<link rel=\"stylesheet\" href=\"css\/bootstrap.min.css\">\n\n\n<ul class=\"pagination\">\n\t    \n\t\n\n<li >\n\t<a href='?page_no=22781'>Previous<\/a>\n\t<\/li>\n\n\n       \n    \n\n<li><a href='?page_no=1'>1<\/a><\/li>\n\n\n\n<li><a href='?page_no=2'>2<\/a><\/li>\n\n\n\n<li><a>...<\/a><\/li>\n\n\n\n<li><a href='?page_no=22780'>22780<\/a><\/li>\n\n\n\n<li><a href='?page_no=22781'>22781<\/a><\/li>\n\n\n\n<li class='active'><a>22782<\/a><\/li>\n\n\n\n<li><a href='?page_no=22783'>22783<\/a><\/li>\n\n\n\n<li><a href='?page_no=22784'>22784<\/a><\/li>\n\n\n\n<li><a>...<\/a><\/li>\n\n\n\n<li><a href='?page_no=22911'>22911<\/a><\/li>\n\n\n\n<li><a href='?page_no=22912'>22912<\/a><\/li>\n\n    \n\t\n\n<li >\n\t<a href='?page_no=22783'>Next<\/a>\n\t<\/li>\n\n\n    \n\n<li><a href='?page_no=22912'>Last &rsaquo;&rsaquo;<\/a><\/li>\n\n<\/ul>\n\n\n--><br \/>\n<\/body><\/p>\n","protected":false},"excerpt":{"rendered":"<p>Efem\u00e9rides Patrias conmemorar\u00e1 43 Aniversario Gesta de Abril &#13; Santo Domingo.- La Comisi\u00f3n Permanente de Efem\u00e9rides Patrias, que preside el historiador Juan Daniel Balc\u00e1cer, inform\u00f3 que durante el curso de esta semana llevar\u00e1 a cabo varias actividades con motivo de cumplirse el 43 aniversario de la guerra patria de abril de 1965.&#13; &#13; El pasado [&hellip;]<\/p>\n","protected":false},"author":3,"featured_media":0,"comment_status":"open","ping_status":"open","sticky":false,"template":"","format":"standard","meta":{"footnotes":""},"categories":[21],"tags":[],"class_list":["post-71104","post","type-post","status-publish","format-standard","hentry","category-cultura"],"_links":{"self":[{"href":"https:\/\/diariodominicano.com\/index.php?rest_route=\/wp\/v2\/posts\/71104","targetHints":{"allow":["GET"]}}],"collection":[{"href":"https:\/\/diariodominicano.com\/index.php?rest_route=\/wp\/v2\/posts"}],"about":[{"href":"https:\/\/diariodominicano.com\/index.php?rest_route=\/wp\/v2\/types\/post"}],"author":[{"embeddable":true,"href":"https:\/\/diariodominicano.com\/index.php?rest_route=\/wp\/v2\/users\/3"}],"replies":[{"embeddable":true,"href":"https:\/\/diariodominicano.com\/index.php?rest_route=%2Fwp%2Fv2%2Fcomments&post=71104"}],"version-history":[{"count":0,"href":"https:\/\/diariodominicano.com\/index.php?rest_route=\/wp\/v2\/posts\/71104\/revisions"}],"wp:attachment":[{"href":"https:\/\/diariodominicano.com\/index.php?rest_route=%2Fwp%2Fv2%2Fmedia&parent=71104"}],"wp:term":[{"taxonomy":"category","embeddable":true,"href":"https:\/\/diariodominicano.com\/index.php?rest_route=%2Fwp%2Fv2%2Fcategories&post=71104"},{"taxonomy":"post_tag","embeddable":true,"href":"https:\/\/diariodominicano.com\/index.php?rest_route=%2Fwp%2Fv2%2Ftags&post=71104"}],"curies":[{"name":"wp","href":"https:\/\/api.w.org\/{rel}","templated":true}]}}