{"id":71103,"date":"2008-04-22T23:16:12","date_gmt":"2008-04-22T23:16:12","guid":{"rendered":"http:\/\/diariodominicano.ddns.net\/?p=71103"},"modified":"2008-04-22T23:16:12","modified_gmt":"2008-04-22T23:16:12","slug":"dictan-charla-sobre-infraestructura-cultural","status":"publish","type":"post","link":"https:\/\/diariodominicano.com\/?p=71103","title":{"rendered":"Dictan charla sobre infraestructura cultural"},"content":{"rendered":"<p><body><\/p>\n<p class=\"titulogrande1\"><strong>Dictan charla  sobre infraestructura cultural<\/strong><\/p>\n<p>&#13;<\/p>\n<p align=\"justify\" class=\"text1noticias\"><strong><img loading=\"lazy\" decoding=\"async\" src=\"http:\/\/localhost:8080\/img\/charla feria.jpg\" width=\"375\" height=\"502\" hspace=\"4\" align=\"left\" \/>Santo  Domingo.-<\/strong> Como parte del programa de la XI Feria Internacional del Libro, Santo Domingo  2008 el Sub-secretario Administrativo de la Secretar\u00eda de Estado de  Cultura, Alexander Santana Delgado resalt\u00f3 que esa instituci\u00f3n ha remozado gran  parte de las infraestructura culturales de nuestro pa\u00eds.<\/p>\n<p>&#13;<\/p>\n<p align=\"justify\" class=\"text1noticias\">Entre  las instituciones que la SEC  ha reestructurado figuran: el Monumento\u00a0  a los H\u00e9roes de la   Restauraci\u00f3n en Santiago, \u00a8esta es una de las mas recientes  obras, en las que se hizo un trabajo de remodelaci\u00f3n desde su paisajismo,  museograf\u00eda y su estructura completa\u00a8 manifest\u00f3 Santana Delgado.<\/p>\n<p>&#13;<\/p>\n<p align=\"justify\" class=\"text1noticias\">Estos  detalles\u00a0 fueron ofrecidos durante la  conferencia \u00a8Infraestructura Cultural\u00a8 la cual forma parte del programa que  presenta el pabell\u00f3n de la   Secretar\u00eda de Cultura y a la que asistieron decenas de  j\u00f3venes estudiantes del Liceo Boca de Nigua.<\/p>\n<p>&#13;<\/p>\n<p align=\"justify\" class=\"text1noticias\"> Otra  de las instituciones donde se han hecho trabajos de remodelaci\u00f3n es la sede de la Secretar\u00eda de Cultura,  el Gran Teatro del Cibao, el Palacio Consistorial de Santiago, el Palacio  Nacional de Bellas Artes de Santo Domingo, la Iglesia del Rosario de  Moca, la   Biblioteca Nacional Pedro Henr\u00edquez Ure\u00f1a, la Cinemateca Dominicana  y el Archivo General de la   Naci\u00f3n.<\/p>\n<p>&#13;<\/p>\n<p align=\"justify\" class=\"text1noticias\"> Entre  otros espacios que ha creado la   Secretar\u00eda de Cultura con el fin de promover el arte en todas  sus manifestaciones figura: el Centro Cultural de El\u00edas Pi\u00f1a, San Juan de la Maguana, Centro Cultural  Narciso Gonz\u00e1lez en Villa Juana, entre otros centros que se tienen en proyecto.<\/p>\n<p>&#13;<\/p>\n<p align=\"justify\" class=\"text1noticias\">Alexander  Santana invit\u00f3 a los estudiantes a que disfruten de las distintas actividades  que ser\u00e1n efectuadas durante los 14 d\u00edas que permanecer\u00e1 la fiesta del libro.<\/p>\n<p>&#13;<\/p>\n<h6> 2008-04-22 23:16:12 <\/h6>\n<p><!--\n<link rel=\"stylesheet\" href=\"css\/bootstrap.min.css\">\n\n\n<ul class=\"pagination\">\n\t    \n\t\n\n<li >\n\t<a href='?page_no=22780'>Previous<\/a>\n\t<\/li>\n\n\n       \n    \n\n<li><a href='?page_no=1'>1<\/a><\/li>\n\n\n\n<li><a href='?page_no=2'>2<\/a><\/li>\n\n\n\n<li><a>...<\/a><\/li>\n\n\n\n<li><a href='?page_no=22779'>22779<\/a><\/li>\n\n\n\n<li><a href='?page_no=22780'>22780<\/a><\/li>\n\n\n\n<li class='active'><a>22781<\/a><\/li>\n\n\n\n<li><a href='?page_no=22782'>22782<\/a><\/li>\n\n\n\n<li><a href='?page_no=22783'>22783<\/a><\/li>\n\n\n\n<li><a>...<\/a><\/li>\n\n\n\n<li><a href='?page_no=22911'>22911<\/a><\/li>\n\n\n\n<li><a href='?page_no=22912'>22912<\/a><\/li>\n\n    \n\t\n\n<li >\n\t<a href='?page_no=22782'>Next<\/a>\n\t<\/li>\n\n\n    \n\n<li><a href='?page_no=22912'>Last &rsaquo;&rsaquo;<\/a><\/li>\n\n<\/ul>\n\n\n--><br \/>\n<\/body><\/p>\n","protected":false},"excerpt":{"rendered":"<p>Dictan charla sobre infraestructura cultural &#13; Santo Domingo.- Como parte del programa de la XI Feria Internacional del Libro, Santo Domingo 2008 el Sub-secretario Administrativo de la Secretar\u00eda de Estado de Cultura, Alexander Santana Delgado resalt\u00f3 que esa instituci\u00f3n ha remozado gran parte de las infraestructura culturales de nuestro pa\u00eds. &#13; Entre las instituciones que [&hellip;]<\/p>\n","protected":false},"author":3,"featured_media":0,"comment_status":"open","ping_status":"open","sticky":false,"template":"","format":"standard","meta":{"footnotes":""},"categories":[21],"tags":[],"class_list":["post-71103","post","type-post","status-publish","format-standard","hentry","category-cultura"],"_links":{"self":[{"href":"https:\/\/diariodominicano.com\/index.php?rest_route=\/wp\/v2\/posts\/71103","targetHints":{"allow":["GET"]}}],"collection":[{"href":"https:\/\/diariodominicano.com\/index.php?rest_route=\/wp\/v2\/posts"}],"about":[{"href":"https:\/\/diariodominicano.com\/index.php?rest_route=\/wp\/v2\/types\/post"}],"author":[{"embeddable":true,"href":"https:\/\/diariodominicano.com\/index.php?rest_route=\/wp\/v2\/users\/3"}],"replies":[{"embeddable":true,"href":"https:\/\/diariodominicano.com\/index.php?rest_route=%2Fwp%2Fv2%2Fcomments&post=71103"}],"version-history":[{"count":0,"href":"https:\/\/diariodominicano.com\/index.php?rest_route=\/wp\/v2\/posts\/71103\/revisions"}],"wp:attachment":[{"href":"https:\/\/diariodominicano.com\/index.php?rest_route=%2Fwp%2Fv2%2Fmedia&parent=71103"}],"wp:term":[{"taxonomy":"category","embeddable":true,"href":"https:\/\/diariodominicano.com\/index.php?rest_route=%2Fwp%2Fv2%2Fcategories&post=71103"},{"taxonomy":"post_tag","embeddable":true,"href":"https:\/\/diariodominicano.com\/index.php?rest_route=%2Fwp%2Fv2%2Ftags&post=71103"}],"curies":[{"name":"wp","href":"https:\/\/api.w.org\/{rel}","templated":true}]}}