{"id":71102,"date":"2008-04-22T23:20:15","date_gmt":"2008-04-22T23:20:15","guid":{"rendered":"http:\/\/diariodominicano.ddns.net\/?p=71102"},"modified":"2008-04-22T23:20:15","modified_gmt":"2008-04-22T23:20:15","slug":"secretario-general-de-la-aec-asegura-que-el-presidente-de-la-republica-dominicana-juega-un-papel-importante-en-la-integracion-regional","status":"publish","type":"post","link":"https:\/\/diariodominicano.com\/?p=71102","title":{"rendered":"Secretario General de la AEC Asegura que el Presidente de la Rep\u00fablica Dominicana juega un papel importante en la Integraci\u00f3n Regional"},"content":{"rendered":"<p><body><\/p>\n<p align=\"justify\" class=\"titulogrande1\">Secretario  General de la AEC Asegura  que el Presidente de la   Rep\u00fablica Dominicana juega un papel importante en la Integraci\u00f3n Regional<\/p>\n<p>&#13;<\/p>\n<p align=\"justify\" class=\"text1noticias\"><strong><img loading=\"lazy\" decoding=\"async\" src=\"http:\/\/localhost:8080\/img\/feria.jpg\" width=\"375\" height=\"505\" hspace=\"4\" align=\"left\" \/>SANTO  DOMINGO.-<\/strong> El Secretario General de la Asociaci\u00f3n de Estados del Caribe, Lu\u00eds Fernando  Andrade Falla, destac\u00f3 el papel en el plano de la integraci\u00f3n regional, que  viene desempe\u00f1ando la   Rep\u00fablica Dominicana por iniciativas del Presidente Leonel  Fern\u00e1ndez. <\/p>\n<p>&#13;<\/p>\n<p align=\"justify\" class=\"text1noticias\">Andrade  Falla, al hablar en la apertura del Pabell\u00f3n de la Asociaci\u00f3n de Estados  del Caribe, encabezada por el Secretario de Cultura, \u00a0Jos\u00e9 Rafael Lantigua, respald\u00f3 el gran  liderazgo del Presidente Fern\u00e1ndez en el fortalecimiento de la cultura en  sentido general de este pa\u00eds y su integraci\u00f3n con las naciones de la regi\u00f3n.<\/p>\n<p>&#13;<\/p>\n<p align=\"justify\" class=\"text1noticias\">El  funcionario hemisf\u00e9rico plante\u00f3 que eventos como la Feria Internacional  del Libro Santo Domingo 2008, no se celebre una vez al a\u00f1o, sino en forma  permanente, \u201cLa AEC  propicia el fortalecimiento de la cooperaci\u00f3n cultural, econ\u00f3mica, pol\u00edtica,  cient\u00edfica, social y tecnol\u00f3gica entre nuestros pueblos con el fin de  contribuir a las procesos de integraci\u00f3n y mejorar nuestras capacidades frente  a las oportunidades y desaf\u00edos que la globalizaci\u00f3n nos impone\u201d.<br \/>&#13;<br \/>\n  \u00a0<br \/>&#13;<br \/>\n  Aclaro  que\u00a0 en esta Feria Internacional del  Libro se promueve la cultura en cada una de sus diversas expresiones literarias  y art\u00edsticas que es esencial para afianzar y profundizar el conocimiento,  entendimiento y respeto entre los pueblos y gobiernos del Gran Caribe, \u201cEsta  regi\u00f3n del mundo es privilegiada por su riqueza y diversidad cultural\u201d. <\/p>\n<p>&#13;<\/p>\n<p align=\"justify\" class=\"text1noticias\">El  ministro de AEC valor\u00f3 el hecho de\u00a0 que  el Caribe ha producido\u00a0 doce premios  N\u00f3bel de Literatura entre los que se\u00f1al\u00f3 a Saint-John Perse, de Guadalupe;  Miguel \u00c1ngel Asturias, de Guatemala; Gabriel Garc\u00eda M\u00e1rquez, de Colombia;  Octavio Paz, de M\u00e9xico; y VS Naipul, de Trinidad y Tobago.<\/p>\n<p>&#13;<\/p>\n<p align=\"justify\" class=\"text1noticias\">As\u00ed  como los premios N\u00f3bel de la paz, Alfonso Garc\u00eda Robles; de M\u00e9xico, Oscar Arias  S\u00e1nchez; de Costa Rica; Rigiberta Menchu, de Guatemala. Mientras que la regi\u00f3n,  tiene, como premio de Econom\u00eda a Sir Arthur Lewis de Santa Lucia; premio en  Medicina Baruj Benacerraf, de Venezuela, y Mario Molina de M\u00e9xico.<\/p>\n<p>&#13;<\/p>\n<p align=\"justify\" class=\"text1noticias\">Andrade  Falla, en otro orden, dijo que los objetivos establecidos en la convenci\u00f3n  fundacional de la   Asociaci\u00f3n de Estados del\u00a0  Caribe y que son la gu\u00eda de nuestro accionar, se apoyan en los  prop\u00f3sitos de la Feria Internacional del Libro.<\/p>\n<p>&#13;<\/p>\n<p align=\"justify\" class=\"text1noticias\">Dijo que en la actividad  se promueve la cultura en cada una de sus diversas expresiones literarias y art\u00edsticas que es esencial para afianzar y profundizar el conocimiento, entendimiento y respeto entre los pueblos y gobiernos del Gran Caribe.<\/p>\n<p>&#13;<\/p>\n<p align=\"justify\" class=\"text1noticias\">En la actividad, el Secretario de Cultura, licenciado Jos\u00e9 Rafael Lantigua,  dijo que la Feria en se rinde tributo  a todos los pa\u00edses caribe\u00f1os.<\/p>\n<p>&#13;<\/p>\n<p align=\"justify\" class=\"text1noticias\">En la mesa de honor estuvieron presentes, el Secretario de Cultura,  Jos\u00e9 Rafael Lantigua; el Secretario General de la AEC, Lu\u00eds Fernando Andrade Falla.<\/p>\n<p>&#13;<\/p>\n<p align=\"justify\">\n<p>&#13;<\/p>\n<h6> 2008-04-22 23:20:15 <\/h6>\n<p><!--\n<link rel=\"stylesheet\" href=\"css\/bootstrap.min.css\">\n\n\n<ul class=\"pagination\">\n\t    \n\t\n\n<li >\n\t<a href='?page_no=22779'>Previous<\/a>\n\t<\/li>\n\n\n       \n    \n\n<li><a href='?page_no=1'>1<\/a><\/li>\n\n\n\n<li><a href='?page_no=2'>2<\/a><\/li>\n\n\n\n<li><a>...<\/a><\/li>\n\n\n\n<li><a href='?page_no=22778'>22778<\/a><\/li>\n\n\n\n<li><a href='?page_no=22779'>22779<\/a><\/li>\n\n\n\n<li class='active'><a>22780<\/a><\/li>\n\n\n\n<li><a href='?page_no=22781'>22781<\/a><\/li>\n\n\n\n<li><a href='?page_no=22782'>22782<\/a><\/li>\n\n\n\n<li><a>...<\/a><\/li>\n\n\n\n<li><a href='?page_no=22911'>22911<\/a><\/li>\n\n\n\n<li><a href='?page_no=22912'>22912<\/a><\/li>\n\n    \n\t\n\n<li >\n\t<a href='?page_no=22781'>Next<\/a>\n\t<\/li>\n\n\n    \n\n<li><a href='?page_no=22912'>Last &rsaquo;&rsaquo;<\/a><\/li>\n\n<\/ul>\n\n\n--><br \/>\n<\/body><\/p>\n","protected":false},"excerpt":{"rendered":"<p>Secretario General de la AEC Asegura que el Presidente de la Rep\u00fablica Dominicana juega un papel importante en la Integraci\u00f3n Regional &#13; SANTO DOMINGO.- El Secretario General de la Asociaci\u00f3n de Estados del Caribe, Lu\u00eds Fernando Andrade Falla, destac\u00f3 el papel en el plano de la integraci\u00f3n regional, que viene desempe\u00f1ando la Rep\u00fablica Dominicana por [&hellip;]<\/p>\n","protected":false},"author":3,"featured_media":0,"comment_status":"open","ping_status":"open","sticky":false,"template":"","format":"standard","meta":{"footnotes":""},"categories":[21],"tags":[],"class_list":["post-71102","post","type-post","status-publish","format-standard","hentry","category-cultura"],"_links":{"self":[{"href":"https:\/\/diariodominicano.com\/index.php?rest_route=\/wp\/v2\/posts\/71102","targetHints":{"allow":["GET"]}}],"collection":[{"href":"https:\/\/diariodominicano.com\/index.php?rest_route=\/wp\/v2\/posts"}],"about":[{"href":"https:\/\/diariodominicano.com\/index.php?rest_route=\/wp\/v2\/types\/post"}],"author":[{"embeddable":true,"href":"https:\/\/diariodominicano.com\/index.php?rest_route=\/wp\/v2\/users\/3"}],"replies":[{"embeddable":true,"href":"https:\/\/diariodominicano.com\/index.php?rest_route=%2Fwp%2Fv2%2Fcomments&post=71102"}],"version-history":[{"count":0,"href":"https:\/\/diariodominicano.com\/index.php?rest_route=\/wp\/v2\/posts\/71102\/revisions"}],"wp:attachment":[{"href":"https:\/\/diariodominicano.com\/index.php?rest_route=%2Fwp%2Fv2%2Fmedia&parent=71102"}],"wp:term":[{"taxonomy":"category","embeddable":true,"href":"https:\/\/diariodominicano.com\/index.php?rest_route=%2Fwp%2Fv2%2Fcategories&post=71102"},{"taxonomy":"post_tag","embeddable":true,"href":"https:\/\/diariodominicano.com\/index.php?rest_route=%2Fwp%2Fv2%2Ftags&post=71102"}],"curies":[{"name":"wp","href":"https:\/\/api.w.org\/{rel}","templated":true}]}}