{"id":71101,"date":"2008-04-22T23:23:34","date_gmt":"2008-04-22T23:23:34","guid":{"rendered":"http:\/\/diariodominicano.ddns.net\/?p=71101"},"modified":"2008-04-22T23:23:34","modified_gmt":"2008-04-22T23:23:34","slug":"dedican-calle-recinto-feria-internacional-del-libro-2008-destacado-escritor-francisco-comarazamy","status":"publish","type":"post","link":"https:\/\/diariodominicano.com\/?p=71101","title":{"rendered":"Dedican calle recinto Feria Internacional del Libro 2008 destacado escritor Francisco Comarazamy"},"content":{"rendered":"<p><body><\/p>\n<p align=\"justify\" class=\"titulogrande1\"><strong>Dedican calle recinto Feria  Internacional del Libro 2008\u00a0 destacado  escritor Francisco Comarazamy<\/strong><\/p>\n<p>&#13;<\/p>\n<p align=\"justify\" class=\"text1noticias\"><strong><img loading=\"lazy\" decoding=\"async\" src=\"http:\/\/localhost:8080\/img\/comarazamy.jpg\" width=\"375\" height=\"813\" hspace=\"4\" align=\"left\" \/>Santo Domingo.-<\/strong> En  el primer d\u00eda de programaci\u00f3n de la XI\u00a0 Feria Internacional del  Libro 2008, fue honrado con la dedicatoria de una de las calles del recinto  ferial, al ilustre escritor y destacado periodista dominicano Francisco  Comarazamy, en reconocimiento a su trayectoria y aporte al acervo bibliogr\u00e1fico  nacional.<\/p>\n<p>&#13;<\/p>\n<p align=\"justify\" class=\"text1noticias\">El  acto efectuado en la extrema derecha del\u00a0  Teatro Nacional, estuvo presidido por el Secretario de Cultura, licenciado Jos\u00e9 Rafael Lantigua, Alejandro  Arvelo, Director General de la   Feria del Libro; Alexander Santana, Director Administrativo; Teo  Terrero, Coordinador de Dedicatoria de Calles, as\u00ed como familiares del homenajeado.<\/p>\n<p>&#13;<\/p>\n<p align=\"justify\" class=\"text1noticias\"> Al  referirse a la ardua labor que en el campo de la literatura ha desarrollado el  homenajeado, el titular de cultura, Jos\u00e9 Rafael Lantigua, destac\u00f3 que todo el  equipo de la\u00a0 Feria del Libro se siente honrado  porque\u00a0 el primer d\u00eda de ese relevante evento  cultural\u00a0 inici\u00f3 con un emotivo homenaje  y \u00a0especial dedicatoria a Don Francisco  Comarazamy.<\/p>\n<p>&#13;<\/p>\n<p align=\"justify\" class=\"text1noticias\">Record\u00f3,  que desde que se instauro el programa de dedicatoria de calles en el a\u00f1o 1997,  se\u00a0 ha mantenido como un ritual cultural \u00a0reconocer y dedicar un d\u00eda y la asignaci\u00f3n de  una calle a una personalidad de la cultura dominicana.<\/p>\n<p>&#13;<\/p>\n<p align=\"justify\" class=\"text1noticias\">Signific\u00f3,  que en la actualidad, Comarazamy, sigue activo en las p\u00e1ginas del List\u00edn Diario  siempre \u00a0motivando a la poblaci\u00f3n a que  se concentren en la lectura de obras de autores dominicanos. <\/p>\n<p>&#13;<\/p>\n<p align=\"justify\" class=\"text1noticias\">Lantigua,  defini\u00f3 a Comarazamy como una legendaria figura que tiene una historia como personaje  petromacorisano y \u00a0un espacio en el  periodismo dominicano que lo convierte en\u00a0  una leyenda dentro de la historia de la cultura literaria.\u00a0\u00a0 <\/p>\n<p>&#13;<\/p>\n<p align=\"justify\" class=\"text1noticias\">De  su lado, Alejandro Arvelo, defini\u00f3 a Comarazamy, como un puente que une a  varias generaciones que vincula un siglo y otros\u00a0 en la Rep\u00fablica Dominicana.  \u00a0\u00a0<\/p>\n<p>&#13;<\/p>\n<p align=\"justify\" class=\"text1noticias\"> Al  tiempo de agradecer a la Direcci\u00f3n General  de la Feria  del\u00a0 Libro, por haberle honrado con la  dedicatoria\u00a0 una calle en el recinto  ferial, destac\u00f3 que el libro lo ha ayudado a superarse individual e  intelectualmente, as\u00ed\u00a0 cultural y  humanamente. <\/p>\n<p>&#13;<\/p>\n<p align=\"justify\" class=\"text1noticias\">\u00b4\u00b4Es verdad que he hecho algo en la difusi\u00f3n del libro, pero no precisamente  tanto como para merecer este reconocimiento que recibo con humildad e  imperecedera gratitud signific\u00f3 Comarazamy.\u00a0\u00a0 <\/p>\n<p>&#13;<\/p>\n<p align=\"justify\" class=\"text1noticias\">A  titulo de invitado especial estuvieron presentes en el acto una representaci\u00f3n  de estudiantes del colegio cristiano, El Nuevo Colegio.<\/p>\n<p>&#13;<\/p>\n<h6> 2008-04-22 23:23:34 <\/h6>\n<p><!--\n<link rel=\"stylesheet\" href=\"css\/bootstrap.min.css\">\n\n\n<ul class=\"pagination\">\n\t    \n\t\n\n<li >\n\t<a href='?page_no=22778'>Previous<\/a>\n\t<\/li>\n\n\n       \n    \n\n<li><a href='?page_no=1'>1<\/a><\/li>\n\n\n\n<li><a href='?page_no=2'>2<\/a><\/li>\n\n\n\n<li><a>...<\/a><\/li>\n\n\n\n<li><a href='?page_no=22777'>22777<\/a><\/li>\n\n\n\n<li><a href='?page_no=22778'>22778<\/a><\/li>\n\n\n\n<li class='active'><a>22779<\/a><\/li>\n\n\n\n<li><a href='?page_no=22780'>22780<\/a><\/li>\n\n\n\n<li><a href='?page_no=22781'>22781<\/a><\/li>\n\n\n\n<li><a>...<\/a><\/li>\n\n\n\n<li><a href='?page_no=22911'>22911<\/a><\/li>\n\n\n\n<li><a href='?page_no=22912'>22912<\/a><\/li>\n\n    \n\t\n\n<li >\n\t<a href='?page_no=22780'>Next<\/a>\n\t<\/li>\n\n\n    \n\n<li><a href='?page_no=22912'>Last &rsaquo;&rsaquo;<\/a><\/li>\n\n<\/ul>\n\n\n--><br \/>\n<\/body><\/p>\n","protected":false},"excerpt":{"rendered":"<p>Dedican calle recinto Feria Internacional del Libro 2008\u00a0 destacado escritor Francisco Comarazamy &#13; Santo Domingo.- En el primer d\u00eda de programaci\u00f3n de la XI\u00a0 Feria Internacional del Libro 2008, fue honrado con la dedicatoria de una de las calles del recinto ferial, al ilustre escritor y destacado periodista dominicano Francisco Comarazamy, en reconocimiento a su [&hellip;]<\/p>\n","protected":false},"author":3,"featured_media":0,"comment_status":"open","ping_status":"open","sticky":false,"template":"","format":"standard","meta":{"footnotes":""},"categories":[21],"tags":[],"class_list":["post-71101","post","type-post","status-publish","format-standard","hentry","category-cultura"],"_links":{"self":[{"href":"https:\/\/diariodominicano.com\/index.php?rest_route=\/wp\/v2\/posts\/71101","targetHints":{"allow":["GET"]}}],"collection":[{"href":"https:\/\/diariodominicano.com\/index.php?rest_route=\/wp\/v2\/posts"}],"about":[{"href":"https:\/\/diariodominicano.com\/index.php?rest_route=\/wp\/v2\/types\/post"}],"author":[{"embeddable":true,"href":"https:\/\/diariodominicano.com\/index.php?rest_route=\/wp\/v2\/users\/3"}],"replies":[{"embeddable":true,"href":"https:\/\/diariodominicano.com\/index.php?rest_route=%2Fwp%2Fv2%2Fcomments&post=71101"}],"version-history":[{"count":0,"href":"https:\/\/diariodominicano.com\/index.php?rest_route=\/wp\/v2\/posts\/71101\/revisions"}],"wp:attachment":[{"href":"https:\/\/diariodominicano.com\/index.php?rest_route=%2Fwp%2Fv2%2Fmedia&parent=71101"}],"wp:term":[{"taxonomy":"category","embeddable":true,"href":"https:\/\/diariodominicano.com\/index.php?rest_route=%2Fwp%2Fv2%2Fcategories&post=71101"},{"taxonomy":"post_tag","embeddable":true,"href":"https:\/\/diariodominicano.com\/index.php?rest_route=%2Fwp%2Fv2%2Ftags&post=71101"}],"curies":[{"name":"wp","href":"https:\/\/api.w.org\/{rel}","templated":true}]}}