{"id":71099,"date":"2008-04-23T17:02:51","date_gmt":"2008-04-23T17:02:51","guid":{"rendered":"http:\/\/diariodominicano.ddns.net\/?p=71099"},"modified":"2008-04-23T17:02:51","modified_gmt":"2008-04-23T17:02:51","slug":"poeta-juan-gelman-recibio-hoy-el-premio-cervantes","status":"publish","type":"post","link":"https:\/\/diariodominicano.com\/?p=71099","title":{"rendered":"Poeta Juan Gelman recibi\u00f3 hoy el Premio Cervantes"},"content":{"rendered":"<p><body><\/p>\n<p align=\"justify\"><span class=\"titulogrande1\">Poeta Juan Gelman recibi\u00f3 hoy el Premio Cervantes<\/span><br \/>&#13;<br \/>\n  <br \/>&#13;<br \/>\n    <span class=\"text1noticias\">El trasandino, quien\u00a0recibi\u00f3 el galard\u00f3n de manos del  rey Juan Carlos, afirm\u00f3 que las heridas de la dictadura en su pa\u00eds \u00aba\u00fan no  est\u00e1n cerradas\u00bb. <\/span><\/p>\n<p>&#13;<\/p>\n<p align=\"justify\" class=\"text1noticias\"><img loading=\"lazy\" decoding=\"async\" src=\"http:\/\/localhost:8080\/img\/poeta.jpg\" width=\"375\" height=\"270\" hspace=\"4\" align=\"left\" \/>El poeta argentino Juan Gelman ensalz\u00f3 la poes\u00eda en estos  \u00abtiempos mezquinos y de penuria\u00bb, y afirm\u00f3 que las heridas de la  dictadura en su pa\u00eds \u00aba\u00fan no est\u00e1n cerradas\u00bb, sino que \u00ablaten en  el subsuelo de la sociedad como un c\u00e1ncer sin sosiego\u00bb.<br \/>&#13;<br \/>\n  <br \/>&#13;<br \/>\n  Gelman recibi\u00f3 hoy de manos del rey Juan Carlos el Premio  Cervantes, el m\u00e1s prestigioso de las letras en espa\u00f1ol, en una ceremonia  celebrada en el Paraninfo de la Universidad de la localidad madrile\u00f1a de Alcal\u00e1  de Henares, cuna de Miguel de Cervantes.<br \/>&#13;<br \/>\n  <br \/>&#13;<br \/>\n  Su tragedia personal y la de miles argentinos surgi\u00f3 en su  discurso de agradecimiento en el que sus primeras palabras fueron para  enaltecer la poes\u00eda. <br \/>&#13;<br \/>\n  <br \/>&#13;<br \/>\n  En un mundo como el actual \u00aben el que cada tres  segundos y medio un ni\u00f1o menor de cinco a\u00f1os muere de enfermedades curables, de  hambre, de pobreza\u00bb, se\u00f1al\u00f3 el premiado, \u00abah\u00ed est\u00e1 la poes\u00eda, de pie  contra la muerte\u00bb.<br \/>&#13;<br \/>\n  <br \/>&#13;<br \/>\n  El poeta tambi\u00e9n hilvan\u00f3 su discurso con reiteradas  alusiones a la obra de Cervantes y al Quijote, que le proporcion\u00f3  \u00abmanantiales de consuelo\u00bb, en la \u00e9poca en la que viv\u00eda lejos de su  pa\u00eds y en la que cada d\u00eda le llegaban noticias de amigos y compa\u00f1eros  desaparecidos.<br \/>&#13;<br \/>\n  <br \/>&#13;<br \/>\n  Nacido en Buenos Aires en 1930, Gelman es autor de poemarios  como \u00abViol\u00edn y otras cuestiones\u00bb (1956), \u00abEn el juego en que  andamos\u00bb (1959), \u00abGot\u00e1n\u00bb (1962), \u00abSalarios del imp\u00edo\u00bb  (1993) o \u00abSombra de vuelta y de ida\u00bb (1997).<br \/>&#13;<br \/>\n  Gelman es el cuarto argentino que recibe el Premio  Cervantes.<\/p>\n<p>&#13;<\/p>\n<p align=\"justify\" class=\"text1noticias\">EFE<\/p>\n<p>&#13;<\/p>\n<h6> 2008-04-23 17:02:51 <\/h6>\n<p><!--\n<link rel=\"stylesheet\" href=\"css\/bootstrap.min.css\">\n\n\n<ul class=\"pagination\">\n\t    \n\t\n\n<li >\n\t<a href='?page_no=22776'>Previous<\/a>\n\t<\/li>\n\n\n       \n    \n\n<li><a href='?page_no=1'>1<\/a><\/li>\n\n\n\n<li><a href='?page_no=2'>2<\/a><\/li>\n\n\n\n<li><a>...<\/a><\/li>\n\n\n\n<li><a href='?page_no=22775'>22775<\/a><\/li>\n\n\n\n<li><a href='?page_no=22776'>22776<\/a><\/li>\n\n\n\n<li class='active'><a>22777<\/a><\/li>\n\n\n\n<li><a href='?page_no=22778'>22778<\/a><\/li>\n\n\n\n<li><a href='?page_no=22779'>22779<\/a><\/li>\n\n\n\n<li><a>...<\/a><\/li>\n\n\n\n<li><a href='?page_no=22911'>22911<\/a><\/li>\n\n\n\n<li><a href='?page_no=22912'>22912<\/a><\/li>\n\n    \n\t\n\n<li >\n\t<a href='?page_no=22778'>Next<\/a>\n\t<\/li>\n\n\n    \n\n<li><a href='?page_no=22912'>Last &rsaquo;&rsaquo;<\/a><\/li>\n\n<\/ul>\n\n\n--><br \/>\n<\/body><\/p>\n","protected":false},"excerpt":{"rendered":"<p>Poeta Juan Gelman recibi\u00f3 hoy el Premio Cervantes&#13; &#13; El trasandino, quien\u00a0recibi\u00f3 el galard\u00f3n de manos del rey Juan Carlos, afirm\u00f3 que las heridas de la dictadura en su pa\u00eds \u00aba\u00fan no est\u00e1n cerradas\u00bb. &#13; El poeta argentino Juan Gelman ensalz\u00f3 la poes\u00eda en estos \u00abtiempos mezquinos y de penuria\u00bb, y afirm\u00f3 que las heridas [&hellip;]<\/p>\n","protected":false},"author":3,"featured_media":0,"comment_status":"open","ping_status":"open","sticky":false,"template":"","format":"standard","meta":{"footnotes":""},"categories":[21],"tags":[],"class_list":["post-71099","post","type-post","status-publish","format-standard","hentry","category-cultura"],"_links":{"self":[{"href":"https:\/\/diariodominicano.com\/index.php?rest_route=\/wp\/v2\/posts\/71099","targetHints":{"allow":["GET"]}}],"collection":[{"href":"https:\/\/diariodominicano.com\/index.php?rest_route=\/wp\/v2\/posts"}],"about":[{"href":"https:\/\/diariodominicano.com\/index.php?rest_route=\/wp\/v2\/types\/post"}],"author":[{"embeddable":true,"href":"https:\/\/diariodominicano.com\/index.php?rest_route=\/wp\/v2\/users\/3"}],"replies":[{"embeddable":true,"href":"https:\/\/diariodominicano.com\/index.php?rest_route=%2Fwp%2Fv2%2Fcomments&post=71099"}],"version-history":[{"count":0,"href":"https:\/\/diariodominicano.com\/index.php?rest_route=\/wp\/v2\/posts\/71099\/revisions"}],"wp:attachment":[{"href":"https:\/\/diariodominicano.com\/index.php?rest_route=%2Fwp%2Fv2%2Fmedia&parent=71099"}],"wp:term":[{"taxonomy":"category","embeddable":true,"href":"https:\/\/diariodominicano.com\/index.php?rest_route=%2Fwp%2Fv2%2Fcategories&post=71099"},{"taxonomy":"post_tag","embeddable":true,"href":"https:\/\/diariodominicano.com\/index.php?rest_route=%2Fwp%2Fv2%2Ftags&post=71099"}],"curies":[{"name":"wp","href":"https:\/\/api.w.org\/{rel}","templated":true}]}}