{"id":71098,"date":"2008-04-23T17:10:33","date_gmt":"2008-04-23T17:10:33","guid":{"rendered":"http:\/\/diariodominicano.ddns.net\/?p=71098"},"modified":"2008-04-23T17:10:33","modified_gmt":"2008-04-23T17:10:33","slug":"encuentran-tarjeta-de-ano-nuevo-escrita-por-ana-frank","status":"publish","type":"post","link":"https:\/\/diariodominicano.com\/?p=71098","title":{"rendered":"Encuentran tarjeta de A\u00f1o Nuevo escrita por Ana Frank"},"content":{"rendered":"<p><body><\/p>\n<p align=\"justify\"><span class=\"titulogrande1\">Encuentran tarjeta de A\u00f1o Nuevo escrita por Ana Frank<\/span><br \/>&#13;<br \/>\n  <br \/>&#13;<br \/>\n    <span class=\"text1noticias\">La tarjeta, que fue\u00a0encontrada en una tienda de objetos  antiguos en Holanda, est\u00e1 fechada en 1937.<\/span><\/p>\n<p>&#13;<\/p>\n<p align=\"justify\" class=\"text1noticias\"><img loading=\"lazy\" decoding=\"async\" src=\"http:\/\/localhost:8080\/img\/ana.jpg\" width=\"375\" height=\"270\" hspace=\"4\" align=\"left\" \/>En una tienda de objetos antiguos de la ciudad holandesa de  Naarden fue encontrada por casualidad una tarjeta de A\u00f1o Nuevo de Ana Frank,  seg\u00fan inform\u00f3 hoy en Amsterdam la fundaci\u00f3n que lleva el nombre de la ni\u00f1a  asesinada por los nazis durante la Segunda Guerra Mundial.\u00a0<br \/>&#13;<br \/>\n  <br \/>&#13;<br \/>\n  El saludo de A\u00f1o Nuevo fue enviado a fines de 1937 por Ana a su amiga Sanne  Ledermann en Amsterdam. La tarjeta lleva un sello con fecha del 31\/12\/1937 y fue  enviada desde Aquisgr\u00e1n, donde se encontraba Ana en aquel momento visitando a  su abuela.<br \/>&#13;<br \/>\n  <br \/>&#13;<br \/>\n  La tarjeta fue hallada por un maestro dentro de un viejo libro, cuando revisaba  en la tienda de sus padres en b\u00fasqueda de material para una clase sobre Ana  Frank, famosa en todo el mundo por el diario que escribi\u00f3 mientras se hallaba  oculta de los nazis.<br \/>&#13;<br \/>\n  <br \/>&#13;<br \/>\n  La tapa muestra una campana adornada con hojas sobre un paisaje nevado y dice:  \u00abMuchas felicidades para el nuevo a\u00f1o\u00bb. Ana envi\u00f3 ese mismo d\u00eda una  tarjeta igual a otra antigua vecina en Frankfurt.<br \/>&#13;<br \/>\n  <br \/>&#13;<br \/>\n  La familia Frank, oriunda de esa ciudad, se mud\u00f3 a Holanda tras la toma de  poder de los nacionalsocialistas en 1933. Tras la ocupaci\u00f3n alemana de Holanda  se escondieron desde julio de 1942 a agosto de 1944 en un refugio oculto detr\u00e1s  de otra casa en Amsterdam, pero luego fueron denunciados. Ana muri\u00f3 con 15 a\u00f1os  en 1945 en el campo de concentraci\u00f3n de Bergen-Belsen.<br \/>&#13;<br \/>\n  <br \/>&#13;<br \/>\n\u00a0dpa<\/p>\n<p>&#13;<\/p>\n<h6> 2008-04-23 17:10:33 <\/h6>\n<p><!--\n<link rel=\"stylesheet\" href=\"css\/bootstrap.min.css\">\n\n\n<ul class=\"pagination\">\n\t    \n\t\n\n<li >\n\t<a href='?page_no=22775'>Previous<\/a>\n\t<\/li>\n\n\n       \n    \n\n<li><a href='?page_no=1'>1<\/a><\/li>\n\n\n\n<li><a href='?page_no=2'>2<\/a><\/li>\n\n\n\n<li><a>...<\/a><\/li>\n\n\n\n<li><a href='?page_no=22774'>22774<\/a><\/li>\n\n\n\n<li><a href='?page_no=22775'>22775<\/a><\/li>\n\n\n\n<li class='active'><a>22776<\/a><\/li>\n\n\n\n<li><a href='?page_no=22777'>22777<\/a><\/li>\n\n\n\n<li><a href='?page_no=22778'>22778<\/a><\/li>\n\n\n\n<li><a>...<\/a><\/li>\n\n\n\n<li><a href='?page_no=22911'>22911<\/a><\/li>\n\n\n\n<li><a href='?page_no=22912'>22912<\/a><\/li>\n\n    \n\t\n\n<li >\n\t<a href='?page_no=22777'>Next<\/a>\n\t<\/li>\n\n\n    \n\n<li><a href='?page_no=22912'>Last &rsaquo;&rsaquo;<\/a><\/li>\n\n<\/ul>\n\n\n--><br \/>\n<\/body><\/p>\n","protected":false},"excerpt":{"rendered":"<p>Encuentran tarjeta de A\u00f1o Nuevo escrita por Ana Frank&#13; &#13; La tarjeta, que fue\u00a0encontrada en una tienda de objetos antiguos en Holanda, est\u00e1 fechada en 1937. &#13; En una tienda de objetos antiguos de la ciudad holandesa de Naarden fue encontrada por casualidad una tarjeta de A\u00f1o Nuevo de Ana Frank, seg\u00fan inform\u00f3 hoy en [&hellip;]<\/p>\n","protected":false},"author":3,"featured_media":0,"comment_status":"open","ping_status":"open","sticky":false,"template":"","format":"standard","meta":{"footnotes":""},"categories":[21],"tags":[],"class_list":["post-71098","post","type-post","status-publish","format-standard","hentry","category-cultura"],"_links":{"self":[{"href":"https:\/\/diariodominicano.com\/index.php?rest_route=\/wp\/v2\/posts\/71098","targetHints":{"allow":["GET"]}}],"collection":[{"href":"https:\/\/diariodominicano.com\/index.php?rest_route=\/wp\/v2\/posts"}],"about":[{"href":"https:\/\/diariodominicano.com\/index.php?rest_route=\/wp\/v2\/types\/post"}],"author":[{"embeddable":true,"href":"https:\/\/diariodominicano.com\/index.php?rest_route=\/wp\/v2\/users\/3"}],"replies":[{"embeddable":true,"href":"https:\/\/diariodominicano.com\/index.php?rest_route=%2Fwp%2Fv2%2Fcomments&post=71098"}],"version-history":[{"count":0,"href":"https:\/\/diariodominicano.com\/index.php?rest_route=\/wp\/v2\/posts\/71098\/revisions"}],"wp:attachment":[{"href":"https:\/\/diariodominicano.com\/index.php?rest_route=%2Fwp%2Fv2%2Fmedia&parent=71098"}],"wp:term":[{"taxonomy":"category","embeddable":true,"href":"https:\/\/diariodominicano.com\/index.php?rest_route=%2Fwp%2Fv2%2Fcategories&post=71098"},{"taxonomy":"post_tag","embeddable":true,"href":"https:\/\/diariodominicano.com\/index.php?rest_route=%2Fwp%2Fv2%2Ftags&post=71098"}],"curies":[{"name":"wp","href":"https:\/\/api.w.org\/{rel}","templated":true}]}}