{"id":71095,"date":"2008-04-23T18:35:22","date_gmt":"2008-04-23T18:35:22","guid":{"rendered":"http:\/\/diariodominicano.ddns.net\/?p=71095"},"modified":"2008-04-23T18:35:22","modified_gmt":"2008-04-23T18:35:22","slug":"centro-de-la-cultura-de-santiago-realiza-relevantes-actividades-en-el-mes-de-la-danza","status":"publish","type":"post","link":"https:\/\/diariodominicano.com\/?p=71095","title":{"rendered":"Centro de la Cultura de Santiago realiza relevantes actividades en el mes de la Danza"},"content":{"rendered":"<p><body><\/p>\n<p align=\"justify\" class=\"titulogrande1\">Centro de la Cultura de Santiago realiza relevantes actividades en el mes de la Danza<\/p>\n<p>&#13;<\/p>\n<p align=\"justify\" class=\"text1noticias\"><strong><em>Primer  Encuentro de Academias de Danza de Santiago<\/em><\/strong><\/p>\n<p>&#13;<\/p>\n<p align=\"justify\" class=\"text1noticias\"><strong><img loading=\"lazy\" decoding=\"async\" src=\"http:\/\/localhost:8080\/img\/villamil.jpg\" width=\"375\" height=\"473\" hspace=\"4\" align=\"left\" \/>Santiago.-<\/strong> El Centro de la Cultura de Santiago \u201cSrta. Ercilia Pep\u00edn\u201d,  en el marco de las amplias actividades que realiza la Secretar\u00eda de Estado de  Cultura, como parte de la celebraci\u00f3n del Mes de la Danza, present\u00f3 el Primer  Encuentro de Academias de Danza de Santiago, con la participaci\u00f3n de las  principales escuelas de danza de la ciudad.<\/p>\n<p>&#13;<\/p>\n<p align=\"justify\" class=\"text1noticias\">En la actual gesti\u00f3n, la danza ha merecido especial  atenci\u00f3n, con \u00e9nfasis en el fortalecimiento de los cursos y talleres dirigidos  hacia las ni\u00f1as, se han reestablecido las funciones, las audiciones regulares y  se han remozado las salas y los espacios destinados a la pr\u00e1ctica de la danza  cl\u00e1sica.<\/p>\n<p>&#13;<\/p>\n<p align=\"justify\" class=\"text1noticias\"> Manuel Llibre Otero, Director General del Centro, valora  como muy positivos los resultados obtenidos, no s\u00f3lo por el gr\u00e1n n\u00famero de  estudiantes de ballet cl\u00e1sico que tiene el Dapartamento Acad\u00e9mico de dicho  centro, sino por la gran confianza de artistas, profesores, padres y alumnos,  depositada en la instituci\u00f3n para contribuir al desarrollo de la danza en la  ciudad.<\/p>\n<p>&#13;<\/p>\n<p align=\"justify\" class=\"text1noticias\"> El Primer Encuentro de Academias de Danza de Santiago, cont\u00f3  con la participaci\u00f3n de una decena de representantes de los distintos centros  acad\u00e9micos dedicados a la danza en la ciudad de Santiago, entre los cuales se  destacan la Academia de Danzas Isadora, el Ballet Cl\u00e1sico Santiago, el Ballet  Cont\u00e9mpora, el Ballet Studio y el Instituto de Cultura y Arte. Participaron  adem\u00e1s como invitados especiales, la destacada bailarina Mar\u00eda del Carmen  Rodr\u00edguez y los grupos de danza del Centro de la Cultura de Santiago,  representados por el Ballet Folkl\u00f3rico y el Grupo de Danza Cl\u00e1sica.<\/p>\n<p>&#13;<\/p>\n<p align=\"justify\" class=\"text1noticias\"><strong><em>Designan Sal\u00f3n  de Ballet del CCS con el nombre de Armando Villamil<\/em><\/strong><\/p>\n<p>&#13;<\/p>\n<p align=\"justify\" class=\"text1noticias\">Con el acto de develizamiento de un \u00f3leo de la figura del  profesor Armando Villamil y de una peque\u00f1a tarja, qued\u00f3 formalmente designado  con el nombre de \u201cSala de Ballet Cl\u00e1sico Armando Villamil\u201d, el principal sal\u00f3n  para la pr\u00e1ctica de la danza en el Centro de la Cultura de Santiago.<\/p>\n<p>&#13;<\/p>\n<p align=\"justify\" class=\"text1noticias\">Motivada por la importante trayectoria que desarroll\u00f3 el  profesor paname\u00f1o Armando Villamil, en beneficio de la ense\u00f1anza y difusi\u00f3n de  la danza en la ciudad de Santiago, la presente Direcci\u00f3n del Centro de la  Cultura de Santiago, decidi\u00f3 honrar de esta forma la figura este reconocido y  admirado maestro del ballet cl\u00e1sico, quien dedic\u00f3 una gran parte de su vida a  profesionalizar a los artistas de la danza en nuestra ciudad.<\/p>\n<p>&#13;<\/p>\n<p align=\"justify\" class=\"text1noticias\">El maestro Armando Villamil, nacido el 30 de enero de 1941,  entreg\u00f3 su vida al Creador el 5 de julio de 2000. Hijo de Jos\u00e9 C\u00e1stulo Villamil  y Fidelina Santos, el maestroVillamil inici\u00f3 sus estudios con Gladis Pont\u00f3n en  Panam\u00e1 y luego continu\u00f3 en M\u00e9xico con los maestros Sergei Unger y Felipe  Segura. Tambi\u00e9n tom\u00f3 clases con Ana Luzmila en la Escuela Nacional de Danza. <\/p>\n<p>&#13;<\/p>\n<p align=\"justify\" class=\"text1noticias\">Luego estudi\u00f3 en el Ballet de la Universidad de Chile.\u00a0 Su primera maestra de danzas fue Nitzia  Cucal\u00f3n de Martin.\u00a0 Obtiene una beca y se  va para la Uni\u00f3n Sovi\u00e9tica a estudiar en el Instituto Teatral Musical con Alexy  Lapuri, Raiza Struskova y Simionava Privulov. Es becado por la Fundaci\u00f3n  Harkness de Nueva York, E. U. para realizar estudios superiores en la Southern  Methodist University de Dallas, Texas, con el afamado maestro Nikita Talin.<\/p>\n<p>&#13;<\/p>\n<p align=\"justify\" class=\"text1noticias\">Villamil dirigi\u00f3 y form\u00f3 bailarines nacionales como  internacionales y sus incontables coreograf\u00edas y trabajos se han visto en  Panam\u00e1, as\u00ed como en Centro y Sudam\u00e9rica. Profesor de la Escuela de Danza de la  Facultad de Bellas Artes de la Universidad de Panam\u00e1 y Director del Ballet  Folcl\u00f3rico Nacional de Panam\u00e1.<\/p>\n<p>&#13;<\/p>\n<p align=\"justify\" class=\"text1noticias\">A partir del a\u00f1o 1979, pasa a dirigir el Departamento de  Danza del Centro de la Cultura de Santiago, donde desarroll\u00f3 una extensa labor  como profesor y core\u00f3grafo, siendo pionero en la formaci\u00f3n de los primeros  grupos de danza profesionales de la ciudad. Definitivamente, el maestro  Villamil fue un ser muy privilegiado, pues recibi\u00f3 del Supremo Dios muchos  dones, los cuales supo utilizar y transmitir a otros.<\/p>\n<p>&#13;<\/p>\n<p align=\"justify\" class=\"text1noticias\">Al homenaje asistieron directores y representantes de las  principales escuelas de danza de la ciudad, as\u00ed como antiguos alumnos y alumnas  del profesor Villamil. El Centro de la Cultura de Santiago se siente altamente  honrado con este homenaje que hace justicia a quien verdaderamente se reconoce  como el padre de la danza cl\u00e1sica en Santiago.<\/p>\n<p>&#13;<\/p>\n<h6> 2008-04-23 18:35:22 <\/h6>\n<p><!--\n<link rel=\"stylesheet\" href=\"css\/bootstrap.min.css\">\n\n\n<ul class=\"pagination\">\n\t    \n\t\n\n<li >\n\t<a href='?page_no=22772'>Previous<\/a>\n\t<\/li>\n\n\n       \n    \n\n<li><a href='?page_no=1'>1<\/a><\/li>\n\n\n\n<li><a href='?page_no=2'>2<\/a><\/li>\n\n\n\n<li><a>...<\/a><\/li>\n\n\n\n<li><a href='?page_no=22771'>22771<\/a><\/li>\n\n\n\n<li><a href='?page_no=22772'>22772<\/a><\/li>\n\n\n\n<li class='active'><a>22773<\/a><\/li>\n\n\n\n<li><a href='?page_no=22774'>22774<\/a><\/li>\n\n\n\n<li><a href='?page_no=22775'>22775<\/a><\/li>\n\n\n\n<li><a>...<\/a><\/li>\n\n\n\n<li><a href='?page_no=22911'>22911<\/a><\/li>\n\n\n\n<li><a href='?page_no=22912'>22912<\/a><\/li>\n\n    \n\t\n\n<li >\n\t<a href='?page_no=22774'>Next<\/a>\n\t<\/li>\n\n\n    \n\n<li><a href='?page_no=22912'>Last &rsaquo;&rsaquo;<\/a><\/li>\n\n<\/ul>\n\n\n--><br \/>\n<\/body><\/p>\n","protected":false},"excerpt":{"rendered":"<p>Centro de la Cultura de Santiago realiza relevantes actividades en el mes de la Danza &#13; Primer Encuentro de Academias de Danza de Santiago &#13; Santiago.- El Centro de la Cultura de Santiago \u201cSrta. Ercilia Pep\u00edn\u201d, en el marco de las amplias actividades que realiza la Secretar\u00eda de Estado de Cultura, como parte de la [&hellip;]<\/p>\n","protected":false},"author":3,"featured_media":0,"comment_status":"open","ping_status":"open","sticky":false,"template":"","format":"standard","meta":{"footnotes":""},"categories":[21],"tags":[],"class_list":["post-71095","post","type-post","status-publish","format-standard","hentry","category-cultura"],"_links":{"self":[{"href":"https:\/\/diariodominicano.com\/index.php?rest_route=\/wp\/v2\/posts\/71095","targetHints":{"allow":["GET"]}}],"collection":[{"href":"https:\/\/diariodominicano.com\/index.php?rest_route=\/wp\/v2\/posts"}],"about":[{"href":"https:\/\/diariodominicano.com\/index.php?rest_route=\/wp\/v2\/types\/post"}],"author":[{"embeddable":true,"href":"https:\/\/diariodominicano.com\/index.php?rest_route=\/wp\/v2\/users\/3"}],"replies":[{"embeddable":true,"href":"https:\/\/diariodominicano.com\/index.php?rest_route=%2Fwp%2Fv2%2Fcomments&post=71095"}],"version-history":[{"count":0,"href":"https:\/\/diariodominicano.com\/index.php?rest_route=\/wp\/v2\/posts\/71095\/revisions"}],"wp:attachment":[{"href":"https:\/\/diariodominicano.com\/index.php?rest_route=%2Fwp%2Fv2%2Fmedia&parent=71095"}],"wp:term":[{"taxonomy":"category","embeddable":true,"href":"https:\/\/diariodominicano.com\/index.php?rest_route=%2Fwp%2Fv2%2Fcategories&post=71095"},{"taxonomy":"post_tag","embeddable":true,"href":"https:\/\/diariodominicano.com\/index.php?rest_route=%2Fwp%2Fv2%2Ftags&post=71095"}],"curies":[{"name":"wp","href":"https:\/\/api.w.org\/{rel}","templated":true}]}}