{"id":71094,"date":"2008-04-23T18:39:32","date_gmt":"2008-04-23T18:39:32","guid":{"rendered":"http:\/\/diariodominicano.ddns.net\/?p=71094"},"modified":"2008-04-23T18:39:32","modified_gmt":"2008-04-23T18:39:32","slug":"ponen-en-circulacion-libro-gran-caribe-doce-premios-nobel-y-un-solo-mar","status":"publish","type":"post","link":"https:\/\/diariodominicano.com\/?p=71094","title":{"rendered":"Ponen en circulaci\u00f3n Libro Gran Caribe: Doce Premios Nobel y un solo Mar"},"content":{"rendered":"<p><body><\/p>\n<p align=\"center\" class=\"titulogrande1\"><strong>Ponen en circulaci\u00f3n Libro Gran Caribe: Doce premios Nobel y un solo Mar <\/strong><\/p>\n<p>&#13;<\/p>\n<p align=\"justify\" class=\"text1noticias\"><strong><img loading=\"lazy\" decoding=\"async\" src=\"http:\/\/localhost:8080\/img\/gran caribe.jpg\" width=\"375\" height=\"1000\" hspace=\"4\" align=\"left\" \/>Santo Domingo.-<\/strong> Con la asistencia del Secretario General  de la Asociaci\u00f3n  de Estados del Caribe, Jos\u00e9 Andrade Falla; el embajador de Cuba en el pa\u00eds,  Juan Astiasar\u00e1n y el licenciado Jos\u00e9 Rafael Lantigua, Secretario de Cultura, \u00a0fue puesta en circulaci\u00f3n el libro \u00a8El Gran  Caribe: Doce Premios N\u00f3bel y un solo Mar\u00a8, auspiciado por Ediciones Ferilibro y  el gremio regional, en la Sala  de la Cultura  del Teatro Nacional Eduardo Brito.<\/p>\n<p>&#13;<\/p>\n<p align=\"justify\" class=\"text1noticias\">La obra fue editada en ingl\u00e9s, franc\u00e9s  y espa\u00f1ol \u00a0por Rub\u00e9n Sili\u00e9, ex presidente  de la asociaci\u00f3n y Jotamario Arbel\u00e1ez, colombiano, mientras que la parte  t\u00e9cnica estuvo a cargo de Avelino Stanley, subsecretario de Creatividad y  Participaci\u00f3n Popular.<\/p>\n<p>&#13;<\/p>\n<p align=\"justify\" class=\"text1noticias\">Alejandro Arvelo, Director  general de la Feria  del Libro, al dar la bienvenida anot\u00f3 que la regi\u00f3n no s\u00f3lo es prol\u00edfica en  im\u00e1genes y narrativa, sino que ha dado premios noveles de en distintas  disciplinas cient\u00edficas.<\/p>\n<p>&#13;<\/p>\n<p align=\"justify\" class=\"text1noticias\"> La bienvenida al acto estuvo a  cargo de Alejandro Arvelo, quien aprovech\u00f3 la ocasi\u00f3n para destacar que se  han publicado 173 obras en s\u00f3lo tres  a\u00f1os y medio, y que de ellas 37 se ponen en circulaci\u00f3n durante la celebraci\u00f3n  de esta XI Feria Internacional del Libro.<\/p>\n<p>&#13;<\/p>\n<p align=\"justify\" class=\"text1noticias\">Lantigua dijo que en\u00a0 la obra, de la cual se siente orgulloso por  su coedici\u00f3n\u00a0 fue\u00a0 hecho con esmero y profesionalismo. Dijo que  se trata de un libro hermoso en contenido y continente.<\/p>\n<p>&#13;<\/p>\n<p align=\"justify\" class=\"text1noticias\">Cree que la obra representa los  sue\u00f1os, calidad y\u00a0 hasta el humor y  profesionalismo de grandes figuras del Caribe, y \u00a0la misma demuestra que hay mucho talento y  creatividad en la regi\u00f3n.<\/p>\n<p>&#13;<\/p>\n<p align=\"justify\" class=\"text1noticias\">Rub\u00e9n Sili\u00e9, editor de la obra,  asever\u00f3 que de inter\u00e9s de que la gente comience a pensar en el gran Caribe, en  su integraci\u00f3n y en sus posibilidades de desarrollo, adem\u00e1s de conocer\u00a0 acerca de los 12 premios N\u00f3bel con que cuenta  la regi\u00f3n.<\/p>\n<p>&#13;<\/p>\n<p align=\"justify\" class=\"text1noticias\"> Propugn\u00f3 por una mayor capacidad  de organizaci\u00f3n y de integraci\u00f3n con el fin de explotar la riqueza y la  diversidad cultural con que cuentan\u00a0 las  islas, Centroam\u00e9rica, Colombia, Venezuela y Las Guyanas.<\/p>\n<p>&#13;<\/p>\n<p align=\"justify\" class=\"text1noticias\">Entre los asistentes al acto  figuraron el publicista Efra\u00edn Castillo, el poeta Jovine Berm\u00fadez, Mariano de  Tolentino, y el poeta Basilio Belliard, entre otros.<\/p>\n<p>&#13;<\/p>\n<p align=\"justify\" class=\"text1noticias\">En la mesa principal se hallaban,  adem\u00e1s del Secretario de Cultura, Jos\u00e9 Andrede Falla, Rub\u00e9n Sili\u00e9 y el  Embajador de Cuba, Juan Astiasar\u00e1n.<\/p>\n<p>&#13;<\/p>\n<h6> 2008-04-23 18:39:32 <\/h6>\n<p><!--\n<link rel=\"stylesheet\" href=\"css\/bootstrap.min.css\">\n\n\n<ul class=\"pagination\">\n\t    \n\t\n\n<li >\n\t<a href='?page_no=22771'>Previous<\/a>\n\t<\/li>\n\n\n       \n    \n\n<li><a href='?page_no=1'>1<\/a><\/li>\n\n\n\n<li><a href='?page_no=2'>2<\/a><\/li>\n\n\n\n<li><a>...<\/a><\/li>\n\n\n\n<li><a href='?page_no=22770'>22770<\/a><\/li>\n\n\n\n<li><a href='?page_no=22771'>22771<\/a><\/li>\n\n\n\n<li class='active'><a>22772<\/a><\/li>\n\n\n\n<li><a href='?page_no=22773'>22773<\/a><\/li>\n\n\n\n<li><a href='?page_no=22774'>22774<\/a><\/li>\n\n\n\n<li><a>...<\/a><\/li>\n\n\n\n<li><a href='?page_no=22911'>22911<\/a><\/li>\n\n\n\n<li><a href='?page_no=22912'>22912<\/a><\/li>\n\n    \n\t\n\n<li >\n\t<a href='?page_no=22773'>Next<\/a>\n\t<\/li>\n\n\n    \n\n<li><a href='?page_no=22912'>Last &rsaquo;&rsaquo;<\/a><\/li>\n\n<\/ul>\n\n\n--><br \/>\n<\/body><\/p>\n","protected":false},"excerpt":{"rendered":"<p>Ponen en circulaci\u00f3n Libro Gran Caribe: Doce premios Nobel y un solo Mar &#13; Santo Domingo.- Con la asistencia del Secretario General de la Asociaci\u00f3n de Estados del Caribe, Jos\u00e9 Andrade Falla; el embajador de Cuba en el pa\u00eds, Juan Astiasar\u00e1n y el licenciado Jos\u00e9 Rafael Lantigua, Secretario de Cultura, \u00a0fue puesta en circulaci\u00f3n el [&hellip;]<\/p>\n","protected":false},"author":3,"featured_media":0,"comment_status":"open","ping_status":"open","sticky":false,"template":"","format":"standard","meta":{"footnotes":""},"categories":[21],"tags":[],"class_list":["post-71094","post","type-post","status-publish","format-standard","hentry","category-cultura"],"_links":{"self":[{"href":"https:\/\/diariodominicano.com\/index.php?rest_route=\/wp\/v2\/posts\/71094","targetHints":{"allow":["GET"]}}],"collection":[{"href":"https:\/\/diariodominicano.com\/index.php?rest_route=\/wp\/v2\/posts"}],"about":[{"href":"https:\/\/diariodominicano.com\/index.php?rest_route=\/wp\/v2\/types\/post"}],"author":[{"embeddable":true,"href":"https:\/\/diariodominicano.com\/index.php?rest_route=\/wp\/v2\/users\/3"}],"replies":[{"embeddable":true,"href":"https:\/\/diariodominicano.com\/index.php?rest_route=%2Fwp%2Fv2%2Fcomments&post=71094"}],"version-history":[{"count":0,"href":"https:\/\/diariodominicano.com\/index.php?rest_route=\/wp\/v2\/posts\/71094\/revisions"}],"wp:attachment":[{"href":"https:\/\/diariodominicano.com\/index.php?rest_route=%2Fwp%2Fv2%2Fmedia&parent=71094"}],"wp:term":[{"taxonomy":"category","embeddable":true,"href":"https:\/\/diariodominicano.com\/index.php?rest_route=%2Fwp%2Fv2%2Fcategories&post=71094"},{"taxonomy":"post_tag","embeddable":true,"href":"https:\/\/diariodominicano.com\/index.php?rest_route=%2Fwp%2Fv2%2Ftags&post=71094"}],"curies":[{"name":"wp","href":"https:\/\/api.w.org\/{rel}","templated":true}]}}