{"id":71093,"date":"2008-04-23T19:20:06","date_gmt":"2008-04-23T19:20:06","guid":{"rendered":"http:\/\/diariodominicano.ddns.net\/?p=71093"},"modified":"2008-04-23T19:20:06","modified_gmt":"2008-04-23T19:20:06","slug":"embajada-de-colombia-presentara-espectaculo-literario-musical-macondo-real-en-la-xi-feria-internacional-del-libro-santo-domingo-2008","status":"publish","type":"post","link":"https:\/\/diariodominicano.com\/?p=71093","title":{"rendered":"Embajada de Colombia presentar\u00e1  espect\u00e1culo literario musical \u201cMacondo Real\u201d en la  XI Feria Internacional del Libro Santo Domingo 2008"},"content":{"rendered":"<p><body><\/p>\n<p align=\"justify\" class=\"titulogrande1\"><strong>Embajada de Colombia presentar\u00e1 espect\u00e1culo literario musical \u201cMacondo Real\u201d  en la XI Feria Internacional del  Libro Santo Domingo 2008<\/strong><\/p>\n<p>&#13;<\/p>\n<p align=\"justify\" class=\"text1noticias\"><strong>SANTO  DOMINGO.-<\/strong> La Direcci\u00f3n  de Asuntos Culturales del Ministerio de Relaciones Exteriores de la Embajada de Colombia en el  pa\u00eds, presentar\u00e1 una apasionante jornada multimedia-digital denominada \u201cMacondo  real\u201d,\u00a0 que exhibir\u00e1 trozos de la regi\u00f3n  que hizo grande al Premio Nobel Gabriel Garc\u00eda M\u00e1rquez, este jueves 24 y viernes 26  en la Tarima Central, del recinto ferial, a las\u00a0 8:00\u00a0  de la noche.<\/p>\n<p>&#13;<\/p>\n<p align=\"justify\" class=\"text1noticias\">\u201cSu  presentador y director es el reconocido periodista y cineasta colombiano  Ernesto McCausland Sojo, quien utiliza en su presentaci\u00f3n una pantalla gigante,  luces, video, canciones, mon\u00f3logos y palabra en vivo, mostrando testimonios  cortos del escritor, an\u00e9cdotas de su prodigiosa creaci\u00f3n literaria, y al mismo  tiempo desarrolla la aut\u00e9ntica noci\u00f3n del \u201cverdadero Macondo\u201d, demostrando de  una manera humor\u00edstica, divertida y profunda que la prol\u00edfica imaginaci\u00f3n del  autor est\u00e1 basada en un lugar real, que puede estar en cualquier punto de la  geograf\u00eda del Caribe\u201d, destac\u00f3 un despacho de prensa.<\/p>\n<p>&#13;<\/p>\n<p align=\"justify\" class=\"text1noticias\">El  documento explic\u00f3 que se trata de una sesi\u00f3n elegante y amena, que le permite  al espectador satisfacer la inmensa curiosidad que existe en torno al gran  exponente del \u201cRealismo m\u00e1gico\u201d, y al mismo tiempo pasar una velada placentera  y plet\u00f3rica de inter\u00e9s, encausada no s\u00f3lo a homenajear al m\u00e1s grande escritor  vivo de habla hispana, sino tambi\u00e9n a dar a conocer detalles desconocidos de su  vida, obra y entorno.<\/p>\n<p>&#13;<\/p>\n<p align=\"justify\" class=\"text1noticias\">Indic\u00f3  que el formato incluye una \u00e1gil y divertida conferencia que alterna con las  verdaderas historias del Caribe, presentadas con las m\u00e1s modernas tecnolog\u00edas.  Hay apartes de entrevistas con el autor, videos de sus amigos y relatos de las  historias que forjan a este genio de la literatura universal.<\/p>\n<p>&#13;<\/p>\n<p align=\"justify\" class=\"text1noticias\">Manifest\u00f3  que en el espect\u00e1culo aparece tambi\u00e9n la artista Mar\u00eda mulata, cantando temas  alusivos a la vida de Garc\u00eda M\u00e1rquez. <\/p>\n<p>&#13;<\/p>\n<p align=\"justify\" class=\"text1noticias\">La  nota informativa resalt\u00f3 que \u201cganadora de la Gaviota de Plata en el Festival Vi\u00f1a del Mar  2007, Mar\u00eda mulata encabeza una aut\u00e9ntica propuesta del Caribe, tras estudiar  los bailes cantados de las aut\u00e9nticas \u201ccantadoras\u201d de la regi\u00f3n e  interpret\u00e1ndolos con m\u00fasicos de la regi\u00f3n\u201d.<\/p>\n<p>&#13;<\/p>\n<p align=\"justify\" class=\"text1noticias\">Plante\u00f3  que tambi\u00e9n estar\u00e1 en \u201cMacondo real\u201d el gran acordeonero \u201cFell\u00edn\u201d G\u00e1mez,  ganador del Primer Premio en el Festival Internacional de La Habana e int\u00e9rprete de la  legendaria canci\u00f3n \u201cEl arco iris\u201d, de Rafael Escalona.<\/p>\n<p>&#13;<\/p>\n<p align=\"justify\" class=\"text1noticias\">\u201cEn  esa escena estar\u00e1 adem\u00e1s la actriz Ana Londo\u00f1o, en el \u201cMon\u00f3logo de Isabel  viendo llover en Macondo\u201d. Ana es protagonista de las pel\u00edculas \u201cEl \u00faltimo  Carnaval\u201d, \u201cSiniestro\u201d y \u201cChampeta Paradise\u201d, agreg\u00f3 el documento.<\/p>\n<p>&#13;<\/p>\n<p align=\"justify\" class=\"text1noticias\">Destac\u00f3  que el espect\u00e1culo literario-musical tiene una duraci\u00f3n de 50 minutos y ha sido  presentado en m\u00faltiples escenarios, incluyendo una sesi\u00f3n especial para el  Cuerpo Diplom\u00e1tico en Bogot\u00e1, por una gesti\u00f3n del Convenio Andr\u00e9s Bello.<\/p>\n<p>&#13;<\/p>\n<p align=\"justify\" class=\"text1noticias\">\u201cErnesto McCausland Sojo  (1961, Barranquilla) es considerado uno de los mejores cronistas de prensa,  radio y televisi\u00f3n en Colombia. Desde sus comienzos en el diario \u201cEl Heraldo\u201d,  comenz\u00f3 a incursionar en el \u00a0g\u00e9nero de la cr\u00f3nica, llegando a ganar en su  carrera catorce premios nacionales de periodismo. Algunos de sus mejores  trabajos en el g\u00e9nero de la cr\u00f3nica period\u00edstica est\u00e1n incluidos en el libro  \u201cLas Cr\u00f3nicas de McCausland\u201d (Espasa, 1996)\u201d, a\u00f1adi\u00f3.<\/p>\n<p>&#13;<\/p>\n<p align=\"justify\" class=\"text1noticias\">\u00a0Precis\u00f3 que sus trabajos forman parte tambi\u00e9n  de las obras \u201cAntolog\u00eda de grandes reportajes colombianos\u201d y \u201cAntolog\u00eda de  grandes cr\u00f3nicas colombianas\u201d, de Daniel Samper Pizano. <\/p>\n<p>&#13;<\/p>\n<p align=\"justify\" class=\"text1noticias\">\u201cTiene adem\u00e1s dos novelas  publicadas, \u201cFebrero escarlata\u201d y \u201cEl alma del acorde\u00f3n\u201d. Ha realizado tres  largometrajes y m\u00faltiples documentales en el campo del cine. Ha sido  corresponsal viajero de Caracol Radio, de Univisi\u00f3n y de los principales noticieros  de televisi\u00f3n. En la actualidad es periodista de Telecaribe y del Canal  Caracol, y columnista de los diarios \u201cEl Heraldo\u201d y \u201cEl Tiempo\u201d, concluy\u00f3 el  despacho de prensa.<\/p>\n<p>&#13;<\/p>\n<h6> 2008-04-23 19:20:06 <\/h6>\n<p><!--\n<link rel=\"stylesheet\" href=\"css\/bootstrap.min.css\">\n\n\n<ul class=\"pagination\">\n\t    \n\t\n\n<li >\n\t<a href='?page_no=22770'>Previous<\/a>\n\t<\/li>\n\n\n       \n    \n\n<li><a href='?page_no=1'>1<\/a><\/li>\n\n\n\n<li><a href='?page_no=2'>2<\/a><\/li>\n\n\n\n<li><a>...<\/a><\/li>\n\n\n\n<li><a href='?page_no=22769'>22769<\/a><\/li>\n\n\n\n<li><a href='?page_no=22770'>22770<\/a><\/li>\n\n\n\n<li class='active'><a>22771<\/a><\/li>\n\n\n\n<li><a href='?page_no=22772'>22772<\/a><\/li>\n\n\n\n<li><a href='?page_no=22773'>22773<\/a><\/li>\n\n\n\n<li><a>...<\/a><\/li>\n\n\n\n<li><a href='?page_no=22911'>22911<\/a><\/li>\n\n\n\n<li><a href='?page_no=22912'>22912<\/a><\/li>\n\n    \n\t\n\n<li >\n\t<a href='?page_no=22772'>Next<\/a>\n\t<\/li>\n\n\n    \n\n<li><a href='?page_no=22912'>Last &rsaquo;&rsaquo;<\/a><\/li>\n\n<\/ul>\n\n\n--><br \/>\n<\/body><\/p>\n","protected":false},"excerpt":{"rendered":"<p>Embajada de Colombia presentar\u00e1 espect\u00e1culo literario musical \u201cMacondo Real\u201d en la XI Feria Internacional del Libro Santo Domingo 2008 &#13; SANTO DOMINGO.- La Direcci\u00f3n de Asuntos Culturales del Ministerio de Relaciones Exteriores de la Embajada de Colombia en el pa\u00eds, presentar\u00e1 una apasionante jornada multimedia-digital denominada \u201cMacondo real\u201d,\u00a0 que exhibir\u00e1 trozos de la regi\u00f3n que [&hellip;]<\/p>\n","protected":false},"author":3,"featured_media":0,"comment_status":"open","ping_status":"open","sticky":false,"template":"","format":"standard","meta":{"footnotes":""},"categories":[21],"tags":[],"class_list":["post-71093","post","type-post","status-publish","format-standard","hentry","category-cultura"],"_links":{"self":[{"href":"https:\/\/diariodominicano.com\/index.php?rest_route=\/wp\/v2\/posts\/71093","targetHints":{"allow":["GET"]}}],"collection":[{"href":"https:\/\/diariodominicano.com\/index.php?rest_route=\/wp\/v2\/posts"}],"about":[{"href":"https:\/\/diariodominicano.com\/index.php?rest_route=\/wp\/v2\/types\/post"}],"author":[{"embeddable":true,"href":"https:\/\/diariodominicano.com\/index.php?rest_route=\/wp\/v2\/users\/3"}],"replies":[{"embeddable":true,"href":"https:\/\/diariodominicano.com\/index.php?rest_route=%2Fwp%2Fv2%2Fcomments&post=71093"}],"version-history":[{"count":0,"href":"https:\/\/diariodominicano.com\/index.php?rest_route=\/wp\/v2\/posts\/71093\/revisions"}],"wp:attachment":[{"href":"https:\/\/diariodominicano.com\/index.php?rest_route=%2Fwp%2Fv2%2Fmedia&parent=71093"}],"wp:term":[{"taxonomy":"category","embeddable":true,"href":"https:\/\/diariodominicano.com\/index.php?rest_route=%2Fwp%2Fv2%2Fcategories&post=71093"},{"taxonomy":"post_tag","embeddable":true,"href":"https:\/\/diariodominicano.com\/index.php?rest_route=%2Fwp%2Fv2%2Ftags&post=71093"}],"curies":[{"name":"wp","href":"https:\/\/api.w.org\/{rel}","templated":true}]}}