{"id":71092,"date":"2008-04-24T17:14:44","date_gmt":"2008-04-24T17:14:44","guid":{"rendered":"http:\/\/diariodominicano.ddns.net\/?p=71092"},"modified":"2008-04-24T17:14:44","modified_gmt":"2008-04-24T17:14:44","slug":"inauguran-21-feria-internacional-del-libro-de-bogota","status":"publish","type":"post","link":"https:\/\/diariodominicano.com\/?p=71092","title":{"rendered":"Inauguran 21\u00b0 Feria Internacional del Libro de Bogot\u00e1"},"content":{"rendered":"<p><body><\/p>\n<p align=\"justify\"><span class=\"titulogrande1\">Inauguran 21\u00b0 Feria Internacional del Libro de Bogot\u00e1<\/span><br \/>&#13;<br \/>\n  <br \/>&#13;<br \/>\n    <span class=\"text1noticias\">El evento rendir\u00e1 homenaje al fallecido escritor colombiano  Tom\u00e1s Carrasquilla y tendr\u00e1 como pa\u00eds invitado a Jap\u00f3n.\u00a0<br \/>&#13;<br \/>\n    <br \/>&#13;<br \/>\n    <img loading=\"lazy\" decoding=\"async\" src=\"http:\/\/localhost:8080\/img\/colombia feria.jpg\" width=\"375\" height=\"272\" hspace=\"4\" align=\"left\" \/>En un acto p\u00fablico realizado esta noche se dio inicio a la  XXI Feria Internacional del Libro de Bogot\u00e1, que rendir\u00e1 un homenaje al  fallecido escritor colombiano Tom\u00e1s Carrasquilla y tendr\u00e1 como pa\u00eds invitado a  Jap\u00f3n.<br \/>&#13;<br \/>\n    <br \/>&#13;<br \/>\n    Los asistentes al evento cultural podr\u00e1n deleitarse con cerca de 100.000  t\u00edtulos exhibidos, que estar\u00e1n a la venta en unos 17.000 metros cuadrados del  Centro Internacional de Negocios y Exposiciones de Bogot\u00e1, sitio donde se  realiza desde hace 21 a\u00f1os.<br \/>&#13;<br \/>\n    <br \/>&#13;<br \/>\n    Se espera que durante los once d\u00edas del evento cultural asistan al menos medio  mill\u00f3n de visitantes, entre ellos compradores de la industria editorial  colombiana y de otros pa\u00edses.<br \/>&#13;<br \/>\n    <br \/>&#13;<br \/>\n    <br \/>&#13;<br \/>\n    \u00abDe igual forma, se est\u00e1 preparando una gran programaci\u00f3n cultural donde  reconocidos autores e intelectuales nacionales e internacionales se har\u00e1n  presentes en congresos, talleres, exposiciones, foros, lecturas, conferencias,  mesas redondas y firmas de libros\u00bb, se\u00f1al\u00f3 un comunicado de los  organizadores.<br \/>&#13;<br \/>\n<br \/>&#13;<br \/>\nJap\u00f3n, como pa\u00eds invitado de honor, traer\u00e1 una variada muestra de su industria  editorial y adem\u00e1s una representaci\u00f3n cultural que estar\u00e1 integrada por  reconocidos escritores e intelectuales.<br \/>&#13;<br \/>\n<br \/>&#13;<br \/>\nEl acto inaugural estuvo encabezado por el presidente \u00c1lvaro Uribe; la Ministra  de Cultura, Paula Marcela Moreno, y personalidades literarias.<br \/>&#13;<br \/>\n<br \/>&#13;<br \/>\nEl evento del libro rendir\u00e1 un homenaje a Carrasquilla y en un pabell\u00f3n de  1.000 metros cuadrados se dictar\u00e1n conferencias sobre la vida y obra del  escritor. Este a\u00f1o se conmemorar\u00e1n 150 a\u00f1os de su natalicio. <br \/>&#13;<br \/>\n<br \/>&#13;<br \/>\ndpa<\/span><\/p>\n<p>&#13;<\/p>\n<h6> 2008-04-24 17:14:44 <\/h6>\n<p><!--\n<link rel=\"stylesheet\" href=\"css\/bootstrap.min.css\">\n\n\n<ul class=\"pagination\">\n\t    \n\t\n\n<li >\n\t<a href='?page_no=22769'>Previous<\/a>\n\t<\/li>\n\n\n       \n    \n\n<li><a href='?page_no=1'>1<\/a><\/li>\n\n\n\n<li><a href='?page_no=2'>2<\/a><\/li>\n\n\n\n<li><a>...<\/a><\/li>\n\n\n\n<li><a href='?page_no=22768'>22768<\/a><\/li>\n\n\n\n<li><a href='?page_no=22769'>22769<\/a><\/li>\n\n\n\n<li class='active'><a>22770<\/a><\/li>\n\n\n\n<li><a href='?page_no=22771'>22771<\/a><\/li>\n\n\n\n<li><a href='?page_no=22772'>22772<\/a><\/li>\n\n\n\n<li><a>...<\/a><\/li>\n\n\n\n<li><a href='?page_no=22911'>22911<\/a><\/li>\n\n\n\n<li><a href='?page_no=22912'>22912<\/a><\/li>\n\n    \n\t\n\n<li >\n\t<a href='?page_no=22771'>Next<\/a>\n\t<\/li>\n\n\n    \n\n<li><a href='?page_no=22912'>Last &rsaquo;&rsaquo;<\/a><\/li>\n\n<\/ul>\n\n\n--><br \/>\n<\/body><\/p>\n","protected":false},"excerpt":{"rendered":"<p>Inauguran 21\u00b0 Feria Internacional del Libro de Bogot\u00e1&#13; &#13; El evento rendir\u00e1 homenaje al fallecido escritor colombiano Tom\u00e1s Carrasquilla y tendr\u00e1 como pa\u00eds invitado a Jap\u00f3n.\u00a0&#13; &#13; En un acto p\u00fablico realizado esta noche se dio inicio a la XXI Feria Internacional del Libro de Bogot\u00e1, que rendir\u00e1 un homenaje al fallecido escritor colombiano Tom\u00e1s [&hellip;]<\/p>\n","protected":false},"author":3,"featured_media":0,"comment_status":"open","ping_status":"open","sticky":false,"template":"","format":"standard","meta":{"footnotes":""},"categories":[21],"tags":[],"class_list":["post-71092","post","type-post","status-publish","format-standard","hentry","category-cultura"],"_links":{"self":[{"href":"https:\/\/diariodominicano.com\/index.php?rest_route=\/wp\/v2\/posts\/71092","targetHints":{"allow":["GET"]}}],"collection":[{"href":"https:\/\/diariodominicano.com\/index.php?rest_route=\/wp\/v2\/posts"}],"about":[{"href":"https:\/\/diariodominicano.com\/index.php?rest_route=\/wp\/v2\/types\/post"}],"author":[{"embeddable":true,"href":"https:\/\/diariodominicano.com\/index.php?rest_route=\/wp\/v2\/users\/3"}],"replies":[{"embeddable":true,"href":"https:\/\/diariodominicano.com\/index.php?rest_route=%2Fwp%2Fv2%2Fcomments&post=71092"}],"version-history":[{"count":0,"href":"https:\/\/diariodominicano.com\/index.php?rest_route=\/wp\/v2\/posts\/71092\/revisions"}],"wp:attachment":[{"href":"https:\/\/diariodominicano.com\/index.php?rest_route=%2Fwp%2Fv2%2Fmedia&parent=71092"}],"wp:term":[{"taxonomy":"category","embeddable":true,"href":"https:\/\/diariodominicano.com\/index.php?rest_route=%2Fwp%2Fv2%2Fcategories&post=71092"},{"taxonomy":"post_tag","embeddable":true,"href":"https:\/\/diariodominicano.com\/index.php?rest_route=%2Fwp%2Fv2%2Ftags&post=71092"}],"curies":[{"name":"wp","href":"https:\/\/api.w.org\/{rel}","templated":true}]}}