{"id":71091,"date":"2008-04-24T17:18:47","date_gmt":"2008-04-24T17:18:47","guid":{"rendered":"http:\/\/diariodominicano.ddns.net\/?p=71091"},"modified":"2008-04-24T17:18:47","modified_gmt":"2008-04-24T17:18:47","slug":"presidenta-bachelet-entrega-el-maletin-literario-a-las-primeras-familias-beneficiadas","status":"publish","type":"post","link":"https:\/\/diariodominicano.com\/?p=71091","title":{"rendered":"Presidenta Bachelet entrega el Malet\u00edn Literario a las primeras familias beneficiadas"},"content":{"rendered":"<p><body><\/p>\n<p align=\"justify\"><span class=\"titulogrande1\">Presidenta Bachelet entrega el Malet\u00edn Literario a las  primeras familias beneficiadas<\/span><br \/>&#13;<br \/>\n  <br \/>&#13;<br \/>\n    <span class=\"text1noticias\">La Mandataria se dirigi\u00f3 a los detractores del proyecto,  reafirmando su convicci\u00f3n en la iniciativa cultural m\u00e1s importante del  gobierno. <br \/>&#13;<br \/>\n    <br \/>&#13;<br \/>\nCristi\u00e1n Chand\u00eda<\/span><\/p>\n<p>&#13;<\/p>\n<p align=\"justify\" class=\"text1noticias\">Foto: Ximena Navarro<br \/>&#13;<br \/>\n    <br \/>&#13;<br \/>\n    <img loading=\"lazy\" decoding=\"async\" src=\"http:\/\/localhost:8080\/img\/michele.jpg\" width=\"375\" height=\"270\" hspace=\"4\" align=\"left\" \/>En un acto que cont\u00f3 con la presencia de la Presidenta de la  Rep\u00fablica, Michelle Bachelet, se dio hoy inicio a la entrega del Malet\u00edn  Literario a las primeras 25 familias beneficiadas con la iniciativa cultural  m\u00e1s importante del gobierno. Similares actos se llevaron a cabo a lo largo del  pa\u00eds en esta primera etapa de implementaci\u00f3n del proyecto.<br \/>&#13;<br \/>\n    <br \/>&#13;<br \/>\n    En el Patio de las Camelias del Palacio de La Moneda, la  Mandataria encabez\u00f3 una ceremonia donde aprovech\u00f3 de dirigirse a los  detractores que el Malet\u00edn ha tenido desde un inicio, cuando fue anunciado  durante el discurso del 21 de mayo de 2007.<br \/>&#13;<br \/>\n    <br \/>&#13;<br \/>\n\u00abEstamos poniendo en marcha una iniciativa ambiciosa;  sin embargo, no fueron pocos los que dudaron de la consistencia e incluso de  las intenciones de este proyecto cultural, lo criticaron, lo trataron de  ridiculizar e incluso anunciaron que fracasar\u00eda, algunos llegaron a decir que era  un esfuerzo perdido incluso antes de que comenzara. A todos los que dudaron y a  los que no creyeron yo les digo hoy que para hacer grandes transformaciones  tambi\u00e9n hay que saber so\u00f1ar, para hacer cambios hay que atreverse, dijo\u00bb.<br \/>&#13;<br \/>\n<br \/>&#13;<br \/>\nDe igual forma, Bachelet asumi\u00f3 el compromiso de que al  finalizar su mandato \u00abno haya ni una sola comuna que no tenga al menos una  biblioteca p\u00fablica\u00bb, y reafirm\u00f3 su convicci\u00f3n frente a la iniciativa que  tiene como meta llevar a 400.000 familias de escasos recursos, seleccionadas  seg\u00fan su puntaje en la Ficha de Protecci\u00f3n Social, una biblioteca b\u00e1sica  compuesta por 9 o 10 libros.<br \/>&#13;<br \/>\n<br \/>&#13;<br \/>\n\u00abEstoy convencida de que las familias beneficiadas con  este programa van a saber asomarse a nuevas ventanas que se abren con los  libros, con la palabra y con la cultura\u00bb, agreg\u00f3.<br \/>&#13;<br \/>\n<br \/>&#13;<br \/>\nA prop\u00f3sito de su confianza en el proyecto, la jefa de  Estado comparti\u00f3 una an\u00e9cdota sobre su ni\u00f1ez y el gusto que ten\u00eda por la  lectura, comentando que en aquella \u00e9poca utilizaba palabras que usualmente no  se dec\u00edan, \u00abentonces para decir que iba a ir a la cama dec\u00eda, cuando  estaba con mis primas, permiso voy a ir a yacer al lecho, y mis primas dec\u00edan  que rara es esta prima y era porque amaba leer, entonces (leer) creo que  expande el idioma, el lenguaje y la comunicaci\u00f3n entre todos nosotros\u00bb,  finaliz\u00f3.<\/p>\n<p>&#13;<\/p>\n<h6> 2008-04-24 17:18:47 <\/h6>\n<p><!--\n<link rel=\"stylesheet\" href=\"css\/bootstrap.min.css\">\n\n\n<ul class=\"pagination\">\n\t    \n\t\n\n<li >\n\t<a href='?page_no=22768'>Previous<\/a>\n\t<\/li>\n\n\n       \n    \n\n<li><a href='?page_no=1'>1<\/a><\/li>\n\n\n\n<li><a href='?page_no=2'>2<\/a><\/li>\n\n\n\n<li><a>...<\/a><\/li>\n\n\n\n<li><a href='?page_no=22767'>22767<\/a><\/li>\n\n\n\n<li><a href='?page_no=22768'>22768<\/a><\/li>\n\n\n\n<li class='active'><a>22769<\/a><\/li>\n\n\n\n<li><a href='?page_no=22770'>22770<\/a><\/li>\n\n\n\n<li><a href='?page_no=22771'>22771<\/a><\/li>\n\n\n\n<li><a>...<\/a><\/li>\n\n\n\n<li><a href='?page_no=22911'>22911<\/a><\/li>\n\n\n\n<li><a href='?page_no=22912'>22912<\/a><\/li>\n\n    \n\t\n\n<li >\n\t<a href='?page_no=22770'>Next<\/a>\n\t<\/li>\n\n\n    \n\n<li><a href='?page_no=22912'>Last &rsaquo;&rsaquo;<\/a><\/li>\n\n<\/ul>\n\n\n--><br \/>\n<\/body><\/p>\n","protected":false},"excerpt":{"rendered":"<p>Presidenta Bachelet entrega el Malet\u00edn Literario a las primeras familias beneficiadas&#13; &#13; La Mandataria se dirigi\u00f3 a los detractores del proyecto, reafirmando su convicci\u00f3n en la iniciativa cultural m\u00e1s importante del gobierno. &#13; &#13; Cristi\u00e1n Chand\u00eda &#13; Foto: Ximena Navarro&#13; &#13; En un acto que cont\u00f3 con la presencia de la Presidenta de la Rep\u00fablica, [&hellip;]<\/p>\n","protected":false},"author":3,"featured_media":0,"comment_status":"open","ping_status":"open","sticky":false,"template":"","format":"standard","meta":{"footnotes":""},"categories":[21],"tags":[],"class_list":["post-71091","post","type-post","status-publish","format-standard","hentry","category-cultura"],"_links":{"self":[{"href":"https:\/\/diariodominicano.com\/index.php?rest_route=\/wp\/v2\/posts\/71091","targetHints":{"allow":["GET"]}}],"collection":[{"href":"https:\/\/diariodominicano.com\/index.php?rest_route=\/wp\/v2\/posts"}],"about":[{"href":"https:\/\/diariodominicano.com\/index.php?rest_route=\/wp\/v2\/types\/post"}],"author":[{"embeddable":true,"href":"https:\/\/diariodominicano.com\/index.php?rest_route=\/wp\/v2\/users\/3"}],"replies":[{"embeddable":true,"href":"https:\/\/diariodominicano.com\/index.php?rest_route=%2Fwp%2Fv2%2Fcomments&post=71091"}],"version-history":[{"count":0,"href":"https:\/\/diariodominicano.com\/index.php?rest_route=\/wp\/v2\/posts\/71091\/revisions"}],"wp:attachment":[{"href":"https:\/\/diariodominicano.com\/index.php?rest_route=%2Fwp%2Fv2%2Fmedia&parent=71091"}],"wp:term":[{"taxonomy":"category","embeddable":true,"href":"https:\/\/diariodominicano.com\/index.php?rest_route=%2Fwp%2Fv2%2Fcategories&post=71091"},{"taxonomy":"post_tag","embeddable":true,"href":"https:\/\/diariodominicano.com\/index.php?rest_route=%2Fwp%2Fv2%2Ftags&post=71091"}],"curies":[{"name":"wp","href":"https:\/\/api.w.org\/{rel}","templated":true}]}}