{"id":71090,"date":"2008-04-24T17:23:47","date_gmt":"2008-04-24T17:23:47","guid":{"rendered":"http:\/\/diariodominicano.ddns.net\/?p=71090"},"modified":"2008-04-24T17:23:47","modified_gmt":"2008-04-24T17:23:47","slug":"un-filme-parodiara-a-hitler-como-un-joven-sin-dinero-perdido-en-la-gran-ciudad","status":"publish","type":"post","link":"https:\/\/diariodominicano.com\/?p=71090","title":{"rendered":"Un filme parodiar\u00e1 a Hitler como un joven sin dinero perdido en la gran ciudad"},"content":{"rendered":"<p><body><\/p>\n<p align=\"justify\"><strong class=\"titulogrande1\">Un filme parodiar\u00e1 a Hitler como un joven sin dinero perdido en la gran  ciudad<\/strong><br \/>&#13;<br \/>\n  <br \/>&#13;<br \/>\n    <span class=\"text1noticias\">El dictador nazi ser\u00e1 retratado como un personaje apocado y sin luces en  una comedia que se rueda en Viena<br \/>&#13;<br \/>\n    <br \/>&#13;<br \/>\n    <strong>EFE<\/strong> &#8211; Viena &#8211; 24\/04\/2008<\/span><\/p>\n<p>&#13;<\/p>\n<p align=\"justify\" class=\"text1noticias\"><img loading=\"lazy\" decoding=\"async\" src=\"http:\/\/localhost:8080\/img\/hitler.jpg\" width=\"375\" height=\"276\" hspace=\"4\" align=\"left\" \/>Un joven Adolf Hitler reci\u00e9n  llegado a Viena pide limosna en la calle para pagar la pensi\u00f3n para indigentes  en la que se aloja y donde comparte habitaci\u00f3n con dos jud\u00edos, que le ayudan a  sobrevivir en la gran ciudad.<br \/>&#13;<br \/>\n  <br \/>&#13;<br \/>\n  Esta ha sido una de las primeras  escenas que se ha rodado en la filmaci\u00f3n de <em>Mein Kampf<\/em> (Mi lucha), la  pel\u00edcula de corte ir\u00f3nico, basada en una obra hom\u00f3nima del escritor jud\u00edo  George Tabori (1914-2007), que inici\u00f3 esta semana su rodaje en la capital  austr\u00edaca.<br \/>&#13;<br \/>\n  <br \/>&#13;<br \/>\n  El filme, producido por Schiwago  Film, se sit\u00faa en Viena antes de la I Guerra Mundial (1914-1918) cuando Hitler,  interpretado por Tom Schilling, intenta obtener una plaza en la Academia de  Bellas Artes.<br \/>&#13;<br \/>\n  <br \/>&#13;<br \/>\n  FOTOGRAF\u00cdA &#8211; Internacional &#8211; Tom  Schilling, caracterizado como Adolf Hitler, en la cinta &#8216;Mein Kampf&#8217;. <br \/>&#13;<br \/>\n  <br \/>&#13;<br \/>\nTom Schilling,  caracterizado como Adolf Hitler, en la cinta &#8216;Mein Kampf&#8217;. REUTERS &#8211;  24\/04\/2008<\/p>\n<p>&#13;<\/p>\n<p align=\"justify\" class=\"text1noticias\">Con un estilo \u00abentre el  llanto y la risa\u00bb seg\u00fan describi\u00f3 hoy a la prensa en Viena Wolfgang  Bergmann, uno de los guionistas, la pel\u00edcula presenta al futuro dictador sin  dinero, sin amigos y sin mucho talento.<br \/>&#13;<br \/>\n  <br \/>&#13;<br \/>\n  <strong>Protegido por un jud\u00edo en Viena<\/strong> <br \/>&#13;<br \/>\n  <br \/>&#13;<br \/>\n  La cinta cuenta c\u00f3mo el joven  Adolf es protegido por el jud\u00edo Schlomo Herzl, que le anima a seguir la carrera  pol\u00edtica cuando fracasa en su intento de convertirse en artista, y le llega a  recomendar que se deje crecer el bigote.<br \/>&#13;<br \/>\n  <br \/>&#13;<br \/>\n  Schlomo no s\u00f3lo orienta a Hitler,  sino que incluso le cede el nombre de la obra que est\u00e1 escribiendo, <em>Mein  Kampf<\/em>, para que Hitler lo emplee en el manifiesto de su propio ideario  pol\u00edtico.<br \/>&#13;<br \/>\n  <br \/>&#13;<br \/>\n  Sobre lo delicado de hacer un  filme que trata a Hitler desde una perspectiva humor\u00edstica, el director, Urs  Odermatt, asegur\u00f3 que \u00abno est\u00e1 rodando una pel\u00edcula sobre Hilter sino una  obra de Tabori\u00bb.<br \/>&#13;<br \/>\n  <br \/>&#13;<br \/>\n  El cineasta suizo record\u00f3 que la  obra de Tabori es una \u00abfarsa\u00bb y que su acercamiento al tema ya est\u00e1  asumido en la forma en que el autor compuso la pieza.<br \/>&#13;<br \/>\n  <br \/>&#13;<br \/>\n  Por su parte, uno de los  productores, Dany Krausz, asegur\u00f3 que la historia de Tabori tiene que ver mucho  con la \u00abidentidad y la historia\u00bb de Austria y Alemania, y frente a la  existencia de malas pel\u00edculas con Hitler como tema -seg\u00fan asegur\u00f3- el equipo se  plante\u00f3 el proyecto de \u00ablograr un buen producto\u00bb.<br \/>&#13;<br \/>\n  <br \/>&#13;<br \/>\n  La pel\u00edcula, \u00abde afilada  iron\u00eda\u00bb y un \u00abfondo humor\u00edstico\u00bb como se\u00f1al\u00f3 Bergmann, tiene un  presupuesto de 2,7 millones de euros, se rodar\u00e1 hasta el pr\u00f3ximo 18 de julio, y  sus productores conf\u00edan en que pueda presentarse en la pr\u00f3ximo edici\u00f3n de la  Berlinle.<br \/>&#13;<br \/>\n  <br \/>&#13;<br \/>\n  Krausz se refiri\u00f3 a los excelentes  di\u00e1logos de la pieza del dramaturgo h\u00fangaro a los que describi\u00f3 como  \u00abtotalmente cinematogr\u00e1icos\u00bb.<br \/>&#13;<br \/>\n  <br \/>&#13;<br \/>\n  La obra de Tabori, cuyo padre  muri\u00f3 en el campo de exterminio de Auschwitz, fue estrenada en el  Akademitheater vien\u00e9s en 1987 y es una de sus obras m\u00e1s reconocidas. No es la  primera vez que una pel\u00edcula se acerca al nazismo en clave de humor.<br \/>&#13;<br \/>\n  <br \/>&#13;<br \/>\n  El pasado a\u00f1o, una parodia  titulada <em>Mein F\u00fchrer<\/em> presentaba a un Hitler enfermo que recurre a un  profesor de interpretaci\u00f3n para que le ayude a preparar un discurso.<br \/>&#13;<br \/>\n  <br \/>&#13;<br \/>\n  Otros ejemplo son <em>La vida es  bella<\/em>, del italiano Roberto Benigni o la cl\u00e1sica <em>El gran dictador<\/em>,  dirigida por Charles Chaplin en 1940.<\/p>\n<p>&#13;<\/p>\n<h6> 2008-04-24 17:23:47 <\/h6>\n<p><!--\n<link rel=\"stylesheet\" href=\"css\/bootstrap.min.css\">\n\n\n<ul class=\"pagination\">\n\t    \n\t\n\n<li >\n\t<a href='?page_no=22767'>Previous<\/a>\n\t<\/li>\n\n\n       \n    \n\n<li><a href='?page_no=1'>1<\/a><\/li>\n\n\n\n<li><a href='?page_no=2'>2<\/a><\/li>\n\n\n\n<li><a>...<\/a><\/li>\n\n\n\n<li><a href='?page_no=22766'>22766<\/a><\/li>\n\n\n\n<li><a href='?page_no=22767'>22767<\/a><\/li>\n\n\n\n<li class='active'><a>22768<\/a><\/li>\n\n\n\n<li><a href='?page_no=22769'>22769<\/a><\/li>\n\n\n\n<li><a href='?page_no=22770'>22770<\/a><\/li>\n\n\n\n<li><a>...<\/a><\/li>\n\n\n\n<li><a href='?page_no=22911'>22911<\/a><\/li>\n\n\n\n<li><a href='?page_no=22912'>22912<\/a><\/li>\n\n    \n\t\n\n<li >\n\t<a href='?page_no=22769'>Next<\/a>\n\t<\/li>\n\n\n    \n\n<li><a href='?page_no=22912'>Last &rsaquo;&rsaquo;<\/a><\/li>\n\n<\/ul>\n\n\n--><br \/>\n<\/body><\/p>\n","protected":false},"excerpt":{"rendered":"<p>Un filme parodiar\u00e1 a Hitler como un joven sin dinero perdido en la gran ciudad&#13; &#13; El dictador nazi ser\u00e1 retratado como un personaje apocado y sin luces en una comedia que se rueda en Viena&#13; &#13; EFE &#8211; Viena &#8211; 24\/04\/2008 &#13; Un joven Adolf Hitler reci\u00e9n llegado a Viena pide limosna en la [&hellip;]<\/p>\n","protected":false},"author":3,"featured_media":0,"comment_status":"open","ping_status":"open","sticky":false,"template":"","format":"standard","meta":{"footnotes":""},"categories":[21],"tags":[],"class_list":["post-71090","post","type-post","status-publish","format-standard","hentry","category-cultura"],"_links":{"self":[{"href":"https:\/\/diariodominicano.com\/index.php?rest_route=\/wp\/v2\/posts\/71090","targetHints":{"allow":["GET"]}}],"collection":[{"href":"https:\/\/diariodominicano.com\/index.php?rest_route=\/wp\/v2\/posts"}],"about":[{"href":"https:\/\/diariodominicano.com\/index.php?rest_route=\/wp\/v2\/types\/post"}],"author":[{"embeddable":true,"href":"https:\/\/diariodominicano.com\/index.php?rest_route=\/wp\/v2\/users\/3"}],"replies":[{"embeddable":true,"href":"https:\/\/diariodominicano.com\/index.php?rest_route=%2Fwp%2Fv2%2Fcomments&post=71090"}],"version-history":[{"count":0,"href":"https:\/\/diariodominicano.com\/index.php?rest_route=\/wp\/v2\/posts\/71090\/revisions"}],"wp:attachment":[{"href":"https:\/\/diariodominicano.com\/index.php?rest_route=%2Fwp%2Fv2%2Fmedia&parent=71090"}],"wp:term":[{"taxonomy":"category","embeddable":true,"href":"https:\/\/diariodominicano.com\/index.php?rest_route=%2Fwp%2Fv2%2Fcategories&post=71090"},{"taxonomy":"post_tag","embeddable":true,"href":"https:\/\/diariodominicano.com\/index.php?rest_route=%2Fwp%2Fv2%2Ftags&post=71090"}],"curies":[{"name":"wp","href":"https:\/\/api.w.org\/{rel}","templated":true}]}}