{"id":71088,"date":"2008-04-24T22:44:03","date_gmt":"2008-04-24T22:44:03","guid":{"rendered":"http:\/\/diariodominicano.ddns.net\/?p=71088"},"modified":"2008-04-24T22:44:03","modified_gmt":"2008-04-24T22:44:03","slug":"marcio-veloz-maggiolo-declara-su-pasion-por-la-novela","status":"publish","type":"post","link":"https:\/\/diariodominicano.com\/?p=71088","title":{"rendered":"Marcio Veloz Maggiolo declara su pasi\u00f3n por la Novela"},"content":{"rendered":"<p><body><\/p>\n<p align=\"center\" class=\"titulogrande1\">Marcio  Veloz Maggiolo declara su pasi\u00f3n por la Novela <\/p>\n<p>&#13;<\/p>\n<p align=\"justify\" class=\"text1noticias\">Marcio Veloz Maggiolo,  antrop\u00f3logo y escritor revel\u00f3 que aunque se ha dedicado en toda su vida a  distintas disciplinas cient\u00edficas su pasi\u00f3n est\u00e1 en escribir Novelas.<\/p>\n<p>&#13;<\/p>\n<p align=\"justify\" class=\"text1noticias\"><strong><img loading=\"lazy\" decoding=\"async\" src=\"http:\/\/localhost:8080\/img\/magiolo.jpg\" width=\"375\" height=\"501\" hspace=\"4\" align=\"left\" \/>SANTO DOMINGO.-<\/strong> En una tertulia en  Caf\u00e9 Bohemio, presentado por Freddy Ginebra, coordinador de ese espacio  cultural y de entretenimiento, recomend\u00f3 a los nuevos\u00a0 escritores organizarse para escribir, leer  bastante y aprender la forma en que se construyen los cap\u00edtulos y personajes.<\/p>\n<p>&#13;<\/p>\n<p align=\"justify\" class=\"text1noticias\">Cree en la importancia de la  vocaci\u00f3n para escribir, aunque no tiene convicci\u00f3n en la inspiraci\u00f3n pura y  simple, pero le asigna una gran importancia al trabajo y la disciplina.\u00a0 Se levanta cada d\u00eda a las cinco o cinco treinta  de la ma\u00f1ana, claro, su esposa le despierta.<\/p>\n<p>&#13;<\/p>\n<p align=\"justify\" class=\"text1noticias\"> Anunci\u00f3 que desde que se levanta comienza a trabajar de  inmediato, en algunos casos deja reposar una\u00a0  hoja por dos y tres d\u00edas y luego la retoma para completar las ideas o  modificarlas.<\/p>\n<p>&#13;<\/p>\n<p align=\"justify\" class=\"text1noticias\">En el acto estuvo presente  Ram\u00f3n\u00a0 Bodd\u00e9n, amigo entra\u00f1able\u00a0 de la infancia de Veloz Maggiolo, a quien le  revel\u00f3 en presencia del p\u00fablico que \u00e9l sirvi\u00f3 de modelo para su libro Materia  Prima, y que est\u00e1 enteramente dedicada a \u00e9l, as\u00ed como Basilio Belliard,  Director del Libro y la   Lectura de la   Secretar\u00eda de Estado de Cultura.<br \/>&#13;<br \/>\n  <br \/>&#13;<br \/>\nCon cierta nostalgia record\u00f3 su  viejo barrio de Villa Francisca, con el que sue\u00f1a permanentemente, y del cual  no queda mucho de lo que era.\u00a0 Su sue\u00f1o  es repetitivo es subiendo la casa del loro y llegando a la casa de su padre.<\/p>\n<p>&#13;<\/p>\n<p align=\"justify\" class=\"text1noticias\">Todav\u00eda est\u00e1n en su memoria los  billeteros, los borrachos y tantos personajes como \u00a8pate banco, que caminaba  cojeando y reparaba enseres del hogar y harina un personaje que se\u00a0 paseaba por todas las calles con un casco de  color blanco.<\/p>\n<p>&#13;<\/p>\n<p align=\"justify\" class=\"text1noticias\">Junto a Magiolo participaron los  j\u00f3venes escritores Martha Batis y Alberto Badino, quienes aprovecharon\u00a0 su cercan\u00eda con el maestro para hacerle  preguntas al igual que el p\u00fablico.\u00a0 <\/p>\n<p>&#13;<\/p>\n<p><strong>Fotos: <\/strong><span class=\"textogrande\">Paula Otero<\/span><\/p>\n<p>&#13;<\/p>\n<p> <span class=\"text1noticias\">Publico asistente al coloquio.<\/span><\/p>\n<p>&#13;<\/p>\n<p class=\"text1noticias\"> Freddy Ginebra, Marcio Veloz Maggiolo,  Alberto Badino Y Martha Batis<\/p>\n<p>&#13;<\/p>\n<p align=\"justify\" class=\"text1noticias\">\u00a0<\/p>\n<p>&#13;<\/p>\n<h6> 2008-04-24 22:44:03 <\/h6>\n<p><!--\n<link rel=\"stylesheet\" href=\"css\/bootstrap.min.css\">\n\n\n<ul class=\"pagination\">\n\t    \n\t\n\n<li >\n\t<a href='?page_no=22765'>Previous<\/a>\n\t<\/li>\n\n\n       \n    \n\n<li><a href='?page_no=1'>1<\/a><\/li>\n\n\n\n<li><a href='?page_no=2'>2<\/a><\/li>\n\n\n\n<li><a>...<\/a><\/li>\n\n\n\n<li><a href='?page_no=22764'>22764<\/a><\/li>\n\n\n\n<li><a href='?page_no=22765'>22765<\/a><\/li>\n\n\n\n<li class='active'><a>22766<\/a><\/li>\n\n\n\n<li><a href='?page_no=22767'>22767<\/a><\/li>\n\n\n\n<li><a href='?page_no=22768'>22768<\/a><\/li>\n\n\n\n<li><a>...<\/a><\/li>\n\n\n\n<li><a href='?page_no=22911'>22911<\/a><\/li>\n\n\n\n<li><a href='?page_no=22912'>22912<\/a><\/li>\n\n    \n\t\n\n<li >\n\t<a href='?page_no=22767'>Next<\/a>\n\t<\/li>\n\n\n    \n\n<li><a href='?page_no=22912'>Last &rsaquo;&rsaquo;<\/a><\/li>\n\n<\/ul>\n\n\n--><br \/>\n<\/body><\/p>\n","protected":false},"excerpt":{"rendered":"<p>Marcio Veloz Maggiolo declara su pasi\u00f3n por la Novela &#13; Marcio Veloz Maggiolo, antrop\u00f3logo y escritor revel\u00f3 que aunque se ha dedicado en toda su vida a distintas disciplinas cient\u00edficas su pasi\u00f3n est\u00e1 en escribir Novelas. &#13; SANTO DOMINGO.- En una tertulia en Caf\u00e9 Bohemio, presentado por Freddy Ginebra, coordinador de ese espacio cultural y [&hellip;]<\/p>\n","protected":false},"author":3,"featured_media":0,"comment_status":"open","ping_status":"open","sticky":false,"template":"","format":"standard","meta":{"footnotes":""},"categories":[21],"tags":[],"class_list":["post-71088","post","type-post","status-publish","format-standard","hentry","category-cultura"],"_links":{"self":[{"href":"https:\/\/diariodominicano.com\/index.php?rest_route=\/wp\/v2\/posts\/71088","targetHints":{"allow":["GET"]}}],"collection":[{"href":"https:\/\/diariodominicano.com\/index.php?rest_route=\/wp\/v2\/posts"}],"about":[{"href":"https:\/\/diariodominicano.com\/index.php?rest_route=\/wp\/v2\/types\/post"}],"author":[{"embeddable":true,"href":"https:\/\/diariodominicano.com\/index.php?rest_route=\/wp\/v2\/users\/3"}],"replies":[{"embeddable":true,"href":"https:\/\/diariodominicano.com\/index.php?rest_route=%2Fwp%2Fv2%2Fcomments&post=71088"}],"version-history":[{"count":0,"href":"https:\/\/diariodominicano.com\/index.php?rest_route=\/wp\/v2\/posts\/71088\/revisions"}],"wp:attachment":[{"href":"https:\/\/diariodominicano.com\/index.php?rest_route=%2Fwp%2Fv2%2Fmedia&parent=71088"}],"wp:term":[{"taxonomy":"category","embeddable":true,"href":"https:\/\/diariodominicano.com\/index.php?rest_route=%2Fwp%2Fv2%2Fcategories&post=71088"},{"taxonomy":"post_tag","embeddable":true,"href":"https:\/\/diariodominicano.com\/index.php?rest_route=%2Fwp%2Fv2%2Ftags&post=71088"}],"curies":[{"name":"wp","href":"https:\/\/api.w.org\/{rel}","templated":true}]}}