{"id":71087,"date":"2008-04-24T22:49:17","date_gmt":"2008-04-24T22:49:17","guid":{"rendered":"http:\/\/diariodominicano.ddns.net\/?p=71087"},"modified":"2008-04-24T22:49:17","modified_gmt":"2008-04-24T22:49:17","slug":"mas-de-25-mil-personas-utilizan-el-metro-abierto-para-la-feria-del-libro","status":"publish","type":"post","link":"https:\/\/diariodominicano.com\/?p=71087","title":{"rendered":"M\u00e1s de 25 mil personas utilizan el Metro, abierto para la Feria del Libro"},"content":{"rendered":"<p><body><\/p>\n<p align=\"justify\"><span class=\"titulogrande1\">M\u00e1s de 25 mil personas utilizan el Metro,  abierto para la Feria  del Libro<\/span><br \/>&#13;<br \/>\n  <br \/>&#13;<br \/>\n    <span class=\"text1noticias\"><strong>Santo  Domingo.-<\/strong> M\u00e1s de 25 mil pasajeros de las distintas provincias del interior del  pa\u00eds han tenido la oportunidad de conocer las facilidades del Metro de Santo  Domingo durante la segunda etapa de prueba que se realiza desde el 22 al 28 del  mes en curso. <br \/>&#13;<br \/>\n    <br \/>&#13;<br \/>\nUna  nota informativa, dice que se resalta de la alegr\u00eda de los visitantes al ver  que en un corto tiempo, 15 minutos, hacen el recorrido desde La Feria en el Sur de la  capital a Villa Mella, en el municipio Santo Domingo Norte de la provincia  Santo Domingo. <br \/>&#13;<br \/>\n<br \/>&#13;<br \/>\nEl  coordinador de la   Segunda Etapa de Prueba del Metro, Ricardo Jacobo,  \u00a0resalt\u00f3 la forma organizada como se ha llevado a cabo el proceso y el  benepl\u00e1cito que muestran los viajeros del Metro de Santo Domingo. <br \/>&#13;<br \/>\n<br \/>&#13;<br \/>\nManifest\u00f3  que la iniciativa de montar gratuitamente en el tren al p\u00fablico en general  surgi\u00f3 luego de que escuelas p\u00fablicas y privadas, parroquias, grupos  comunitarios y dem\u00e1s organizaciones solicitar\u00e1 que se le den facilidades para  montarse y conocer la monumental obra. <br \/>&#13;<br \/>\n<br \/>&#13;<br \/>\nInsisti\u00f3  que los estudiantes salen muy entusiasmado al hacer su recorrido en el moderno  medio de transporte masivo. <br \/>&#13;<br \/>\n<br \/>&#13;<br \/>\nJacobo  inform\u00f3 que el horario ha sido ampliado para que empleados p\u00fablicos y dem\u00e1s  organizaciones aprovechen su momento de descanso y visiten la obra.  \u00a0<br \/> &#13;<br \/>\n<br \/>&#13;<br \/>\n\u201cSe  puede destacar el orden y buen comportamiento no solamente de las autoridades  del Metro, sino de los usuarios que asumen la obra como un logro del pa\u00eds\u201d,  a\u00f1ade el funcionario. <br \/>&#13;<br \/>\n<br \/>&#13;<br \/>\nExpres\u00f3  que los ciudadanos est\u00e1n concientes que la obra ahorrar\u00e1 combustibles, tiempo y  dinero a las autoridades, adem\u00e1s de los buenos servicios que ofrecer\u00e1. <\/span><\/p>\n<p>&#13;<\/p>\n<h6> 2008-04-24 22:49:17 <\/h6>\n<p><!--\n<link rel=\"stylesheet\" href=\"css\/bootstrap.min.css\">\n\n\n<ul class=\"pagination\">\n\t    \n\t\n\n<li >\n\t<a href='?page_no=22764'>Previous<\/a>\n\t<\/li>\n\n\n       \n    \n\n<li><a href='?page_no=1'>1<\/a><\/li>\n\n\n\n<li><a href='?page_no=2'>2<\/a><\/li>\n\n\n\n<li><a>...<\/a><\/li>\n\n\n\n<li><a href='?page_no=22763'>22763<\/a><\/li>\n\n\n\n<li><a href='?page_no=22764'>22764<\/a><\/li>\n\n\n\n<li class='active'><a>22765<\/a><\/li>\n\n\n\n<li><a href='?page_no=22766'>22766<\/a><\/li>\n\n\n\n<li><a href='?page_no=22767'>22767<\/a><\/li>\n\n\n\n<li><a>...<\/a><\/li>\n\n\n\n<li><a href='?page_no=22911'>22911<\/a><\/li>\n\n\n\n<li><a href='?page_no=22912'>22912<\/a><\/li>\n\n    \n\t\n\n<li >\n\t<a href='?page_no=22766'>Next<\/a>\n\t<\/li>\n\n\n    \n\n<li><a href='?page_no=22912'>Last &rsaquo;&rsaquo;<\/a><\/li>\n\n<\/ul>\n\n\n--><br \/>\n<\/body><\/p>\n","protected":false},"excerpt":{"rendered":"<p>M\u00e1s de 25 mil personas utilizan el Metro, abierto para la Feria del Libro&#13; &#13; Santo Domingo.- M\u00e1s de 25 mil pasajeros de las distintas provincias del interior del pa\u00eds han tenido la oportunidad de conocer las facilidades del Metro de Santo Domingo durante la segunda etapa de prueba que se realiza desde el 22 [&hellip;]<\/p>\n","protected":false},"author":3,"featured_media":0,"comment_status":"open","ping_status":"open","sticky":false,"template":"","format":"standard","meta":{"footnotes":""},"categories":[21],"tags":[],"class_list":["post-71087","post","type-post","status-publish","format-standard","hentry","category-cultura"],"_links":{"self":[{"href":"https:\/\/diariodominicano.com\/index.php?rest_route=\/wp\/v2\/posts\/71087","targetHints":{"allow":["GET"]}}],"collection":[{"href":"https:\/\/diariodominicano.com\/index.php?rest_route=\/wp\/v2\/posts"}],"about":[{"href":"https:\/\/diariodominicano.com\/index.php?rest_route=\/wp\/v2\/types\/post"}],"author":[{"embeddable":true,"href":"https:\/\/diariodominicano.com\/index.php?rest_route=\/wp\/v2\/users\/3"}],"replies":[{"embeddable":true,"href":"https:\/\/diariodominicano.com\/index.php?rest_route=%2Fwp%2Fv2%2Fcomments&post=71087"}],"version-history":[{"count":0,"href":"https:\/\/diariodominicano.com\/index.php?rest_route=\/wp\/v2\/posts\/71087\/revisions"}],"wp:attachment":[{"href":"https:\/\/diariodominicano.com\/index.php?rest_route=%2Fwp%2Fv2%2Fmedia&parent=71087"}],"wp:term":[{"taxonomy":"category","embeddable":true,"href":"https:\/\/diariodominicano.com\/index.php?rest_route=%2Fwp%2Fv2%2Fcategories&post=71087"},{"taxonomy":"post_tag","embeddable":true,"href":"https:\/\/diariodominicano.com\/index.php?rest_route=%2Fwp%2Fv2%2Ftags&post=71087"}],"curies":[{"name":"wp","href":"https:\/\/api.w.org\/{rel}","templated":true}]}}