{"id":71085,"date":"2008-04-25T18:51:37","date_gmt":"2008-04-25T18:51:37","guid":{"rendered":"http:\/\/diariodominicano.ddns.net\/?p=71085"},"modified":"2008-04-25T18:51:37","modified_gmt":"2008-04-25T18:51:37","slug":"inglesa-es-elegida-fotografo-del-ano-en-premios-internacionales-sony","status":"publish","type":"post","link":"https:\/\/diariodominicano.com\/?p=71085","title":{"rendered":"Inglesa es elegida \u00abFot\u00f3grafo del A\u00f1o\u00bb en Premios Internacionales Sony"},"content":{"rendered":"<p><body><\/p>\n<p align=\"justify\"><span class=\"titulogrande1\">Inglesa es elegida \u00abFot\u00f3grafo del A\u00f1o\u00bb en Premios  Internacionales Sony<\/span><br \/>&#13;<br \/>\n  <br \/>&#13;<br \/>\n    <span class=\"text1noticias\">Vanessa Winship triunf\u00f3 con una serie llamada Dulces Nadas.  El chileno Christian Demarco, que postulaba en la secci\u00f3n m\u00fasica y  espect\u00e1culos, fue superado por el suizo Eduard Meltzer. \u00a0<br \/>&#13;<br \/>\n    <br \/>&#13;<br \/>\n    <img loading=\"lazy\" decoding=\"async\" src=\"http:\/\/localhost:8080\/img\/inglesa.jpg\" width=\"375\" height=\"484\" hspace=\"4\" align=\"left\" \/>La fot\u00f3grafa inglesa, Vanessa Winship, gan\u00f3 el t\u00edtulo de  Fot\u00f3grafo del A\u00f1o de los Premios Internacionales de Fotograf\u00eda Sony (SWPA,  siglas en ingl\u00e9s) en la gala que se celebr\u00f3 la noche de ayer en el Palacio de  Festivales de Cannes.<br \/>&#13;<br \/>\n    <br \/>&#13;<br \/>\n    Las instant\u00e1neas en blanco y negro de Winship, que fueron premiadas tambi\u00e9n en  la secci\u00f3n de Retrato de fot\u00f3grafos profesionales, se re\u00fanen bajo el t\u00edtulo  Sweet Nothings (Dulces Nadas).<br \/>&#13;<br \/>\n    <br \/>&#13;<br \/>\n    En M\u00fasica y Espect\u00e1culo el ganador fue el suizo Eduard Meltzer, con una  fotograf\u00eda en blanco y negro sin t\u00edtulo con la que\u00a0venci\u00f3 al chileno Christian  Demarco, quien tambi\u00e9n figuraba como finalista en esta categor\u00eda. <br \/>&#13;<br \/>\n    <br \/>&#13;<br \/>\n    En la categor\u00eda de Abstracto, gan\u00f3 la estadounidense Anita Cruz-Eberhard con  sus fotos tituladas Target Series (Series Objetivo), y en Publicidad, el premio  recay\u00f3 en el italiano Fabrizio Cestari con su trabajo Made in Japan (Fabricado  en Jap\u00f3n).<br \/>&#13;<br \/>\n    <br \/>&#13;<br \/>\n    La secci\u00f3n de Arquitectura fue dominada\u00a0por la mexicana Livia Corona,\u00a0con  su proyecto Two Millions Homes for Mexico (Dos Millones de Hogares para  M\u00e9xico), y el premio en Moda fue a parar a\u00a0manos de\u00a0la alemana Valeska  Achenbach, y la brasile\u00f1a Isabela Pacini.<br \/>&#13;<br \/>\n    <br \/>&#13;<br \/>\n    Por otro lado, en Naturaleza el premio fue para las instant\u00e1neas en blanco y  negro de animales del italiano Giacomo Brunelli y en la categior\u00eda de Desnudo,  el galard\u00f3n lo obtuvo la alemana Natalie Bothur con su trabajo llamado  Ruecksicht, y en Fotoperiodismo se premiaron las instant\u00e1neas del  estadounidense Moises Saman sobre Las Bandas de El Salvador.<br \/>&#13;<br \/>\n    <br \/>&#13;<br \/>\n    Por \u00faltimo, en Ciencia se premi\u00f3 al estadounidense Thomas Deerinck, y en  Deportes se lo llev\u00f3 el fot\u00f3grafo holand\u00e9s de la agencia ANP, Robin Utrecht,  por su serie Soccer Team (Equipo de f\u00fatbol).<br \/>&#13;<br \/>\n    <br \/>&#13;<br \/>\n    Por otro lado, los Premios Internacionales de Fotograf\u00eda Sony concedieron el  Premio Legado al m\u00edtico fot\u00f3grafo estadounidense, Phil Stern, quien invit\u00f3 a  que \u00abse eleve la fotograf\u00eda a lo m\u00e1s alto de las Bellas Artes\u00bb y a  que se valore \u00abla fotograf\u00eda perfecta\u00bb con el apoyo de estos  concursos y de ciertas firmas.<br \/>&#13;<br \/>\n    <br \/>&#13;<br \/>\n    Tuvo palabras de agradecimiento para sus hijos, que le acompa\u00f1an constantemente  debido a la enfermedad pulmonar grave que padece, e incluso, de forma ir\u00f3nica  ante su necesidad de estar conectado a una m\u00e1quina que le provee ox\u00edgeno, \u00e1nimo  a los asistentes a la ceremonia a que \u00abempezasen a fumar\u00bb.<br \/>&#13;<br \/>\n    <br \/>&#13;<br \/>\n    Phil Stern (1919) es uno de los fot\u00f3grafos vivos m\u00e1s reconocidos  mundialmente.\u00a0Famoso por\u00a0haber retratado a las estrellas de Hollywood  de los a\u00f1os 50 y 60 y los \u00edconos del jazz, tambi\u00e9n destac\u00f3 como reportero de  guerra, donde sus instant\u00e1neas de la II Guerra Mundial son las m\u00e1s recordadas.<br \/>&#13;<br \/>\n    <br \/>&#13;<br \/>\n    La gala tambi\u00e9n hizo una menci\u00f3n especial a la categor\u00eda de los  \u00abamateurs\u00bb, secci\u00f3n en la que result\u00f3 ganador de forma absoluta el  indio Arup Ghosh, por Barber (Barbero), quien tambi\u00e9n se adjudic\u00f3 el galard\u00f3n  en la categor\u00eda de retrato.<br \/>&#13;<br \/>\n    <br \/>&#13;<br \/>\n    Los otros premiados \u00abamateurs\u00bb fueron el espa\u00f1ol Emilio Jos\u00e9 Mariel,  en la categor\u00eda de Arquitectura, con una fotograf\u00eda titulada Caracol; el ingl\u00e9s  Mart\u00edn Kharumwa en Abstracto, con Itch; y el italiano Tommaso Awerbuch en Moda,  con Tre Civette sul Sofa (Tres Lechuzas en el Sof\u00e1).<br \/>&#13;<br \/>\n    <br \/>&#13;<br \/>\n    Asimismo, el ingl\u00e9s Kerry Grainger gan\u00f3 en M\u00fasica y Espect\u00e1culo con Dancing  (Bailando); el alem\u00e1n Thorsten Schrader en Naturaleza, por Zebra; el suizo Erwin  von Arx en Ciencia, con la foto Last Light (Ultima Luz); y el indio Nimai  Chandra Ghosh en Deportes, por Winning Team (Equipo Vencedor).<br \/>&#13;<br \/>\n    <br \/>&#13;<br \/>\n    Por otro lado, se record\u00f3 en la ceremonia de entrega de los Premios  Internacionales de Fotograf\u00eda Sony que Espa\u00f1a hab\u00eda ganado en la categor\u00eda de  estudiantes de foto denominada University Shoot Out.<br \/>&#13;<br \/>\n    <br \/>&#13;<br \/>\n    Los catalanes Oriol Llad\u00f3s y Salvi Dan\u00e9s, de la escuela \u00abInstitut  D&#8217;Estudis Fotografics de Catalunya\u00bb, ganaron el concurso en el que  compitieron contra otras nuevas escuelas cada una de un pa\u00eds europeo:  Dinamarca, Francia, Alemania, Hungr\u00eda, Italia, Holanda, Polonia, Portugal y  Reino Unido.<br \/>&#13;<br \/>\n    <br \/>&#13;<br \/>\n    As\u00ed, la primera noche de los Premios Internacionales de Fotograf\u00eda de Sony  llegaron a su fin en la ciudad de Cannes, que curiosamente tendi\u00f3 una larga  alfombra tes de color negro a los asisten, que simboliza la ausencia de luz,  esencia de la fotograf\u00eda.\u00a0<br \/>&#13;<br \/>\n    <br \/>&#13;<br \/>\nEFE<\/span><\/p>\n<p>&#13;<\/p>\n<h6> 2008-04-25 18:51:37 <\/h6>\n<p><!--\n<link rel=\"stylesheet\" href=\"css\/bootstrap.min.css\">\n\n\n<ul class=\"pagination\">\n\t    \n\t\n\n<li >\n\t<a href='?page_no=22762'>Previous<\/a>\n\t<\/li>\n\n\n       \n    \n\n<li><a href='?page_no=1'>1<\/a><\/li>\n\n\n\n<li><a href='?page_no=2'>2<\/a><\/li>\n\n\n\n<li><a>...<\/a><\/li>\n\n\n\n<li><a href='?page_no=22761'>22761<\/a><\/li>\n\n\n\n<li><a href='?page_no=22762'>22762<\/a><\/li>\n\n\n\n<li class='active'><a>22763<\/a><\/li>\n\n\n\n<li><a href='?page_no=22764'>22764<\/a><\/li>\n\n\n\n<li><a href='?page_no=22765'>22765<\/a><\/li>\n\n\n\n<li><a>...<\/a><\/li>\n\n\n\n<li><a href='?page_no=22911'>22911<\/a><\/li>\n\n\n\n<li><a href='?page_no=22912'>22912<\/a><\/li>\n\n    \n\t\n\n<li >\n\t<a href='?page_no=22764'>Next<\/a>\n\t<\/li>\n\n\n    \n\n<li><a href='?page_no=22912'>Last &rsaquo;&rsaquo;<\/a><\/li>\n\n<\/ul>\n\n\n--><br \/>\n<\/body><\/p>\n","protected":false},"excerpt":{"rendered":"<p>Inglesa es elegida \u00abFot\u00f3grafo del A\u00f1o\u00bb en Premios Internacionales Sony&#13; &#13; Vanessa Winship triunf\u00f3 con una serie llamada Dulces Nadas. El chileno Christian Demarco, que postulaba en la secci\u00f3n m\u00fasica y espect\u00e1culos, fue superado por el suizo Eduard Meltzer. \u00a0&#13; &#13; La fot\u00f3grafa inglesa, Vanessa Winship, gan\u00f3 el t\u00edtulo de Fot\u00f3grafo del A\u00f1o de los [&hellip;]<\/p>\n","protected":false},"author":3,"featured_media":0,"comment_status":"open","ping_status":"open","sticky":false,"template":"","format":"standard","meta":{"footnotes":""},"categories":[21],"tags":[],"class_list":["post-71085","post","type-post","status-publish","format-standard","hentry","category-cultura"],"_links":{"self":[{"href":"https:\/\/diariodominicano.com\/index.php?rest_route=\/wp\/v2\/posts\/71085","targetHints":{"allow":["GET"]}}],"collection":[{"href":"https:\/\/diariodominicano.com\/index.php?rest_route=\/wp\/v2\/posts"}],"about":[{"href":"https:\/\/diariodominicano.com\/index.php?rest_route=\/wp\/v2\/types\/post"}],"author":[{"embeddable":true,"href":"https:\/\/diariodominicano.com\/index.php?rest_route=\/wp\/v2\/users\/3"}],"replies":[{"embeddable":true,"href":"https:\/\/diariodominicano.com\/index.php?rest_route=%2Fwp%2Fv2%2Fcomments&post=71085"}],"version-history":[{"count":0,"href":"https:\/\/diariodominicano.com\/index.php?rest_route=\/wp\/v2\/posts\/71085\/revisions"}],"wp:attachment":[{"href":"https:\/\/diariodominicano.com\/index.php?rest_route=%2Fwp%2Fv2%2Fmedia&parent=71085"}],"wp:term":[{"taxonomy":"category","embeddable":true,"href":"https:\/\/diariodominicano.com\/index.php?rest_route=%2Fwp%2Fv2%2Fcategories&post=71085"},{"taxonomy":"post_tag","embeddable":true,"href":"https:\/\/diariodominicano.com\/index.php?rest_route=%2Fwp%2Fv2%2Ftags&post=71085"}],"curies":[{"name":"wp","href":"https:\/\/api.w.org\/{rel}","templated":true}]}}