{"id":71083,"date":"2008-04-25T18:57:55","date_gmt":"2008-04-25T18:57:55","guid":{"rendered":"http:\/\/diariodominicano.ddns.net\/?p=71083"},"modified":"2008-04-25T18:57:55","modified_gmt":"2008-04-25T18:57:55","slug":"hallada-la-caligrafia-del-autor-de-la-celestina","status":"publish","type":"post","link":"https:\/\/diariodominicano.com\/?p=71083","title":{"rendered":"Hallada la caligraf\u00eda del autor de &#8216;La Celestina&#8217;"},"content":{"rendered":"<p><body><\/p>\n<p align=\"justify\"><strong class=\"titulogrande1\">Hallada la caligraf\u00eda del autor de &#8216;La Celestina&#8217;<\/strong><br \/>&#13;<br \/>\n  <br \/>&#13;<br \/>\n    <span class=\"text1noticias\">Hasta ahora no se conservaba ninguna muestra aut\u00f3grafa de Fernando de Rojas<br \/>&#13;<br \/>\n    <br \/>&#13;<br \/>\n    <strong>EUROPA PRESS<\/strong> &#8211; Madrid &#8211; 25\/04\/2008 <\/span><\/p>\n<p>&#13;<\/p>\n<p align=\"justify\" class=\"text1noticias\">El Catedr\u00e1tico de Literatura  Espa\u00f1ola de la Universidad Complutense de Madrid, V\u00edctor Infantes, especialista  en la Cultura de los Siglos de Oro, ha hallado en una biblioteca privada, por  primera vez, la caligraf\u00eda de Fernando de Rojas, supuesto autor de &#8216;La  Celestina&#8217;. Este descubrimiento aparece en un libro de derecho proveniente, sin  ninguna duda, de la biblioteca del escritor.<br \/>&#13;<br \/>\n  <br \/>&#13;<br \/>\n\u00abSe trata de un breve impreso  legislativo titulado &#8216;Las Cortes de Toledo. Del a\u00f1o de mil y quinientos y  veynte y cinco a\u00f1os&#8217;, impreso en Burgos en 1526, cuya posesi\u00f3n en manos de un  abogado como era Fernando de Rojas se relaciona tem\u00e1ticamente con los otros  vol\u00famenes de Derecho que pose\u00eda\u00bb, se\u00f1al\u00f3 Infantes en una entrevista.<br \/>&#13;<br \/>\n<br \/>&#13;<br \/>\nEn algunas de sus 22 hojas, sin  encuadernar, se encuentran diferentes anotaciones manuscritas en los m\u00e1rgenes,  que este experto atribuye, \u00abcon fiabilidad alt\u00edsima\u00bb, a Fernando de  Rojas. \u00abDado que no se conserva ninguna muestra de escritura ni siquiera  una firma del controvertido autor de <em>La Celestina<\/em>, la aparici\u00f3n ahora de  este ejemplar de su biblioteca, que milagrosamente ha logrado sobrevivir hasta  nuestros d\u00edas, da testimonio de la letra de su propietario, recuperando as\u00ed la  desconocida caligraf\u00eda de uno de los autores m\u00e1s relevantes de nuestra  literatura\u00bb, indic\u00f3 el profesor Infantes.<br \/>&#13;<br \/>\n<br \/>&#13;<br \/>\n  <strong>Texto \u00abcercano\u00bb a Rojas<\/strong> <br \/>&#13;<br \/>\n  <br \/>&#13;<br \/>\n  Este hallazgo (dado a conocer por  el propio Infantes en la revista <em>Celestinesca<\/em>) aparece justo despu\u00e9s de  que estos d\u00edas se haya hecho p\u00fablico el descubrimiento de la c\u00e9dula de  publicaci\u00f3n de <em>El Quijote<\/em>, de Cervantes, por parte del profesor Fernando  Bouza.<br \/>&#13;<br \/>\n  <br \/>&#13;<br \/>\n  El descubrimiento ha sido posible  gracias a la extensa investigaci\u00f3n en torno a Rojas que V\u00edctor Infantes ha  abordado a trav\u00e9s del estudio del <em>Inventario<\/em> de sus libros, realizado a  su muerte en Talavera de la Reina en 1541 y al que ya dedic\u00f3 una extensa  investigaci\u00f3n en 1998, logrando ahora identificar uno de los vol\u00famenes  pertenecientes a la biblioteca personal del escritor.<br \/>&#13;<br \/>\n  <br \/>&#13;<br \/>\n  Seg\u00fan record\u00f3 el profesor Infantes,  Rojas ten\u00eda dos grupos de libros: los de literatura y los de derecho, unos  cuarenta de cada grupo. Los primeros se los dej\u00f3 a su mujer y los segundos a su  hijo, tambi\u00e9n abogado. Este libro de derecho de su biblioteca hallado ahora era  \u00abun texto muy cercano a \u00e9l, un libro que cuando sali\u00f3 ten\u00edan todos los  abogados y que significaba en aquella \u00e9poca algo parecido a lo que hoy es el  BOE\u00bb, manifest\u00f3.<br \/>&#13;<br \/>\n  <br \/>&#13;<br \/>\n  <strong>Autor\u00eda de <em>La Celestina<\/em><\/strong> <br \/>&#13;<br \/>\n  <br \/>&#13;<br \/>\n  El profesor V\u00edctor Infantes ha  publicado tambi\u00e9n recientemente un documentado estudio bibliogr\u00e1fico sobre las  primeras ediciones de <em>La Celestina<\/em> y \u00e9l es de la opini\u00f3n de que este  Fernando de Rojas no fue realmente el autor de la citada obra.<br \/>&#13;<br \/>\n  <br \/>&#13;<br \/>\n\u00abDe Fernando de Rojas sabemos  bastantes cosas: que estudi\u00f3 en Salamanca, que fue abogado, alcalde de  Talavera, que al morir ten\u00eda una peque\u00f1a fortuna, su inventario, los cargos que  ocup\u00f3&#8230; Pero eso no implica que escribiera <em>La Celestina<\/em>. Nada le  vincula con este texto\u00bb, dijo.<br \/>&#13;<br \/>\n<br \/>&#13;<br \/>\n\u00abEl acr\u00f3stico famoso que  viene en este libro que dice: &#8216;El bachiller Fernando de Rojas, natural de la  Puebla de Montalb\u00e1n&#8230;&#8217;, puede ser incluso una broma. Adem\u00e1s, se supone que  alguien que ha escrito &#8216;La Celestina&#8217; ha tenido que leer una serie de cosas y  ninguna de ellas se encuentran en su biblioteca. Quiz\u00e1s no sea este Fernando de  Rojas. Yo dir\u00eda que hay dudas razonables. Adem\u00e1s, ni siquiera ten\u00eda un solo  ejemplar de &#8216;La Celestina&#8217; y esto llama mucho la atenci\u00f3n porque cuando muri\u00f3  Rojas en 1541 hab\u00eda 32 ediciones de esta obra. <br \/>&#13;<br \/>\n<br \/>&#13;<br \/>\nLo l\u00f3gico, si era el autor, es  que, al menos, tuviera una. Pero no es as\u00ed\u00bb, se\u00f1al\u00f3.<br \/>&#13;<br \/>\n<br \/>&#13;<br \/>\n\u00abPor eso yo sugiero que este  Fernando de Rojas no tiene nada que ver con otro que hay tambi\u00e9n del mismo  nombre y de Toledo, si es que este otro es igualmente el autor. No hay dato  documental que lo atestig\u00fce. Por lo tanto las opciones son varias: que no sea  ning\u00fan Fernando de Rojas o que sea alguno de ellos\u00bb, concluy\u00f3 el profesor  recordando que \u00e9ste es \u00abuno de los grandes enigmas de la literatura  espa\u00f1ola\u00bb.<\/p>\n<p>&#13;<\/p>\n<h6> 2008-04-25 18:57:55 <\/h6>\n<p><!--\n<link rel=\"stylesheet\" href=\"css\/bootstrap.min.css\">\n\n\n<ul class=\"pagination\">\n\t    \n\t\n\n<li >\n\t<a href='?page_no=22760'>Previous<\/a>\n\t<\/li>\n\n\n       \n    \n\n<li><a href='?page_no=1'>1<\/a><\/li>\n\n\n\n<li><a href='?page_no=2'>2<\/a><\/li>\n\n\n\n<li><a>...<\/a><\/li>\n\n\n\n<li><a href='?page_no=22759'>22759<\/a><\/li>\n\n\n\n<li><a href='?page_no=22760'>22760<\/a><\/li>\n\n\n\n<li class='active'><a>22761<\/a><\/li>\n\n\n\n<li><a href='?page_no=22762'>22762<\/a><\/li>\n\n\n\n<li><a href='?page_no=22763'>22763<\/a><\/li>\n\n\n\n<li><a>...<\/a><\/li>\n\n\n\n<li><a href='?page_no=22911'>22911<\/a><\/li>\n\n\n\n<li><a href='?page_no=22912'>22912<\/a><\/li>\n\n    \n\t\n\n<li >\n\t<a href='?page_no=22762'>Next<\/a>\n\t<\/li>\n\n\n    \n\n<li><a href='?page_no=22912'>Last &rsaquo;&rsaquo;<\/a><\/li>\n\n<\/ul>\n\n\n--><br \/>\n<\/body><\/p>\n","protected":false},"excerpt":{"rendered":"<p>Hallada la caligraf\u00eda del autor de &#8216;La Celestina&#8217;&#13; &#13; Hasta ahora no se conservaba ninguna muestra aut\u00f3grafa de Fernando de Rojas&#13; &#13; EUROPA PRESS &#8211; Madrid &#8211; 25\/04\/2008 &#13; El Catedr\u00e1tico de Literatura Espa\u00f1ola de la Universidad Complutense de Madrid, V\u00edctor Infantes, especialista en la Cultura de los Siglos de Oro, ha hallado en una [&hellip;]<\/p>\n","protected":false},"author":3,"featured_media":0,"comment_status":"open","ping_status":"open","sticky":false,"template":"","format":"standard","meta":{"footnotes":""},"categories":[21],"tags":[],"class_list":["post-71083","post","type-post","status-publish","format-standard","hentry","category-cultura"],"_links":{"self":[{"href":"https:\/\/diariodominicano.com\/index.php?rest_route=\/wp\/v2\/posts\/71083","targetHints":{"allow":["GET"]}}],"collection":[{"href":"https:\/\/diariodominicano.com\/index.php?rest_route=\/wp\/v2\/posts"}],"about":[{"href":"https:\/\/diariodominicano.com\/index.php?rest_route=\/wp\/v2\/types\/post"}],"author":[{"embeddable":true,"href":"https:\/\/diariodominicano.com\/index.php?rest_route=\/wp\/v2\/users\/3"}],"replies":[{"embeddable":true,"href":"https:\/\/diariodominicano.com\/index.php?rest_route=%2Fwp%2Fv2%2Fcomments&post=71083"}],"version-history":[{"count":0,"href":"https:\/\/diariodominicano.com\/index.php?rest_route=\/wp\/v2\/posts\/71083\/revisions"}],"wp:attachment":[{"href":"https:\/\/diariodominicano.com\/index.php?rest_route=%2Fwp%2Fv2%2Fmedia&parent=71083"}],"wp:term":[{"taxonomy":"category","embeddable":true,"href":"https:\/\/diariodominicano.com\/index.php?rest_route=%2Fwp%2Fv2%2Fcategories&post=71083"},{"taxonomy":"post_tag","embeddable":true,"href":"https:\/\/diariodominicano.com\/index.php?rest_route=%2Fwp%2Fv2%2Ftags&post=71083"}],"curies":[{"name":"wp","href":"https:\/\/api.w.org\/{rel}","templated":true}]}}