{"id":71082,"date":"2008-04-25T20:31:15","date_gmt":"2008-04-25T20:31:15","guid":{"rendered":"http:\/\/diariodominicano.ddns.net\/?p=71082"},"modified":"2008-04-25T20:31:15","modified_gmt":"2008-04-25T20:31:15","slug":"en-el-marco-de-la-feria-del-libro-presidente-pensiona-a-un-grupo-de-escritores","status":"publish","type":"post","link":"https:\/\/diariodominicano.com\/?p=71082","title":{"rendered":"En el Marco de la Feria del Libro Presidente pensiona a un grupo de escritores"},"content":{"rendered":"<p><body><\/p>\n<p class=\"titulogrande1\">En  el Marco de la Feria  del Libro Presidente  pensiona a un grupo de escritores<\/p>\n<p>&#13;<\/p>\n<p align=\"justify\" class=\"text1noticias\"><strong><img loading=\"lazy\" decoding=\"async\" src=\"http:\/\/localhost:8080\/img\/pension escritores.jpg\" width=\"375\" height=\"605\" hspace=\"4\" align=\"left\" \/>SANTO  DOMINGO.-<\/strong> El Presidente Leonel Fern\u00e1ndez otorg\u00f3 una pensi\u00f3n especial a un grupo  de escritores con una destacada hoja de servicios a la cultura  dominicana, con motivo de haberse celebrado en el mundo el pasado mi\u00e9rcoles el  D\u00eda del Libro.\u00a0\u00a0\u00a0\u00a0\u00a0<br \/>&#13;<br \/>\n  <br \/>&#13;<br \/>\n  La medida del Primer Mandatario\u00a0fue anunciada por el Secretario de Estado  de Cultura, Jos\u00e9 Rafael Lantigua, en rueda de prensa efectuada en el Pabell\u00f3n  de la cartera cultural en la Feria  de Internacional del Libro.<br \/>&#13;<br \/>\n  <br \/>&#13;<br \/>\n  Entre los beneficiados con la decisi\u00f3n presidencial figuran historiadores,  poetas, narradores, ensayistas y acad\u00e9micos. El licenciado Lantigua anunci\u00f3  adem\u00e1s que en los pr\u00f3ximos d\u00edas ser\u00e1n favorecidos con pensiones destacados  artistas de la danza.<br \/>&#13;<br \/>\n  <br \/>&#13;<br \/>\n  Los intelectuales que fueron favorecidos con la disposici\u00f3n son Mariano Lebr\u00f3n  Savi\u00f1\u00f3n, Manuel Mora Serrano, Emilio Cordero Michel, Ciriaco Landolfi  Rodr\u00edguez, Francisco Antonio Avelino Garc\u00eda, Ram\u00f3n\u00a0 Emilio Reyes, Grey  Coiscou Guzm\u00e1n, Mar\u00eda Elena Mu\u00f1oz y Federico J\u00f3vine Berm\u00fadez.<br \/>&#13;<br \/>\n  <br \/>&#13;<br \/>\n  Lebr\u00f3n Savi\u00f1\u00f3n fue presidente de la Academia Dominicana  de la Lengua  por muchos a\u00f1os, uno de los fundadores del movimiento de La Poes\u00eda Sorprendida  y Premio Nacional de la   Literatura por su obra de toda la vida. Poeta\u00a0 y  ensayista, se le considera uno de los intelectuales mejor formados de la Rep\u00fablica. Actualmente,  se encuentra retirado por problemas de salud.<br \/>&#13;<br \/>\n  <br \/>&#13;<br \/>\n  Mora Serrano es conocido narrador, poeta y ensayista, que tuviera una destacada  y ensayista, que tuviera una destacada participaci\u00f3n en la promoci\u00f3n literaria  de las provincias en los a\u00f1os sesenta y setenta. Fue fundador del grupo  Amidverza, de la regi\u00f3n nordeste.<br \/>&#13;<br \/>\n  <br \/>&#13;<br \/>\n  Cordero Michel, es presidente de la Academia Dominicana  de la Historia.   Reconocido historiador, es autor de varios libros. Particip\u00f3  en el alzamiento guerrillero de 1963, junto al l\u00edder del Movimiento 14 de  Junio, Manolo Tavarez Justo.<br \/>&#13;<br \/>\n  <br \/>&#13;<br \/>\n  Landolfi es poeta, historiador y acad\u00e9mico universitario, y Avelino Garc\u00eda es  historiador y acad\u00e9mico universitario, hijo del autor del Manifesto Postumista,  de Domingo Moreno Jim\u00e9nez, Andr\u00e9s Avelino.<br \/>&#13;<br \/>\n  <br \/>&#13;<br \/>\n  Reyes es un destacado novelista, acad\u00e9mico de n\u00famero de la Academia Dominicana  de la Lengua y  Coiscou Guzm\u00e1n es una poeta de la generaci\u00f3n de los sesenta, quien actualmente  problemas de salud.<br \/>&#13;<br \/>\n  <br \/>&#13;<br \/>\n  Mar\u00eda Elena Mu\u00f1oz es una destacada historiadora y ensayista, que ha ejercido  por largos a\u00f1os la docencia universitaria. <\/p>\n<p>&#13;<\/p>\n<p align=\"justify\" class=\"text1noticias\">J\u00f3vine  Berm\u00fadez, es un reconocido poeta de la generaci\u00f3n del 65 que desde hace varios  a\u00f1os sufre problemas de salud.<br \/>&#13;<br \/>\n  <br \/>&#13;<br \/>\n  Al  anunciar la medida presidencial, Lantigua manifest\u00f3 que todos los escritores y  acad\u00e9micos\u00a0 pensionados \u201cse han hecho merecedores de este reconocimiento,  por su hoja de servicios a la cultura dominicana\u201d.<br \/>&#13;<br \/>\n  <br \/>&#13;<br \/>\n  Agreg\u00f3 que para la selecci\u00f3n de los mismos se tom\u00f3 en cuenta la edad, su labor  intelectual y las condiciones econ\u00f3micas, \u201ca fin \u2013se\u00f1al\u00f3 el alto funcionario-  de que la escogencia fuese lo m\u00e1s justa posible y se enmarcase dentro de un  nivel de m\u00e9ritos, ajenos a cualquier otro tipo de consideraci\u00f3n\u201d.<\/p>\n<p>&#13;<\/p>\n<p align=\"justify\" class=\"text1noticias\">Elogi\u00f3  la disposici\u00f3n del Presidente Fern\u00e1ndez de \u201cpreocuparse por mejorar las  condiciones de vida de los trabajadores de la cultura, como una antes hab\u00eda  ocurrido, pues con este grupo de escritores suman ya 44 las figuras del arte  que han sido favorecidos con pensiones especiales en los \u00faltimos  meses.\u00bb\u00a0<br \/>&#13;<br \/>\n  <br \/>&#13;<br \/>\n  Record\u00f3 que en noviembre del a\u00f1o pasado, con motivo del D\u00eda del Artista  Pl\u00e1stico fueron favorecidos\u00a0 con esta medida unos 18 pintores, y el pasado  mes de marzo, en el D\u00eda Internacional del Teatro, se favorecieron con similar  medida unos 17 teatristas de trayectoria ejemplar. Otras figuras de la cultura  ,inform\u00f3 Lantigua, han sido pensionadas en el curso de la presente gesti\u00f3n  gubernamental.<br \/>&#13;<br \/>\n  <br \/>&#13;<br \/>\n  El Secretario de Cultura dijo que \u201cesta\u00a0 es la primera vez que se otorgan  pensiones en todos los sectores de la cultura, sin tomar en cuenta  merecimientos o simpat\u00edas pol\u00edticas, sino en funci\u00f3n de una\u00a0 cuidadosa  selecci\u00f3n donde s\u00f3lo vale la trayectoria cultural de las personas  favorecidas\u00bb.<\/p>\n<p>&#13;<\/p>\n<p align=\"justify\" class=\"text1noticias\">Indic\u00f3  que el Presidente Leonel Fern\u00e1ndez ha dispuesto que otros integrantes de  nuestra vida\u00a0 cultural sean igualmente beneficiados con estas pensiones  especiales aprovechando\u00a0 fechas relacionadas con la labor que realizan.<br \/>&#13;<br \/>\n  <br \/>&#13;<br \/>\n  La rueda de prensa donde se hizo el anuncio fue realizada en el Pabell\u00f3n de la Secretar\u00eda de Estado de  Cultura en la XI Feria  Internacional del Libro, en presencia de varios de los escritores favorecidos. <\/p>\n<p>&#13;<\/p>\n<p align=\"justify\" class=\"text1noticias\">Entre  los asistentes se encontraban Avelino Stanley, Subsecretario de Creatividad y  Participaci\u00f3n Popular\u00a8; Alexander Santana Delgado, Subsecretario Administrativo  de Cultura; Basilio Belliard, director general del Libro y la Lectura; el historiador  Franklin Franco Pichardo; Alejandro Arvelo, director general de la Feria del Libro, y el  historiador H\u00e9ctor Lu\u00eds Mart\u00ednez, director del Museo Nacional de Historia y  Geograf\u00eda, entre otros.<\/p>\n<p>&#13;<\/p>\n<h6> 2008-04-25 20:31:15 <\/h6>\n<p><!--\n<link rel=\"stylesheet\" href=\"css\/bootstrap.min.css\">\n\n\n<ul class=\"pagination\">\n\t    \n\t\n\n<li >\n\t<a href='?page_no=22759'>Previous<\/a>\n\t<\/li>\n\n\n       \n    \n\n<li><a href='?page_no=1'>1<\/a><\/li>\n\n\n\n<li><a href='?page_no=2'>2<\/a><\/li>\n\n\n\n<li><a>...<\/a><\/li>\n\n\n\n<li><a href='?page_no=22758'>22758<\/a><\/li>\n\n\n\n<li><a href='?page_no=22759'>22759<\/a><\/li>\n\n\n\n<li class='active'><a>22760<\/a><\/li>\n\n\n\n<li><a href='?page_no=22761'>22761<\/a><\/li>\n\n\n\n<li><a href='?page_no=22762'>22762<\/a><\/li>\n\n\n\n<li><a>...<\/a><\/li>\n\n\n\n<li><a href='?page_no=22911'>22911<\/a><\/li>\n\n\n\n<li><a href='?page_no=22912'>22912<\/a><\/li>\n\n    \n\t\n\n<li >\n\t<a href='?page_no=22761'>Next<\/a>\n\t<\/li>\n\n\n    \n\n<li><a href='?page_no=22912'>Last &rsaquo;&rsaquo;<\/a><\/li>\n\n<\/ul>\n\n\n--><br \/>\n<\/body><\/p>\n","protected":false},"excerpt":{"rendered":"<p>En el Marco de la Feria del Libro Presidente pensiona a un grupo de escritores &#13; SANTO DOMINGO.- El Presidente Leonel Fern\u00e1ndez otorg\u00f3 una pensi\u00f3n especial a un grupo de escritores con una destacada hoja de servicios a la cultura dominicana, con motivo de haberse celebrado en el mundo el pasado mi\u00e9rcoles el D\u00eda del [&hellip;]<\/p>\n","protected":false},"author":3,"featured_media":0,"comment_status":"open","ping_status":"open","sticky":false,"template":"","format":"standard","meta":{"footnotes":""},"categories":[21],"tags":[],"class_list":["post-71082","post","type-post","status-publish","format-standard","hentry","category-cultura"],"_links":{"self":[{"href":"https:\/\/diariodominicano.com\/index.php?rest_route=\/wp\/v2\/posts\/71082","targetHints":{"allow":["GET"]}}],"collection":[{"href":"https:\/\/diariodominicano.com\/index.php?rest_route=\/wp\/v2\/posts"}],"about":[{"href":"https:\/\/diariodominicano.com\/index.php?rest_route=\/wp\/v2\/types\/post"}],"author":[{"embeddable":true,"href":"https:\/\/diariodominicano.com\/index.php?rest_route=\/wp\/v2\/users\/3"}],"replies":[{"embeddable":true,"href":"https:\/\/diariodominicano.com\/index.php?rest_route=%2Fwp%2Fv2%2Fcomments&post=71082"}],"version-history":[{"count":0,"href":"https:\/\/diariodominicano.com\/index.php?rest_route=\/wp\/v2\/posts\/71082\/revisions"}],"wp:attachment":[{"href":"https:\/\/diariodominicano.com\/index.php?rest_route=%2Fwp%2Fv2%2Fmedia&parent=71082"}],"wp:term":[{"taxonomy":"category","embeddable":true,"href":"https:\/\/diariodominicano.com\/index.php?rest_route=%2Fwp%2Fv2%2Fcategories&post=71082"},{"taxonomy":"post_tag","embeddable":true,"href":"https:\/\/diariodominicano.com\/index.php?rest_route=%2Fwp%2Fv2%2Ftags&post=71082"}],"curies":[{"name":"wp","href":"https:\/\/api.w.org\/{rel}","templated":true}]}}