{"id":71080,"date":"2008-04-25T22:13:55","date_gmt":"2008-04-25T22:13:55","guid":{"rendered":"http:\/\/diariodominicano.ddns.net\/?p=71080"},"modified":"2008-04-25T22:13:55","modified_gmt":"2008-04-25T22:13:55","slug":"rinden-homenaje-a-poeta-angela-hernandez-xi-feria-internacional-del-libro","status":"publish","type":"post","link":"https:\/\/diariodominicano.com\/?p=71080","title":{"rendered":"Rinden homenaje a poeta Angela Hern\u00e1ndez XI Feria Internacional del Libro"},"content":{"rendered":"<p><body><\/p>\n<p><strong>Rinden homenaje a poeta Angela Hern\u00e1ndez XI Feria Internacional del Libro<\/strong>&#13;<\/p>\n<p align=\"justify\" class=\"text1noticias\"><strong><img loading=\"lazy\" decoding=\"async\" src=\"http:\/\/localhost:8080\/img\/angel.jpg\" width=\"375\" height=\"254\" hspace=\"4\" align=\"left\" \/>Santo Domingo.- <\/strong>La  poeta, narradora y ensayista Angela Hern\u00e1ndez, dejo sentir su satisfacci\u00f3n al  recibir un reconocimiento manifestado en una dedicatoria y la inscripci\u00f3n de su  nombre a una de las calles del recinto en donde se desarrolla la XI edici\u00f3n de la Feria Internacional  del Libro Santo Domingo 2008.\u00a0 <\/p>\n<p>&#13;<\/p>\n<p align=\"justify\" class=\"text1noticias\">El  acto celebrado en el recinto ferial estuvo presido por el titular de cultura,  licenciado Jos\u00e9 Rafael Lantigua, Alejandro Arvelo, Director General de la Feria;\u00a0 y Alexander Santana, Director Administrativo  de la Feria.<\/p>\n<p>&#13;<\/p>\n<p align=\"justify\" class=\"text1noticias\">La  homenajeada, quien cuenta con una amplia trayectoria que describe una  interesante obra social desplegada a \u00a0favor de los derechos civiles y pol\u00edticos de  la mujer recibi\u00f3 un pergamino en reconocimiento a su gran labor.<\/p>\n<p>&#13;<\/p>\n<p align=\"justify\" class=\"text1noticias\">En  su intervenci\u00f3n, el titular de cultura, Jos\u00e9 Rafael Lantigua, defini\u00f3 a Angela  Hern\u00e1ndez, como una poeta de gran valor humano, que describe y resalta en sus  obras los valores de la naci\u00f3n.<\/p>\n<p>&#13;<\/p>\n<p align=\"justify\" class=\"text1noticias\">De  su lado, Alejandro Arvelo, al tiempo destacar de la colecci\u00f3n de obras  galardones obtenido por la homenajeada a trav\u00e9s de los a\u00f1os, signific\u00f3 que se  trata de un ejemplo a seguir, de una ventana abierta\u00a0 para las presentes y\u00a0 futuras generaciones. \u00a0\u00a0\u00a0<\/p>\n<p>&#13;<\/p>\n<p align=\"justify\" class=\"text1noticias\">\u00b4\u00b4  En este momento no tengo palabras para expresar mi agradecimiento, alegr\u00eda y  gratitud por tan importante galard\u00f3n\u00b4\u00b4 Signific\u00f3 Angela Hern\u00e1ndez.\u00a0 \u00a0<\/p>\n<p>&#13;<\/p>\n<p align=\"justify\" class=\"text1noticias\">Un  momento muy emotivo lo constituy\u00f3 la presencia en calidad de invitado de una  representaci\u00f3n de estudiantes del Liceo Juan Pablo Duarte, en donde las  estudiantes Estefany Fern\u00e1ndez y Virginia Polanco destacaron el contenido de  las obras, as\u00ed el esp\u00edritu solidario y\u00a0  las cualidades humanas de la homenajeada.\u00a0 <\/p>\n<p>&#13;<\/p>\n<p align=\"justify\" class=\"text1noticias\">En  el acto estuvieron presentes, el\u00a0  licenciado Franklin Guti\u00e9rrez, Comisionados de Cultura de Nueva York;  as\u00ed como una representaci\u00f3n de escritores, entre ellos, Basilio Belliard,  Director del Libro y la   Lectura, Armando Alm\u00e1nzar Botello, asistente de la Direcci\u00f3n del Libro y la Lectura;\u00a0 Mateo Morrison, Coordinador de Programaci\u00f3n  del Pabell\u00f3n\u00a0 de la Secretar\u00eda de  Cultura.\u00a0 <\/p>\n<p>&#13;<\/p>\n<h6> 2008-04-25 22:13:55 <\/h6>\n<p><!--\n<link rel=\"stylesheet\" href=\"css\/bootstrap.min.css\">\n\n\n<ul class=\"pagination\">\n\t    \n\t\n\n<li >\n\t<a href='?page_no=22757'>Previous<\/a>\n\t<\/li>\n\n\n       \n    \n\n<li><a href='?page_no=1'>1<\/a><\/li>\n\n\n\n<li><a href='?page_no=2'>2<\/a><\/li>\n\n\n\n<li><a>...<\/a><\/li>\n\n\n\n<li><a href='?page_no=22756'>22756<\/a><\/li>\n\n\n\n<li><a href='?page_no=22757'>22757<\/a><\/li>\n\n\n\n<li class='active'><a>22758<\/a><\/li>\n\n\n\n<li><a href='?page_no=22759'>22759<\/a><\/li>\n\n\n\n<li><a href='?page_no=22760'>22760<\/a><\/li>\n\n\n\n<li><a>...<\/a><\/li>\n\n\n\n<li><a href='?page_no=22911'>22911<\/a><\/li>\n\n\n\n<li><a href='?page_no=22912'>22912<\/a><\/li>\n\n    \n\t\n\n<li >\n\t<a href='?page_no=22759'>Next<\/a>\n\t<\/li>\n\n\n    \n\n<li><a href='?page_no=22912'>Last &rsaquo;&rsaquo;<\/a><\/li>\n\n<\/ul>\n\n\n--><br \/>\n<\/body><\/p>\n","protected":false},"excerpt":{"rendered":"<p>Rinden homenaje a poeta Angela Hern\u00e1ndez XI Feria Internacional del Libro&#13; Santo Domingo.- La poeta, narradora y ensayista Angela Hern\u00e1ndez, dejo sentir su satisfacci\u00f3n al recibir un reconocimiento manifestado en una dedicatoria y la inscripci\u00f3n de su nombre a una de las calles del recinto en donde se desarrolla la XI edici\u00f3n de la Feria [&hellip;]<\/p>\n","protected":false},"author":3,"featured_media":0,"comment_status":"open","ping_status":"open","sticky":false,"template":"","format":"standard","meta":{"footnotes":""},"categories":[21],"tags":[],"class_list":["post-71080","post","type-post","status-publish","format-standard","hentry","category-cultura"],"_links":{"self":[{"href":"https:\/\/diariodominicano.com\/index.php?rest_route=\/wp\/v2\/posts\/71080","targetHints":{"allow":["GET"]}}],"collection":[{"href":"https:\/\/diariodominicano.com\/index.php?rest_route=\/wp\/v2\/posts"}],"about":[{"href":"https:\/\/diariodominicano.com\/index.php?rest_route=\/wp\/v2\/types\/post"}],"author":[{"embeddable":true,"href":"https:\/\/diariodominicano.com\/index.php?rest_route=\/wp\/v2\/users\/3"}],"replies":[{"embeddable":true,"href":"https:\/\/diariodominicano.com\/index.php?rest_route=%2Fwp%2Fv2%2Fcomments&post=71080"}],"version-history":[{"count":0,"href":"https:\/\/diariodominicano.com\/index.php?rest_route=\/wp\/v2\/posts\/71080\/revisions"}],"wp:attachment":[{"href":"https:\/\/diariodominicano.com\/index.php?rest_route=%2Fwp%2Fv2%2Fmedia&parent=71080"}],"wp:term":[{"taxonomy":"category","embeddable":true,"href":"https:\/\/diariodominicano.com\/index.php?rest_route=%2Fwp%2Fv2%2Fcategories&post=71080"},{"taxonomy":"post_tag","embeddable":true,"href":"https:\/\/diariodominicano.com\/index.php?rest_route=%2Fwp%2Fv2%2Ftags&post=71080"}],"curies":[{"name":"wp","href":"https:\/\/api.w.org\/{rel}","templated":true}]}}