{"id":71079,"date":"2008-04-25T22:17:05","date_gmt":"2008-04-25T22:17:05","guid":{"rendered":"http:\/\/diariodominicano.ddns.net\/?p=71079"},"modified":"2008-04-25T22:17:05","modified_gmt":"2008-04-25T22:17:05","slug":"rinden-homenaje-a-escritor-rafael-chaljub-mejia-en-xi-feria-internacional-del-libro","status":"publish","type":"post","link":"https:\/\/diariodominicano.com\/?p=71079","title":{"rendered":"Rinden homenaje a escritor Rafael Chaljub Mej\u00eda en XI Feria Internacional del Libro"},"content":{"rendered":"<p><body><\/p>\n<p align=\"justify\" class=\"titulogrande1\"><strong>Rinden homenaje a escritor Rafael  Chaljub Mej\u00eda en XI Feria Internacional del Libro<\/strong><\/p>\n<p>&#13;<\/p>\n<p align=\"justify\" class=\"text1noticias\"><strong><img loading=\"lazy\" decoding=\"async\" src=\"http:\/\/localhost:8080\/img\/chaluj.jpg\" width=\"375\" height=\"506\" hspace=\"4\" align=\"left\" \/>Santo Domingo.- <\/strong>En  reconocimiento a su ardua trayectoria en materia de investigaci\u00f3n y difusi\u00f3n de  las manifestaciones culturales, la Direcci\u00f3n   General del Libro,\u00a0  dedico el \u00a0tercer de programaci\u00f3n de  la\u00a0 XI Feria Internacional del  Libro\u00a0 Santo Domingo 2008 al afamado  escritor dominicano Rafael Chaljub Mej\u00eda, adem\u00e1s fue designado su nombre a una  de las calles del recinto ferial.\u00a0\u00a0\u00a0 <\/p>\n<p>&#13;<\/p>\n<p align=\"justify\" class=\"text1noticias\">El  Homenajeado recibi\u00f3 un pergamino de reconocimiento de manos Alexander Santana y  Alejandro Arvelo, Director Administrativo y Director General de la feria  respectivamente. <\/p>\n<p>&#13;<\/p>\n<p align=\"justify\" class=\"text1noticias\">Al  referirse al homenajeado, Alejandro Arvelo, defini\u00f3 al homenajeado como un de  gabinete comprometido con la difusi\u00f3n de las manifestaciones culturales del  pueblo dominicano.<\/p>\n<p>&#13;<\/p>\n<p align=\"justify\" class=\"text1noticias\"> De  su lado, Chaljub Mej\u00eda, quien estuvo acompa\u00f1ado de su esposa Dulce Mej\u00eda, agradeci\u00f3  al titular de cultura Jos\u00e9 Rafael Lantigua y al equipo de la Direcci\u00f3n General  de la feria por tomarlo en cuenta en medio de una gran celebraci\u00f3n cultural.<\/p>\n<p>&#13;<\/p>\n<p align=\"justify\" class=\"text1noticias\">Agradeci\u00f3,  la presencia de sus familiares y amigos, as\u00ed como el embajador de Cuba, Juan  Atiasarran, \u00a0a los escritores Ligia Minaya, Mateo Morrison y  Miguel Solano, entre otras personalidades.<br \/>&#13;<br \/>\n  \u00a0<br \/>&#13;<br \/>\n  Durante  el acto cabe destacar la presencia de una representaci\u00f3n de estudiantes del  Liceo Argentina en su representaci\u00f3n hablaron la estudiantes Mirna Matos, habl\u00f3  de la trayectoria del homenajeado.<\/p>\n<p>&#13;<\/p>\n<p align=\"justify\" class=\"text1noticias\">Luego  de concluido el acto, el homenajeado Rafael Chaljub Mej\u00eda, familiares, amigos y  relacionados disfrutaron de un brindis en Caf\u00e9 Bohemio.<\/p>\n<p>&#13;<\/p>\n<p align=\"justify\" class=\"titulogrande1\">&#13;<\/p>\n<h6> 2008-04-25 22:17:05 <\/h6>\n<p><!--\n<link rel=\"stylesheet\" href=\"css\/bootstrap.min.css\">\n\n\n<ul class=\"pagination\">\n\t    \n\t\n\n<li >\n\t<a href='?page_no=22756'>Previous<\/a>\n\t<\/li>\n\n\n       \n    \n\n<li><a href='?page_no=1'>1<\/a><\/li>\n\n\n\n<li><a href='?page_no=2'>2<\/a><\/li>\n\n\n\n<li><a>...<\/a><\/li>\n\n\n\n<li><a href='?page_no=22755'>22755<\/a><\/li>\n\n\n\n<li><a href='?page_no=22756'>22756<\/a><\/li>\n\n\n\n<li class='active'><a>22757<\/a><\/li>\n\n\n\n<li><a href='?page_no=22758'>22758<\/a><\/li>\n\n\n\n<li><a href='?page_no=22759'>22759<\/a><\/li>\n\n\n\n<li><a>...<\/a><\/li>\n\n\n\n<li><a href='?page_no=22911'>22911<\/a><\/li>\n\n\n\n<li><a href='?page_no=22912'>22912<\/a><\/li>\n\n    \n\t\n\n<li >\n\t<a href='?page_no=22758'>Next<\/a>\n\t<\/li>\n\n\n    \n\n<li><a href='?page_no=22912'>Last &rsaquo;&rsaquo;<\/a><\/li>\n\n<\/ul>\n\n\n--><br \/>\n<\/body><\/p>\n","protected":false},"excerpt":{"rendered":"<p>Rinden homenaje a escritor Rafael Chaljub Mej\u00eda en XI Feria Internacional del Libro &#13; Santo Domingo.- En reconocimiento a su ardua trayectoria en materia de investigaci\u00f3n y difusi\u00f3n de las manifestaciones culturales, la Direcci\u00f3n General del Libro,\u00a0 dedico el \u00a0tercer de programaci\u00f3n de la\u00a0 XI Feria Internacional del Libro\u00a0 Santo Domingo 2008 al afamado escritor [&hellip;]<\/p>\n","protected":false},"author":3,"featured_media":0,"comment_status":"open","ping_status":"open","sticky":false,"template":"","format":"standard","meta":{"footnotes":""},"categories":[21],"tags":[],"class_list":["post-71079","post","type-post","status-publish","format-standard","hentry","category-cultura"],"_links":{"self":[{"href":"https:\/\/diariodominicano.com\/index.php?rest_route=\/wp\/v2\/posts\/71079","targetHints":{"allow":["GET"]}}],"collection":[{"href":"https:\/\/diariodominicano.com\/index.php?rest_route=\/wp\/v2\/posts"}],"about":[{"href":"https:\/\/diariodominicano.com\/index.php?rest_route=\/wp\/v2\/types\/post"}],"author":[{"embeddable":true,"href":"https:\/\/diariodominicano.com\/index.php?rest_route=\/wp\/v2\/users\/3"}],"replies":[{"embeddable":true,"href":"https:\/\/diariodominicano.com\/index.php?rest_route=%2Fwp%2Fv2%2Fcomments&post=71079"}],"version-history":[{"count":0,"href":"https:\/\/diariodominicano.com\/index.php?rest_route=\/wp\/v2\/posts\/71079\/revisions"}],"wp:attachment":[{"href":"https:\/\/diariodominicano.com\/index.php?rest_route=%2Fwp%2Fv2%2Fmedia&parent=71079"}],"wp:term":[{"taxonomy":"category","embeddable":true,"href":"https:\/\/diariodominicano.com\/index.php?rest_route=%2Fwp%2Fv2%2Fcategories&post=71079"},{"taxonomy":"post_tag","embeddable":true,"href":"https:\/\/diariodominicano.com\/index.php?rest_route=%2Fwp%2Fv2%2Ftags&post=71079"}],"curies":[{"name":"wp","href":"https:\/\/api.w.org\/{rel}","templated":true}]}}