{"id":71078,"date":"2008-04-27T20:37:55","date_gmt":"2008-04-27T20:37:55","guid":{"rendered":"http:\/\/diariodominicano.ddns.net\/?p=71078"},"modified":"2008-04-27T20:37:55","modified_gmt":"2008-04-27T20:37:55","slug":"el-mam-y-la-xi-feria-del-libro-abren-al-publico-cuatro-exposiciones-en-un-solo-espacio","status":"publish","type":"post","link":"https:\/\/diariodominicano.com\/?p=71078","title":{"rendered":"El MAM y la XI Feria del Libro abren al p\u00fablico cuatro exposiciones en un solo espacio"},"content":{"rendered":"<p><body><\/p>\n<p align=\"justify\" class=\"titulogrande1\"><strong>El MAM y la XI Feria del Libro dejan  abierta<\/strong>s <strong>Cuatro  Exposiciones en un solo espacio<\/strong><\/p>\n<p>&#13;<\/p>\n<p align=\"justify\" class=\"text1noticias\"><strong><img loading=\"lazy\" decoding=\"async\" src=\"http:\/\/localhost:8080\/img\/fotografias.jpg\" width=\"375\" height=\"1917\" hspace=\"4\" align=\"left\" \/>SANTO DOMINGO.- <\/strong>Las paredes de los cuatros niveles del Museo  de Arte Moderno estar\u00e1n en galardonan por espacio de un mes\u00a0 con las muestras \u201c\u00bbGabo del Alma\u00bb, \u201cHitos Contempor\u00e1neos: Premios  Bienales Nacionales\u201d. <br \/>&#13;<br \/>\n  <br \/>&#13;<br \/>\n\u201cCaribe Synthesis\u201d, y el \u201cTerritorios infinitos\u201d, esta ultima una magnifica  selecci\u00f3n dominicana de la exposici\u00f3n \u201cIsla Infinita: Arte Contempor\u00e1neo del  Caribe, Brooklyn Museum de New York\u201d,<\/p>\n<p>&#13;<\/p>\n<p align=\"justify\" class=\"text1noticias\">La apertura de las exposiciones, tres colectiva y una  individual estuvo presidida por el Secretario de Cultura, licenciado Jos\u00e9  Rafael Lantigua, autoridades gubernamentales, artistas, galeritas, directores  culturales de las diferentes embajadas del pa\u00eds, y un amplio publico amantes a  las artes pl\u00e1sticas.<\/p>\n<p>&#13;<\/p>\n<p align=\"justify\" class=\"text1noticias\"> Las muestras est\u00e1n ubicada en los cuatros niveles del  Museo de Arte moderno, organismo cultural, dependencia de la Secretar\u00eda de Estado de  Cultura, que junto a los organizadores de esta XI Feria Internacional del Libro  permanecer\u00e1 abierta hasta finales del mes de junio. <\/p>\n<p>&#13;<\/p>\n<p align=\"justify\" class=\"text1noticias\">De la presencia del famoso escritor colombiano Gabriel  Garc\u00eda M\u00e1rquez, el ministro de Cultura, Jos\u00e9 Rafael Lantigua, afirma que con la  exhibici\u00f3n\u00a0 de los trabajos de este gran  escritor en esta XI Feria del Libro se le da continuidad a la temporada de  homenajes que comenz\u00f3 el pasado seis de marzo del 2007 en su pa\u00eds de origen  cuando cumpli\u00f3 80 a\u00f1os, y sigui\u00f3 d\u00edas despu\u00e9s en el IV Congreso Internacional  de la Lengua Espa\u00f1ola,  donde se le celebraron los 40 a\u00f1os de la publicaci\u00f3n de \u00abCien a\u00f1os de  soledad\u00bb, su novela cumbre, y los 25 a\u00f1os del Premio N\u00f3bel de Literatura.<br \/>&#13;<br \/>\n  \u00a0<br \/>&#13;<br \/>\n  Resalt\u00f3 las cualidades del maestro de la literatura  colombiana,\u00a0 y\u00a0 resalt\u00f3 las expresiones del escritor en  el\u00a0 texto del catalogo, donde Garc\u00eda  M\u00e1rquez\u00a0 expresa \u00abYo creo que el  Caribe me ense\u00f1\u00f3 a ver la realidad de otra manera, a aceptar los elementos  sobrenaturales como algo que forma parte de nuestra vida cotidiana, pues el  Caribe es un mundo distinto cuya primera obra literaria m\u00e1gica es el Diario de Crist\u00f3bal  Colon, libros que habla de plantas fabulosas\u00a0  y de mundos mitol\u00f3gicos\u00bb.<\/p>\n<p>&#13;<\/p>\n<p align=\"justify\" class=\"text1noticias\">De las dos colectivas, la directora del MAM, licenciada  Mariaelena Ditren, dijo que con la presentaci\u00f3n de estas importantes  obras,\u00a0 los organizadores de la Feria logran exhibir las  diversas manifestaciones de arte caribe\u00f1o contempor\u00e1neo  que conforman la colecci\u00f3n permanente, y de Caribe Synthesis a\u00f1adi\u00f3 que es una\u00a0 exposici\u00f3n colectiva de creadores  caribe\u00f1os,\u00a0 cuyas obras pertenecen a la  colecci\u00f3n del MAM y que han sido donadas por artistas que han participado en  diferentes ediciones de la   Bienal del Caribe.\u00a0 <\/p>\n<p>&#13;<\/p>\n<p align=\"justify\" class=\"text1noticias\">Entre los artistas participantes est\u00e1n: Olivier Bertoni.  <br \/>&#13;<br \/>\n  Hait\u00ed. Pinturas. Caryana Castillo. Rep\u00fablica Dominicana.<br \/>&#13;<br \/>\n  <br \/> &#13;<br \/>\nVideo Instalaci\u00f3n.  Sayury Guzm\u00e1n. Rep\u00fablica Dominicana. <\/p>\n<p>&#13;<\/p>\n<p align=\"justify\" class=\"text1noticias\">Performance. Hadaphay. Martinica. Pinturas. Jos\u00e9 Pi\u00f3n.  Rep\u00fablica Dominicana. Performance. Geo Ripley. <br \/>&#13;<br \/>\n  <br \/>&#13;<br \/>\nRep\u00fablica Dominicana.  Instalaci\u00f3n. Nicole Taboada. Colombia. Pintura. F\u00e9lix Bonilla. Puerto Rico.  Pintura Sacha Tebeau. Hait\u00ed. Pintura. Di\u00f3genes Ballester. Puerto Rico. Pintura.  Tirzo Mata. Video. Curazao, entre otros.<\/p>\n<p>&#13;<\/p>\n<p align=\"justify\" class=\"text1noticias\">Sin embargo, al referirse a la colectiva \u201cHitos  Contempor\u00e1neos: Premios Bienales Nacionales\u201d, Ditren aclara que es una selecci\u00f3n de obras que han sido  premiadas en Bienales Nacionales, conformada por un conjunto de obras que  comprende varias categor\u00edas, entre ellas pintura, instalaciones, esculturas,  dibujos y performance. <br \/>&#13;<br \/>\n  <br \/>&#13;<br \/>\n Forman parte de la muestra artistas de la talla de  Genaro Reyes, Carlos Santos, Juan Mayi, Mayra Johnson, entre otros. <\/p>\n<p>&#13;<\/p>\n<p align=\"justify\" class=\"text1noticias\">Sin embargo, al referirse a la muestra\u00a0 \u201cTerritorios infinitos\u201d, Ditren resalta la  calidad, no solos de las obras expuestas en esta muestra, sino de las dem\u00e1s  exposiciones \u201ces una muestra que refleja la herencia din\u00e1mica que tiene la  identidad caribe\u00f1a marcada por las migraciones y la mezcla de tradiciones  delimitadas por las realidades sociopol\u00edticas. Esta exposici\u00f3n estar\u00e1 abierta  al p\u00fablico hasta el mes de junio\u201d.<\/p>\n<p>&#13;<\/p>\n<p align=\"justify\" class=\"text1noticias\">En la colectiva participan los destacados artistas  dominicanos Jorge Pineda, Polibio D\u00edaz, Fausto Ort\u00edz, Raquel Paiewonsky y el  Colectivo Shampoo,\u00a0 y la mayor\u00eda de estos  artistas nacieron en el Caribe, y tienen lazos\u00a0  en catorce pa\u00edses y territorios-Cuba, Hait\u00ed, Jamaica, Trinidad y Tobago,  Barbados, Puerto Rico, Rep\u00fablica Dominicana, Martinica, Suriname, Curazao, St.  Maarten, Monserrat, Nevis y Guyana. <\/p>\n<p>&#13;<\/p>\n<p align=\"justify\" class=\"text1noticias\">En el caso de la selecci\u00f3n dominicana, -indica Ditren- los  trabajos exhibidos fueron hechos en varios materiales y medios, que  incluyeron\u00a0 pintura, impresiones  digitales, dibujos, instalaci\u00f3n, video, escultura y fotograf\u00eda. La muestra  permanecer\u00e1 abierta hasta junio. <\/p>\n<p>&#13;<\/p>\n<h6> 2008-04-27 20:37:55 <\/h6>\n<p><!--\n<link rel=\"stylesheet\" href=\"css\/bootstrap.min.css\">\n\n\n<ul class=\"pagination\">\n\t    \n\t\n\n<li >\n\t<a href='?page_no=22755'>Previous<\/a>\n\t<\/li>\n\n\n       \n    \n\n<li><a href='?page_no=1'>1<\/a><\/li>\n\n\n\n<li><a href='?page_no=2'>2<\/a><\/li>\n\n\n\n<li><a>...<\/a><\/li>\n\n\n\n<li><a href='?page_no=22754'>22754<\/a><\/li>\n\n\n\n<li><a href='?page_no=22755'>22755<\/a><\/li>\n\n\n\n<li class='active'><a>22756<\/a><\/li>\n\n\n\n<li><a href='?page_no=22757'>22757<\/a><\/li>\n\n\n\n<li><a href='?page_no=22758'>22758<\/a><\/li>\n\n\n\n<li><a>...<\/a><\/li>\n\n\n\n<li><a href='?page_no=22911'>22911<\/a><\/li>\n\n\n\n<li><a href='?page_no=22912'>22912<\/a><\/li>\n\n    \n\t\n\n<li >\n\t<a href='?page_no=22757'>Next<\/a>\n\t<\/li>\n\n\n    \n\n<li><a href='?page_no=22912'>Last &rsaquo;&rsaquo;<\/a><\/li>\n\n<\/ul>\n\n\n--><br \/>\n<\/body><\/p>\n","protected":false},"excerpt":{"rendered":"<p>El MAM y la XI Feria del Libro dejan abiertas Cuatro Exposiciones en un solo espacio &#13; SANTO DOMINGO.- Las paredes de los cuatros niveles del Museo de Arte Moderno estar\u00e1n en galardonan por espacio de un mes\u00a0 con las muestras \u201c\u00bbGabo del Alma\u00bb, \u201cHitos Contempor\u00e1neos: Premios Bienales Nacionales\u201d. &#13; &#13; \u201cCaribe Synthesis\u201d, y el [&hellip;]<\/p>\n","protected":false},"author":3,"featured_media":0,"comment_status":"open","ping_status":"open","sticky":false,"template":"","format":"standard","meta":{"footnotes":""},"categories":[21],"tags":[],"class_list":["post-71078","post","type-post","status-publish","format-standard","hentry","category-cultura"],"_links":{"self":[{"href":"https:\/\/diariodominicano.com\/index.php?rest_route=\/wp\/v2\/posts\/71078","targetHints":{"allow":["GET"]}}],"collection":[{"href":"https:\/\/diariodominicano.com\/index.php?rest_route=\/wp\/v2\/posts"}],"about":[{"href":"https:\/\/diariodominicano.com\/index.php?rest_route=\/wp\/v2\/types\/post"}],"author":[{"embeddable":true,"href":"https:\/\/diariodominicano.com\/index.php?rest_route=\/wp\/v2\/users\/3"}],"replies":[{"embeddable":true,"href":"https:\/\/diariodominicano.com\/index.php?rest_route=%2Fwp%2Fv2%2Fcomments&post=71078"}],"version-history":[{"count":0,"href":"https:\/\/diariodominicano.com\/index.php?rest_route=\/wp\/v2\/posts\/71078\/revisions"}],"wp:attachment":[{"href":"https:\/\/diariodominicano.com\/index.php?rest_route=%2Fwp%2Fv2%2Fmedia&parent=71078"}],"wp:term":[{"taxonomy":"category","embeddable":true,"href":"https:\/\/diariodominicano.com\/index.php?rest_route=%2Fwp%2Fv2%2Fcategories&post=71078"},{"taxonomy":"post_tag","embeddable":true,"href":"https:\/\/diariodominicano.com\/index.php?rest_route=%2Fwp%2Fv2%2Ftags&post=71078"}],"curies":[{"name":"wp","href":"https:\/\/api.w.org\/{rel}","templated":true}]}}