{"id":71077,"date":"2008-04-27T20:46:22","date_gmt":"2008-04-27T20:46:22","guid":{"rendered":"http:\/\/diariodominicano.ddns.net\/?p=71077"},"modified":"2008-04-27T20:46:22","modified_gmt":"2008-04-27T20:46:22","slug":"donan-libros-y-documentos-de-aida-cartagena-portalatin-a-biblioteca-nacional","status":"publish","type":"post","link":"https:\/\/diariodominicano.com\/?p=71077","title":{"rendered":"Donan libros y documentos de A\u00edda Cartagena Portalat\u00edn a Biblioteca Nacional"},"content":{"rendered":"<p><body><\/p>\n<p align=\"justify\"><span class=\"titulogrande1\"><strong>Donan libros y documentos de A\u00edda Cartagena Portalat\u00edn a Biblioteca Nacional<\/strong><\/span><br \/>&#13;<br \/>\n  <br \/>&#13;<br \/>\n    <span class=\"text1noticias\"><strong><img loading=\"lazy\" decoding=\"async\" src=\"http:\/\/localhost:8080\/img\/donacion libros.jpg\" width=\"375\" height=\"254\" hspace=\"4\" align=\"left\" \/>Santo Domingo.-<\/strong> Durante un acto efectuado en la XI Feria Internacional del Libro Santo Domingo  2008, la   Biblioteca Nacional Pedro Henr\u00edquez Ure\u00f1a (BNPHU) recibi\u00f3  importantes documentos y libros que pertenecieron a la notable escritora A\u00edda  Cartagena Portalat\u00edn.<br \/>&#13;<br \/>\n    <br \/>&#13;<br \/>\n    La donaci\u00f3n tuvo lugar en el moderno stand de la instituci\u00f3n, durante un  acto en el cual el director de la   BNPHU, Di\u00f3medes N\u00fa\u00f1ez Polanco, recibi\u00f3 la donaci\u00f3n de parte  de la se\u00f1ora Olimpia Cartagena Portalat\u00edn de Carlos Mesa Cartagena y de otros  familiares de la extinta escritora. <br \/>&#13;<br \/>\n    <br \/>&#13;<br \/>\n    Al hacer entrega del donativo, el pasado viernes, la se\u00f1ora Cartagena  Portal\u00edn expres\u00f3 que estaba cumpliendo la voluntad expresa de su hermana A\u00edda,  quien hab\u00eda pedido que sus libros, manuscritos y otros documentos fuesen  entregados a la Biblioteca Nacional.<br \/>&#13;<br \/>\n    <br \/>&#13;<br \/>\n    Manifest\u00f3 que se siente segura de que la Biblioteca Nacional  sabr\u00e1 preservar la documentaci\u00f3n y libros que pertenecieron a su familiar.<br \/>&#13;<br \/>\n    <br \/>&#13;<br \/>\n    En tanto, el director de la   Biblioteca manifest\u00f3 que se siente altamente agradecido por  el legado y resalt\u00f3 que A\u00edda Cartagena es una de las escritoras fundamentales  que ha tenido la   Rep\u00fablica Dominicana. <br \/>&#13;<br \/>\n    <br \/>&#13;<br \/>\n    Indic\u00f3 que la producci\u00f3n literaria de Cartagena Portalat\u00edn refleja el  compromiso social y literario que asumi\u00f3 para beneficio de la educaci\u00f3n y la  cultura.<br \/>&#13;<br \/>\n    <br \/>&#13;<br \/>\n    Carlos Mesa Cartagena, sobrino de la escritora Cartagena Portalat\u00edn,  manifest\u00f3 que cada una de las obras donadas est\u00e1 cargada de innovaci\u00f3n,  historia, academia y sobre todo de ideas progresistas y pensamientos audaces.<br \/>&#13;<br \/>\n    <br \/>&#13;<br \/>\n\u00abSe\u00f1or director de la Biblioteca   Nacional, funcionarios de esta instituci\u00f3n, tienen ustedes el  compromiso de velar y cuidar de estas obras, como las conserv\u00f3 t\u00eda A\u00edda y luego  mi t\u00eda Olimpia\u00bb. <br \/>&#13;<br \/>\n<br \/>&#13;<br \/>\nCartagena Portalat\u00edn naci\u00f3\u00a0 el 18  de junio de 1918 y falleci\u00f3 el 3 de junio de 1994.  Fue \u00a0poeta, narradora, historiadora y educadora.<\/span><\/p>\n<p>&#13;<\/p>\n<p align=\"justify\" class=\"text1noticias\">Curs\u00f3 los  estudios elementales y secundarios en su pueblo natal, Moca. Luego se traslad\u00f3  a la capital  dominicana e ingres\u00f3 a la Universidad de Santo Domingo, \u00a0donde se doctor\u00f3 en Humanidades. Realiz\u00f3 estudios   de postgrado en Museo-graf\u00eda y Teor\u00eda de las Artes Pl\u00e1sticas en la Universidad de Par\u00eds.<br \/>&#13;<br \/>\n  <br \/>&#13;<br \/>\n  Fue profesora de Historia del Arte e Historia  de la Civilizaci\u00f3n en la Universidad  Aut\u00f3noma de Santo Domingo y en la Escuela Nacional de Bellas Artes.  Dirigi\u00f3 los cuadernos literarios <em>Brigadas Dominicanas<\/em> y la revista de la  Facultad de Humanidades de la Universidad Aut\u00f3noma de Santo Domingo. Trabaj\u00f3  como consejera de la UNESCO en Par\u00eds (1965)  y form\u00f3 parte del jurado del Premio de  Casa de las Am\u00e9ricas, en La Habana (1977). <br \/>&#13;<br \/>\n  <br \/>&#13;<br \/>\n  Sus constantes  viajes a Europa, Am\u00e9rica Latina y \u00c1frica enriquecieron considerablemente su  obra literaria y sus investigaciones en el campo de la historia del arte. Milit\u00f3 en la agrupaci\u00f3n La  Poes\u00eda Sorprendida que reun\u00eda a los poetas m\u00e1s elitistas del pa\u00eds de  los a\u00f1os 40 y 50.<br \/>&#13;<br \/>\n  <br \/>&#13;<br \/>\n  Poemas suyos  como \u00abEstaci\u00f3n en la tierra\u00bb, \u00abUna mujer est\u00e1 sola\u00bb y  \u00abLa casa\u00bb confirman la soledad y la rebeld\u00eda que caracteriza la mayor  parte de sus textos y fortalecen, al mismo tiempo, el sentido social de una  producci\u00f3n literaria que en su conjunto aboga por situar la mujer de su \u00e9poca  en su justo espacio y dimensi\u00f3n. Su novela <em>Escalera para Electra<\/em> fue  finalista del Premio  Biblioteca Breve (Editorial  Seix Barral) en 1969. Es la escritora  dominicana m\u00e1s antologada y estudiada del siglo XX. <\/p>\n<p>&#13;<\/p>\n<h6> 2008-04-27 20:46:22 <\/h6>\n<p><!--\n<link rel=\"stylesheet\" href=\"css\/bootstrap.min.css\">\n\n\n<ul class=\"pagination\">\n\t    \n\t\n\n<li >\n\t<a href='?page_no=22754'>Previous<\/a>\n\t<\/li>\n\n\n       \n    \n\n<li><a href='?page_no=1'>1<\/a><\/li>\n\n\n\n<li><a href='?page_no=2'>2<\/a><\/li>\n\n\n\n<li><a>...<\/a><\/li>\n\n\n\n<li><a href='?page_no=22753'>22753<\/a><\/li>\n\n\n\n<li><a href='?page_no=22754'>22754<\/a><\/li>\n\n\n\n<li class='active'><a>22755<\/a><\/li>\n\n\n\n<li><a href='?page_no=22756'>22756<\/a><\/li>\n\n\n\n<li><a href='?page_no=22757'>22757<\/a><\/li>\n\n\n\n<li><a>...<\/a><\/li>\n\n\n\n<li><a href='?page_no=22911'>22911<\/a><\/li>\n\n\n\n<li><a href='?page_no=22912'>22912<\/a><\/li>\n\n    \n\t\n\n<li >\n\t<a href='?page_no=22756'>Next<\/a>\n\t<\/li>\n\n\n    \n\n<li><a href='?page_no=22912'>Last &rsaquo;&rsaquo;<\/a><\/li>\n\n<\/ul>\n\n\n--><br \/>\n<\/body><\/p>\n","protected":false},"excerpt":{"rendered":"<p>Donan libros y documentos de A\u00edda Cartagena Portalat\u00edn a Biblioteca Nacional&#13; &#13; Santo Domingo.- Durante un acto efectuado en la XI Feria Internacional del Libro Santo Domingo 2008, la Biblioteca Nacional Pedro Henr\u00edquez Ure\u00f1a (BNPHU) recibi\u00f3 importantes documentos y libros que pertenecieron a la notable escritora A\u00edda Cartagena Portalat\u00edn.&#13; &#13; La donaci\u00f3n tuvo lugar en [&hellip;]<\/p>\n","protected":false},"author":3,"featured_media":0,"comment_status":"open","ping_status":"open","sticky":false,"template":"","format":"standard","meta":{"footnotes":""},"categories":[21],"tags":[],"class_list":["post-71077","post","type-post","status-publish","format-standard","hentry","category-cultura"],"_links":{"self":[{"href":"https:\/\/diariodominicano.com\/index.php?rest_route=\/wp\/v2\/posts\/71077","targetHints":{"allow":["GET"]}}],"collection":[{"href":"https:\/\/diariodominicano.com\/index.php?rest_route=\/wp\/v2\/posts"}],"about":[{"href":"https:\/\/diariodominicano.com\/index.php?rest_route=\/wp\/v2\/types\/post"}],"author":[{"embeddable":true,"href":"https:\/\/diariodominicano.com\/index.php?rest_route=\/wp\/v2\/users\/3"}],"replies":[{"embeddable":true,"href":"https:\/\/diariodominicano.com\/index.php?rest_route=%2Fwp%2Fv2%2Fcomments&post=71077"}],"version-history":[{"count":0,"href":"https:\/\/diariodominicano.com\/index.php?rest_route=\/wp\/v2\/posts\/71077\/revisions"}],"wp:attachment":[{"href":"https:\/\/diariodominicano.com\/index.php?rest_route=%2Fwp%2Fv2%2Fmedia&parent=71077"}],"wp:term":[{"taxonomy":"category","embeddable":true,"href":"https:\/\/diariodominicano.com\/index.php?rest_route=%2Fwp%2Fv2%2Fcategories&post=71077"},{"taxonomy":"post_tag","embeddable":true,"href":"https:\/\/diariodominicano.com\/index.php?rest_route=%2Fwp%2Fv2%2Ftags&post=71077"}],"curies":[{"name":"wp","href":"https:\/\/api.w.org\/{rel}","templated":true}]}}