{"id":71076,"date":"2008-04-27T20:49:50","date_gmt":"2008-04-27T20:49:50","guid":{"rendered":"http:\/\/diariodominicano.ddns.net\/?p=71076"},"modified":"2008-04-27T20:49:50","modified_gmt":"2008-04-27T20:49:50","slug":"reconocen-a-escritor-lipe-collado-en-xi-feria-internacional-del-libro-santo-domingo-2008","status":"publish","type":"post","link":"https:\/\/diariodominicano.com\/?p=71076","title":{"rendered":"Reconocen a escritor Lipe Collado en XI Feria Internacional del Libro Santo Domingo 2008"},"content":{"rendered":"<p><body><\/p>\n<p align=\"justify\" class=\"titulogrande1\"><strong>Reconocen a escritor Lipe Collado en XI Feria  Internacional del Libro Santo Domingo 2008<\/strong><\/p>\n<p>&#13;<\/p>\n<p align=\"justify\" class=\"text1noticias\"><strong><img loading=\"lazy\" decoding=\"async\" src=\"http:\/\/localhost:8080\/img\/lipe collado.jpg\" width=\"375\" height=\"392\" hspace=\"4\" align=\"left\" \/>Santo Domingo.- <\/strong>La\u00a0 Direcci\u00f3n   General de la\u00a0 Feria  del Libro,\u00a0 rindi\u00f3 homenaje al\u00a0 escritor, investigador y periodista  dominicano Lipe Collado, fue designado a una\u00a0  de las calles del recinto XI Feria Internacional del Libro Santo Domingo  2008.<\/p>\n<p>&#13;<\/p>\n<p align=\"justify\" class=\"text1noticias\">En reconocimiento a su  trayectoria y aporte al acervo bibliogr\u00e1fico nacional, Lipe Collado recibi\u00f3 una  placa de reconocimiento de manos del titular de cultura Jos\u00e9 Rafael Lantigua y  Alejandro Arvelo, Director General de la Feria del Libro.<\/p>\n<p>&#13;<\/p>\n<p align=\"justify\" class=\"text1noticias\">Al referirse a la trayectoria  del homenajeado, Alejandro Arvelo, destac\u00f3 que sus obras registran merito e  importancia en el \u00e1mbito nacional e internacional.<\/p>\n<p>&#13;<\/p>\n<p align=\"justify\" class=\"text1noticias\">\u00b4\u00b4 La vida del profesor Lipe  Collado, se puede definir como una \u00a0ofrenda  y sacerdocio\u00a0 plasmado de vivencia,  principio siempre basado en\u00a0 la  verdad\u00a0 sobre la realidad social dijo  Arvelo.<\/p>\n<p>&#13;<\/p>\n<p align=\"justify\" class=\"text1noticias\">De su lado, Lipe Collado, quien  estuvo acompa\u00f1ado de su esposa Dulce de Collado, agradeci\u00f3 a la \u00a0Direcci\u00f3n  de la Feria del  Libro, por reconocer su trayectoria y contenido de sus obras, justo en el  momento que se \u00a0celebrara la feria  internacional 2008. <\/p>\n<p>&#13;<\/p>\n<p align=\"justify\" class=\"text1noticias\">En el acto estuvieron presente  estudiantes del Colegio Ergot, en su representaci\u00f3n habl\u00f3 la estudiante Liany \u00a0Liz Rodr\u00edguez, quien al tiempo de destacar el  contenido de la colecci\u00f3n de obras del homenajeado, expres\u00f3 que sus comentarios  resaltar y ponen en alto la cultura el pueblo dominicano. <\/p>\n<p>&#13;<\/p>\n<p align=\"justify\" class=\"text1noticias\">Entre otras personalidades\u00a0 presente en el acto, el poeta Mateo Morrison,  Coordinador Programaci\u00f3n del Pabell\u00f3n de la Secretar\u00eda de Estado de  Cultura; el general retirado H\u00e9ctor Lachapelle D\u00edaz, el escritor Rafael Chaljub  Mej\u00eda, entre otras personalidades.<\/p>\n<p>&#13;<\/p>\n<h6> 2008-04-27 20:49:50 <\/h6>\n<p><!--\n<link rel=\"stylesheet\" href=\"css\/bootstrap.min.css\">\n\n\n<ul class=\"pagination\">\n\t    \n\t\n\n<li >\n\t<a href='?page_no=22753'>Previous<\/a>\n\t<\/li>\n\n\n       \n    \n\n<li><a href='?page_no=1'>1<\/a><\/li>\n\n\n\n<li><a href='?page_no=2'>2<\/a><\/li>\n\n\n\n<li><a>...<\/a><\/li>\n\n\n\n<li><a href='?page_no=22752'>22752<\/a><\/li>\n\n\n\n<li><a href='?page_no=22753'>22753<\/a><\/li>\n\n\n\n<li class='active'><a>22754<\/a><\/li>\n\n\n\n<li><a href='?page_no=22755'>22755<\/a><\/li>\n\n\n\n<li><a href='?page_no=22756'>22756<\/a><\/li>\n\n\n\n<li><a>...<\/a><\/li>\n\n\n\n<li><a href='?page_no=22911'>22911<\/a><\/li>\n\n\n\n<li><a href='?page_no=22912'>22912<\/a><\/li>\n\n    \n\t\n\n<li >\n\t<a href='?page_no=22755'>Next<\/a>\n\t<\/li>\n\n\n    \n\n<li><a href='?page_no=22912'>Last &rsaquo;&rsaquo;<\/a><\/li>\n\n<\/ul>\n\n\n--><br \/>\n<\/body><\/p>\n","protected":false},"excerpt":{"rendered":"<p>Reconocen a escritor Lipe Collado en XI Feria Internacional del Libro Santo Domingo 2008 &#13; Santo Domingo.- La\u00a0 Direcci\u00f3n General de la\u00a0 Feria del Libro,\u00a0 rindi\u00f3 homenaje al\u00a0 escritor, investigador y periodista dominicano Lipe Collado, fue designado a una\u00a0 de las calles del recinto XI Feria Internacional del Libro Santo Domingo 2008. &#13; En reconocimiento [&hellip;]<\/p>\n","protected":false},"author":3,"featured_media":0,"comment_status":"open","ping_status":"open","sticky":false,"template":"","format":"standard","meta":{"footnotes":""},"categories":[21],"tags":[],"class_list":["post-71076","post","type-post","status-publish","format-standard","hentry","category-cultura"],"_links":{"self":[{"href":"https:\/\/diariodominicano.com\/index.php?rest_route=\/wp\/v2\/posts\/71076","targetHints":{"allow":["GET"]}}],"collection":[{"href":"https:\/\/diariodominicano.com\/index.php?rest_route=\/wp\/v2\/posts"}],"about":[{"href":"https:\/\/diariodominicano.com\/index.php?rest_route=\/wp\/v2\/types\/post"}],"author":[{"embeddable":true,"href":"https:\/\/diariodominicano.com\/index.php?rest_route=\/wp\/v2\/users\/3"}],"replies":[{"embeddable":true,"href":"https:\/\/diariodominicano.com\/index.php?rest_route=%2Fwp%2Fv2%2Fcomments&post=71076"}],"version-history":[{"count":0,"href":"https:\/\/diariodominicano.com\/index.php?rest_route=\/wp\/v2\/posts\/71076\/revisions"}],"wp:attachment":[{"href":"https:\/\/diariodominicano.com\/index.php?rest_route=%2Fwp%2Fv2%2Fmedia&parent=71076"}],"wp:term":[{"taxonomy":"category","embeddable":true,"href":"https:\/\/diariodominicano.com\/index.php?rest_route=%2Fwp%2Fv2%2Fcategories&post=71076"},{"taxonomy":"post_tag","embeddable":true,"href":"https:\/\/diariodominicano.com\/index.php?rest_route=%2Fwp%2Fv2%2Ftags&post=71076"}],"curies":[{"name":"wp","href":"https:\/\/api.w.org\/{rel}","templated":true}]}}