{"id":71075,"date":"2008-04-27T20:53:11","date_gmt":"2008-04-27T20:53:11","guid":{"rendered":"http:\/\/diariodominicano.ddns.net\/?p=71075"},"modified":"2008-04-27T20:53:11","modified_gmt":"2008-04-27T20:53:11","slug":"en-feria-del-libro-2008-ponen-en-circulacion-libro-kalunga-eh-los-congos-de-villa-mella","status":"publish","type":"post","link":"https:\/\/diariodominicano.com\/?p=71075","title":{"rendered":"En Feria del Libro 2008 Ponen en circulaci\u00f3n libro \u00a1 Kalunga Eh! Los Congos de Villa Mella"},"content":{"rendered":"<p><body><\/p>\n<p align=\"justify\" class=\"titulogrande1\">En Feria del Libro 2008 Ponen en circulaci\u00f3n libro \u00a1 Kalunga Eh! Los Congos de Villa Mella<\/p>\n<p>&#13;<\/p>\n<p align=\"justify\" class=\"text1noticias\"><strong><img loading=\"lazy\" decoding=\"async\" src=\"http:\/\/localhost:8080\/img\/kalunga.jpg\" width=\"375\" height=\"825\" hspace=\"4\" align=\"left\" \/>Santo Domingo.-<\/strong> Con la asistencia de un  numeroso p\u00fablico fue puesto en circulaci\u00f3n la obra \u00a1Kalunga Eh\u00a1, Los Congos de  Villa Mella, de la autor\u00eda del licenciado Carlos Hern\u00e1ndez Soto, en el \u00e1rea de  Artesan\u00eda.<\/p>\n<p>&#13;<\/p>\n<p align=\"justify\" class=\"text1noticias\">La presentaci\u00f3n de la obra de  corte investigativo-cient\u00edfico fue realizada por Mar\u00eda Isabel Mart\u00ednez,  coordinadora del \u00e1rea de artesan\u00eda en la feria que se\u00f1al\u00f3 de extraordinaria la  tem\u00e1tica que muestra la obra\u00a0 para el  desarrollo del acervo cultural dominicano.<\/p>\n<p>&#13;<\/p>\n<p align=\"justify\" class=\"text1noticias\">Mart\u00ednez explic\u00f3 que los  temas tratados en el libro como la   Cofrad\u00eda y los Congos de Villa Mella representan en gran  medida el sincretismo religioso del pa\u00eds, as\u00ed como los elementos africanos que  forman parte de la identidad cultural de la Rep\u00fablica Dominicana. <\/p>\n<p>&#13;<\/p>\n<p align=\"justify\" class=\"text1noticias\"> En tanto que Carlos Hern\u00e1ndez  Soto, autor de la obra refiri\u00f3 que el libro es el resultado de una ardua  investigaci\u00f3n de los temas referidos por Mart\u00ednez, como son antropol\u00f3gico,  socio-cultural y religioso.<\/p>\n<p>&#13;<\/p>\n<p align=\"justify\" class=\"text1noticias\">Soto destac\u00f3 el aspecto  educativo y de orientaci\u00f3n del material cient\u00edfico para los j\u00f3venes y adultos  que se interesan en adquirir conocimientos sobre los temas de identidad  cultural del pa\u00eds.\u00a0 <\/p>\n<p>&#13;<\/p>\n<h6> 2008-04-27 20:53:11 <\/h6>\n<p><!--\n<link rel=\"stylesheet\" href=\"css\/bootstrap.min.css\">\n\n\n<ul class=\"pagination\">\n\t    \n\t\n\n<li >\n\t<a href='?page_no=22752'>Previous<\/a>\n\t<\/li>\n\n\n       \n    \n\n<li><a href='?page_no=1'>1<\/a><\/li>\n\n\n\n<li><a href='?page_no=2'>2<\/a><\/li>\n\n\n\n<li><a>...<\/a><\/li>\n\n\n\n<li><a href='?page_no=22751'>22751<\/a><\/li>\n\n\n\n<li><a href='?page_no=22752'>22752<\/a><\/li>\n\n\n\n<li class='active'><a>22753<\/a><\/li>\n\n\n\n<li><a href='?page_no=22754'>22754<\/a><\/li>\n\n\n\n<li><a href='?page_no=22755'>22755<\/a><\/li>\n\n\n\n<li><a>...<\/a><\/li>\n\n\n\n<li><a href='?page_no=22911'>22911<\/a><\/li>\n\n\n\n<li><a href='?page_no=22912'>22912<\/a><\/li>\n\n    \n\t\n\n<li >\n\t<a href='?page_no=22754'>Next<\/a>\n\t<\/li>\n\n\n    \n\n<li><a href='?page_no=22912'>Last &rsaquo;&rsaquo;<\/a><\/li>\n\n<\/ul>\n\n\n--><br \/>\n<\/body><\/p>\n","protected":false},"excerpt":{"rendered":"<p>En Feria del Libro 2008 Ponen en circulaci\u00f3n libro \u00a1 Kalunga Eh! Los Congos de Villa Mella &#13; Santo Domingo.- Con la asistencia de un numeroso p\u00fablico fue puesto en circulaci\u00f3n la obra \u00a1Kalunga Eh\u00a1, Los Congos de Villa Mella, de la autor\u00eda del licenciado Carlos Hern\u00e1ndez Soto, en el \u00e1rea de Artesan\u00eda. &#13; La [&hellip;]<\/p>\n","protected":false},"author":3,"featured_media":0,"comment_status":"open","ping_status":"open","sticky":false,"template":"","format":"standard","meta":{"footnotes":""},"categories":[21],"tags":[],"class_list":["post-71075","post","type-post","status-publish","format-standard","hentry","category-cultura"],"_links":{"self":[{"href":"https:\/\/diariodominicano.com\/index.php?rest_route=\/wp\/v2\/posts\/71075","targetHints":{"allow":["GET"]}}],"collection":[{"href":"https:\/\/diariodominicano.com\/index.php?rest_route=\/wp\/v2\/posts"}],"about":[{"href":"https:\/\/diariodominicano.com\/index.php?rest_route=\/wp\/v2\/types\/post"}],"author":[{"embeddable":true,"href":"https:\/\/diariodominicano.com\/index.php?rest_route=\/wp\/v2\/users\/3"}],"replies":[{"embeddable":true,"href":"https:\/\/diariodominicano.com\/index.php?rest_route=%2Fwp%2Fv2%2Fcomments&post=71075"}],"version-history":[{"count":0,"href":"https:\/\/diariodominicano.com\/index.php?rest_route=\/wp\/v2\/posts\/71075\/revisions"}],"wp:attachment":[{"href":"https:\/\/diariodominicano.com\/index.php?rest_route=%2Fwp%2Fv2%2Fmedia&parent=71075"}],"wp:term":[{"taxonomy":"category","embeddable":true,"href":"https:\/\/diariodominicano.com\/index.php?rest_route=%2Fwp%2Fv2%2Fcategories&post=71075"},{"taxonomy":"post_tag","embeddable":true,"href":"https:\/\/diariodominicano.com\/index.php?rest_route=%2Fwp%2Fv2%2Ftags&post=71075"}],"curies":[{"name":"wp","href":"https:\/\/api.w.org\/{rel}","templated":true}]}}