{"id":71074,"date":"2008-04-27T20:58:02","date_gmt":"2008-04-27T20:58:02","guid":{"rendered":"http:\/\/diariodominicano.ddns.net\/?p=71074"},"modified":"2008-04-27T20:58:02","modified_gmt":"2008-04-27T20:58:02","slug":"hernandez-soto-presenta-patrimonio-cultural-inmaterial-y-diversidad-cultural","status":"publish","type":"post","link":"https:\/\/diariodominicano.com\/?p=71074","title":{"rendered":"Hern\u00e1ndez Soto presenta \u00bb Patrimonio Cultural Inmaterial y Diversidad Cultural \u00ab"},"content":{"rendered":"<p><body><\/p>\n<p align=\"center\" class=\"titulogrande1\">Hern\u00e1ndez Soto presenta \u201cPatrimonio Cultural  Inmaterial y Diversidad Cultural\u201d<\/p>\n<p>&#13;<\/p>\n<p align=\"justify\" class=\"text1noticias\"><strong><img loading=\"lazy\" decoding=\"async\" src=\"http:\/\/localhost:8080\/img\/carlos hernandez.jpg\" width=\"375\" height=\"214\" hspace=\"4\" align=\"left\" \/>Santo Domingo.- <\/strong>El  doctor Carlos Hern\u00e1ndez Soto, present\u00f3 la exposici\u00f3n \u00abPatrimonio Cultural  Inmaterial y Diversidad Cultural \u00ab, en el marco de la celebraci\u00f3n de la XI Feria Internacional  del Libro Santo Domingo 2008.<br \/>&#13;<br \/>\n  <br \/>&#13;<br \/>\n  El  doctor Hern\u00e1ndez Soto destac\u00f3 la riqueza cultural de la Rep\u00fablica Dominicana  y record\u00f3 que esta naci\u00f3n cuenta con dos las 90 expresiones culturales mas  importantes del mundo y que fueran exhibido en Par\u00eds recientemente.<br \/>&#13;<br \/>\n  <br \/>&#13;<br \/>\n  Explic\u00f3  el destacado antrop\u00f3logo que cada una de las expresiones dominicanas, que la  gente en su generalidad nos las advierten son parte del patrimonio cultural inmaterial.<br \/>&#13;<br \/>\n  <br \/>&#13;<br \/>\n  En  ese orden estableci\u00f3 la forma en que los dominicanos pescan, cultivan la tierra  o simplemente hacen cualquier tarea forma parte de expresiones culturales. A  modo de ejemplo dijo que el hecho que un dominicano mueve la nariz para  demostrar desagrado o lo que fuere, en ninguna parte del mundo se hace pero que  aqu\u00ed.<br \/>&#13;<br \/>\n  <br \/>&#13;<br \/>\n  El  conocido investigador cultural, hablando ante decenas de j\u00f3venes estudiantes de  distintos centros educativos del pa\u00eds, coment\u00f3 las manifestaciones culturales  como la m\u00fasica, la pintura y otros tienen grandes manifestaciones en todas las  comunidades nacionales.<br \/>&#13;<br \/>\n  <br \/>&#13;<br \/>\n  En  ese orden el doctor Hern\u00e1ndez Soto coment\u00f3 que Villa Mella y San Pedro de Macor\u00eds  guardan riquezas en las manifestaciones musicales que distinguen a esas  regiones\u00a0 y al pa\u00eds en sentido general.<br \/>&#13;<br \/>\n  <br \/>&#13;<br \/>\n  Observ\u00f3  que las manifestaciones culturales deben ser protegidas no solo por las  autoridades sino, en primer lugar por las comunidades. <br \/>&#13;<br \/>\n  <br \/>&#13;<br \/>\n  Asimismo  el intelectual e investigador nacional admiti\u00f3 como un hecho imposible de  evitar las modificaciones culturales.<br \/>&#13;<br \/>\n  <br \/>&#13;<br \/>\n  En  ese sentido se\u00f1alo que el caso del merengue, que muchos dicen, actualmente que  no es el tradicional, representa una \u00e9poca determinada que es la que se vive.<br \/>&#13;<br \/>\n  <br \/>&#13;<br \/>\n  Sostuvo  que el merengue, en sus diversas manifestaciones ha tenido que ir adapt\u00e1ndose a  los cambios que como la vida misma se produce, y reconoci\u00f3 que eso en s\u00ed no es  malo, \u201cEn el arte culinario los dominicanos tienen grandes mezclas culturales, que  van desde las mesas \u00e1rabes, espa\u00f1ola, china, italiana y otras.<br \/>&#13;<br \/>\n  <br \/>&#13;<br \/>\n  Refiri\u00f3  que muchos de los platos que son conocidos como chinos e italianos y otros han  sido adaptados a los gustos de los dominicanos, \u201cLos condimentos que usan los  dominicanos en las comidas son muy\u00a0 propios, as\u00ed como hasta el tiempo de  comer\u201d.<\/p>\n<p>&#13;<\/p>\n<h6> 2008-04-27 20:58:02 <\/h6>\n<p><!--\n<link rel=\"stylesheet\" href=\"css\/bootstrap.min.css\">\n\n\n<ul class=\"pagination\">\n\t    \n\t\n\n<li >\n\t<a href='?page_no=22751'>Previous<\/a>\n\t<\/li>\n\n\n       \n    \n\n<li><a href='?page_no=1'>1<\/a><\/li>\n\n\n\n<li><a href='?page_no=2'>2<\/a><\/li>\n\n\n\n<li><a>...<\/a><\/li>\n\n\n\n<li><a href='?page_no=22750'>22750<\/a><\/li>\n\n\n\n<li><a href='?page_no=22751'>22751<\/a><\/li>\n\n\n\n<li class='active'><a>22752<\/a><\/li>\n\n\n\n<li><a href='?page_no=22753'>22753<\/a><\/li>\n\n\n\n<li><a href='?page_no=22754'>22754<\/a><\/li>\n\n\n\n<li><a>...<\/a><\/li>\n\n\n\n<li><a href='?page_no=22911'>22911<\/a><\/li>\n\n\n\n<li><a href='?page_no=22912'>22912<\/a><\/li>\n\n    \n\t\n\n<li >\n\t<a href='?page_no=22753'>Next<\/a>\n\t<\/li>\n\n\n    \n\n<li><a href='?page_no=22912'>Last &rsaquo;&rsaquo;<\/a><\/li>\n\n<\/ul>\n\n\n--><br \/>\n<\/body><\/p>\n","protected":false},"excerpt":{"rendered":"<p>Hern\u00e1ndez Soto presenta \u201cPatrimonio Cultural Inmaterial y Diversidad Cultural\u201d &#13; Santo Domingo.- El doctor Carlos Hern\u00e1ndez Soto, present\u00f3 la exposici\u00f3n \u00abPatrimonio Cultural Inmaterial y Diversidad Cultural \u00ab, en el marco de la celebraci\u00f3n de la XI Feria Internacional del Libro Santo Domingo 2008.&#13; &#13; El doctor Hern\u00e1ndez Soto destac\u00f3 la riqueza cultural de la Rep\u00fablica [&hellip;]<\/p>\n","protected":false},"author":3,"featured_media":0,"comment_status":"open","ping_status":"open","sticky":false,"template":"","format":"standard","meta":{"footnotes":""},"categories":[21],"tags":[],"class_list":["post-71074","post","type-post","status-publish","format-standard","hentry","category-cultura"],"_links":{"self":[{"href":"https:\/\/diariodominicano.com\/index.php?rest_route=\/wp\/v2\/posts\/71074","targetHints":{"allow":["GET"]}}],"collection":[{"href":"https:\/\/diariodominicano.com\/index.php?rest_route=\/wp\/v2\/posts"}],"about":[{"href":"https:\/\/diariodominicano.com\/index.php?rest_route=\/wp\/v2\/types\/post"}],"author":[{"embeddable":true,"href":"https:\/\/diariodominicano.com\/index.php?rest_route=\/wp\/v2\/users\/3"}],"replies":[{"embeddable":true,"href":"https:\/\/diariodominicano.com\/index.php?rest_route=%2Fwp%2Fv2%2Fcomments&post=71074"}],"version-history":[{"count":0,"href":"https:\/\/diariodominicano.com\/index.php?rest_route=\/wp\/v2\/posts\/71074\/revisions"}],"wp:attachment":[{"href":"https:\/\/diariodominicano.com\/index.php?rest_route=%2Fwp%2Fv2%2Fmedia&parent=71074"}],"wp:term":[{"taxonomy":"category","embeddable":true,"href":"https:\/\/diariodominicano.com\/index.php?rest_route=%2Fwp%2Fv2%2Fcategories&post=71074"},{"taxonomy":"post_tag","embeddable":true,"href":"https:\/\/diariodominicano.com\/index.php?rest_route=%2Fwp%2Fv2%2Ftags&post=71074"}],"curies":[{"name":"wp","href":"https:\/\/api.w.org\/{rel}","templated":true}]}}