{"id":71073,"date":"2008-04-27T21:03:41","date_gmt":"2008-04-27T21:03:41","guid":{"rendered":"http:\/\/diariodominicano.ddns.net\/?p=71073"},"modified":"2008-04-27T21:03:41","modified_gmt":"2008-04-27T21:03:41","slug":"agn-inaugura-muestras-fotograficas-en-feria-internacional-del-libro","status":"publish","type":"post","link":"https:\/\/diariodominicano.com\/?p=71073","title":{"rendered":"AGN inaugura Muestras Fotogr\u00e1ficas en Feria Internacional del Libro"},"content":{"rendered":"<p><body><\/p>\n<p align=\"center\" class=\"titulogrande1\">AGN inaugura Muestras Fotogr\u00e1ficas en la Feria Internacional del Libro<\/p>\n<p>&#13;<\/p>\n<p align=\"justify\"><strong>Las exposiciones corresponden a un homenaje a  Historiadores Dominicanos y la historia gr\u00e1fica del Movimiento Obrero  Dominicano, ubicadas en el stand del AGN en la Feria<br \/>&#13;<br \/>\n  <br \/>&#13;<br \/>\n  <\/strong><span class=\"text1noticias\"><strong><img loading=\"lazy\" decoding=\"async\" src=\"http:\/\/localhost:8080\/img\/agn.jpg\" width=\"375\" height=\"563\" hspace=\"4\" align=\"left\" \/>Santo Domingo.- <\/strong>El Archivo General de la Naci\u00f3n (AGN), inaugur\u00f3 las  exposiciones fotogr\u00e1ficas en homenaje a \u00abHistoriadores Dominicanos\u00bb y  la m\u00e1s amplia muestra gr\u00e1fica del Movimiento Obrero Dominicano, este jueves 24  de abril, en su stand de la   XI Feria Internacional del Libro Santo Domingo 2008.&#13;<br \/>\n      <!--  D([\"mb\",\"u003c\/fontu003eu003c\/spanu003eu003c\/pu003ennu003cp styleu003d\"margin:0cm 0cm 0pt;text-align:justify\"u003eu003cspan langu003d\"ES\" styleu003d\"font-size:16pt\"u003eu003cfont faceu003d\"Times New Roman\"u003e&nbsp;u003c\/fontu003eu003c\/spanu003eu003c\/pu003enu003cp styleu003d\"margin:0cm 0cm 0pt;text-align:justify\"u003eu003cspan langu003d\"ES\" styleu003d\"font-size:16pt\"u003eu003cfont faceu003d\"Times New Roman\"u003eEn la exposici&oacute;n fotogr&aacute;fica correspondiente a Historiadores Dominicanos, se pueden apreciar 30 figuras como la del profesor Juan Bosch, Vetillo Alfau Dur&aacute;n, Emilio Rodr&iacute;guez Demorizi (a quien est&aacute; dedicada la Feria), Francisco Henr&iacute;quez V&aacute;squez, Manuel Arturo Pe&ntilde;a Batlle, A&iacute;da Cartagena Portalat&iacute;n, Abigail Mej&iacute;a, Am&eacute;rico Lugo y Antonio del Monte y Tejada, entre otros.u003c\/fontu003eu003c\/spanu003eu003c\/pu003ennu003cp styleu003d\"margin:0cm 0cm 0pt;text-align:justify\"u003eu003cspan langu003d\"ES\" styleu003d\"font-size:16pt\"u003eu003cfont faceu003d\"Times New Roman\"u003e&nbsp;u003c\/fontu003eu003c\/spanu003eu003c\/pu003enu003cp styleu003d\"margin:0cm 0cm 0pt;text-align:justify\"u003eu003cspan langu003d\"ES\" styleu003d\"font-size:16pt\"u003eu003cfont faceu003d\"Times New Roman\"u003eEn el exterior de la caseta del AGN en la Feria del Libro, se exhibe la muestra gr&aacute;fica m&aacute;s amplia que se haya presentado en el pa&iacute;s del Movimiento Obrero Dominicano, conteniendo 43 cuadros entre fotograf&iacute;as de los principales l&iacute;deres de la clase obrera como Mauricio B&aacute;ez, Justino Del Orbe, Ernando Hern&aacute;ndez, y los peri&oacute;dicos m&aacute;s influyentes de la &eacute;poca.u003c\/fontu003eu003c\/spanu003eu003c\/pu003ennu003cp styleu003d\"margin:0cm 0cm 0pt;text-align:justify\"u003eu003cspan langu003d\"ES\" styleu003d\"font-size:16pt\"u003eu003cfont faceu003d\"Times New Roman\"u003e&nbsp;u003c\/fontu003eu003c\/spanu003eu003c\/pu003enu003cp styleu003d\"margin:0cm 0cm 0pt;text-align:justify\"u003eu003cspan langu003d\"ES\" styleu003d\"font-size:16pt\"u003eu003cfont faceu003d\"Times New Roman\"u003eLas exposiciones estar&aacute;n en el stand del Archivo durante todo el trayecto que dure la Feria del Libro, en el que tambi&eacute;n est&aacute;n disponibles para el p&uacute;blico asistente libros, boletines y brochures editados por el AGN.u003c\/fontu003eu003c\/spanu003eu003c\/pu003ennu003cp styleu003d\"margin:0cm 0cm 0pt;text-align:justify\"u003eu003cspan langu003d\"ES\" styleu003d\"font-size:16pt\"u003eu003cfont faceu003d\"Times New Roman\"u003e&nbsp;u003c\/fontu003eu003c\/spanu003eu003c\/pu003enu003cp styleu003d\"margin:0cm 0cm 0pt;text-align:justify\"u003eu003cspan langu003d\"ES\" styleu003d\"font-size:16pt\"u003eu003cfont faceu003d\"Times New Roman\"u003eAl igual que en la Feria del Libro 2007, la participaci&oacute;n del AGN en la presente edici&oacute;n promete un atractivo hist&oacute;rico e interesante para estudiantes, profesores, historiadores y p&uacute;blico en general.\",1]  );    \/\/-->&#13;<br \/>\n    <\/span><\/p>\n<p>&#13;<\/p>\n<p align=\"justify\" class=\"text1noticias\">En la exposici\u00f3n fotogr\u00e1fica correspondiente a  Historiadores Dominicanos, se pueden apreciar 30 figuras como la del profesor  Juan Bosch, Vetillo Alfau Dur\u00e1n, Emilio Rodr\u00edguez Demorizi (a quien est\u00e1  dedicada la Feria),  Francisco Henr\u00edquez V\u00e1squez, Manuel Arturo Pe\u00f1a Batlle, A\u00edda Cartagena  Portalat\u00edn, Abigail Mej\u00eda, Am\u00e9rico Lugo y Antonio del Monte y Tejada, entre  otros. <\/p>\n<p>&#13;<\/p>\n<p align=\"justify\" class=\"text1noticias\">En el exterior de la caseta del AGN en la Feria del Libro, se exhibe  la muestra gr\u00e1fica m\u00e1s amplia que se haya presentado en el pa\u00eds del Movimiento  Obrero Dominicano, conteniendo 43 cuadros entre fotograf\u00edas de los principales  l\u00edderes de la clase obrera como Mauricio B\u00e1ez, Justino Del Orbe, Ernando  Hern\u00e1ndez, y los peri\u00f3dicos m\u00e1s influyentes de la \u00e9poca. <\/p>\n<p>&#13;<\/p>\n<p align=\"justify\" class=\"text1noticias\">Las exposiciones estar\u00e1n en el stand del Archivo  durante todo el trayecto que dure la   Feria del Libro, en el que tambi\u00e9n est\u00e1n disponibles para el  p\u00fablico asistente libros, boletines y brochures editados por el AGN. <\/p>\n<p>&#13;<\/p>\n<p align=\"justify\"><span class=\"text1noticias\">Al igual que en la Feria del Libro 2007, la participaci\u00f3n del AGN en  la presente edici\u00f3n promete un atractivo hist\u00f3rico e interesante para  estudiantes, profesores, historiadores y p\u00fablico en general. <\/span>&#13;<br \/>\n  <!--  D([\"mb\",\"u003c\/fontu003eu003c\/spanu003eu003c\/pu003ennu003cp styleu003d\"margin:0cm 0cm 0pt\"u003eu003cspan langu003d\"ES\" styleu003d\"font-size:16pt\"u003eu003cfont faceu003d\"Times New Roman\"u003e&nbsp;u003c\/fontu003eu003c\/spanu003eu003c\/pu003enu003cp styleu003d\"margin:0cm 0cm 0pt\"u003eu003cspan langu003d\"ES\" styleu003d\"font-size:16pt\"u003eu003cfont faceu003d\"Times New Roman\"u003e&nbsp;u003c\/fontu003eu003c\/spanu003eu003c\/pu003enu003cp styleu003d\"margin:0cm 0cm 0pt\"u003eu003cspan langu003d\"ES\" styleu003d\"font-size:16pt\"u003eu003cfont faceu003d\"Times New Roman\"u003e&nbsp;u003c\/fontu003eu003c\/spanu003eu003c\/pu003enu003cp styleu003d\"margin:0cm 0cm 0pt;text-align:center\" alignu003d\"center\"u003eu003cspan langu003d\"ES\" styleu003d\"font-size:16pt\"u003eu003cfont faceu003d\"Times New Roman\"u003eAntonio Menau003c\/fontu003eu003c\/spanu003eu003c\/pu003enu003cp styleu003d\"margin:0cm 0cm 0pt;text-align:center\" alignu003d\"center\"u003eu003cspan langu003d\"ES\" styleu003d\"font-size:16pt\"u003eu003cfont faceu003d\"Times New Roman\"u003eEnc. de Relaciones P&uacute;blicasu003c\/fontu003eu003c\/spanu003eu003c\/pu003enu003cbr clearu003d\"all\"u003e\",1]  );  D([\"mb\",\"u003cspan classu003dsgu003eu003cbru003e-- u003cbru003eALEXIS BELTR&Eacute; u0026amp; ASOCIADOSu003cbru003e&nbsp;&nbsp;&nbsp;&nbsp;&nbsp;&nbsp;&nbsp;&nbsp;&nbsp;&nbsp; Lic. Alexis Beltr&eacute;&nbsp;&nbsp;u003cbru003epresidente (Cel. 809-978-0005) nu003c\/spanu003e\",0]  );    \/\/-->&#13;\n<\/p>\n<p>&#13;<\/p>\n<h6> 2008-04-27 21:03:41 <\/h6>\n<p><!--\n<link rel=\"stylesheet\" href=\"css\/bootstrap.min.css\">\n\n\n<ul class=\"pagination\">\n\t    \n\t\n\n<li >\n\t<a href='?page_no=22750'>Previous<\/a>\n\t<\/li>\n\n\n       \n    \n\n<li><a href='?page_no=1'>1<\/a><\/li>\n\n\n\n<li><a href='?page_no=2'>2<\/a><\/li>\n\n\n\n<li><a>...<\/a><\/li>\n\n\n\n<li><a href='?page_no=22749'>22749<\/a><\/li>\n\n\n\n<li><a href='?page_no=22750'>22750<\/a><\/li>\n\n\n\n<li class='active'><a>22751<\/a><\/li>\n\n\n\n<li><a href='?page_no=22752'>22752<\/a><\/li>\n\n\n\n<li><a href='?page_no=22753'>22753<\/a><\/li>\n\n\n\n<li><a>...<\/a><\/li>\n\n\n\n<li><a href='?page_no=22911'>22911<\/a><\/li>\n\n\n\n<li><a href='?page_no=22912'>22912<\/a><\/li>\n\n    \n\t\n\n<li >\n\t<a href='?page_no=22752'>Next<\/a>\n\t<\/li>\n\n\n    \n\n<li><a href='?page_no=22912'>Last &rsaquo;&rsaquo;<\/a><\/li>\n\n<\/ul>\n\n\n--><br \/>\n<\/body><\/p>\n","protected":false},"excerpt":{"rendered":"<p>AGN inaugura Muestras Fotogr\u00e1ficas en la Feria Internacional del Libro &#13; Las exposiciones corresponden a un homenaje a Historiadores Dominicanos y la historia gr\u00e1fica del Movimiento Obrero Dominicano, ubicadas en el stand del AGN en la Feria&#13; &#13; Santo Domingo.- El Archivo General de la Naci\u00f3n (AGN), inaugur\u00f3 las exposiciones fotogr\u00e1ficas en homenaje a \u00abHistoriadores [&hellip;]<\/p>\n","protected":false},"author":3,"featured_media":0,"comment_status":"open","ping_status":"open","sticky":false,"template":"","format":"standard","meta":{"footnotes":""},"categories":[21],"tags":[],"class_list":["post-71073","post","type-post","status-publish","format-standard","hentry","category-cultura"],"_links":{"self":[{"href":"https:\/\/diariodominicano.com\/index.php?rest_route=\/wp\/v2\/posts\/71073","targetHints":{"allow":["GET"]}}],"collection":[{"href":"https:\/\/diariodominicano.com\/index.php?rest_route=\/wp\/v2\/posts"}],"about":[{"href":"https:\/\/diariodominicano.com\/index.php?rest_route=\/wp\/v2\/types\/post"}],"author":[{"embeddable":true,"href":"https:\/\/diariodominicano.com\/index.php?rest_route=\/wp\/v2\/users\/3"}],"replies":[{"embeddable":true,"href":"https:\/\/diariodominicano.com\/index.php?rest_route=%2Fwp%2Fv2%2Fcomments&post=71073"}],"version-history":[{"count":0,"href":"https:\/\/diariodominicano.com\/index.php?rest_route=\/wp\/v2\/posts\/71073\/revisions"}],"wp:attachment":[{"href":"https:\/\/diariodominicano.com\/index.php?rest_route=%2Fwp%2Fv2%2Fmedia&parent=71073"}],"wp:term":[{"taxonomy":"category","embeddable":true,"href":"https:\/\/diariodominicano.com\/index.php?rest_route=%2Fwp%2Fv2%2Fcategories&post=71073"},{"taxonomy":"post_tag","embeddable":true,"href":"https:\/\/diariodominicano.com\/index.php?rest_route=%2Fwp%2Fv2%2Ftags&post=71073"}],"curies":[{"name":"wp","href":"https:\/\/api.w.org\/{rel}","templated":true}]}}