{"id":71070,"date":"2008-04-28T17:42:12","date_gmt":"2008-04-28T17:42:12","guid":{"rendered":"http:\/\/diariodominicano.ddns.net\/?p=71070"},"modified":"2008-04-28T17:42:12","modified_gmt":"2008-04-28T17:42:12","slug":"opera-olvidada-sobre-la-vida-de-juana-de-arco-se-estrena-con-exito-en-alemania","status":"publish","type":"post","link":"https:\/\/diariodominicano.com\/?p=71070","title":{"rendered":"Opera olvidada sobre la vida de Juana de Arco se estrena con \u00e9xito en Alemania"},"content":{"rendered":"<p><body><\/p>\n<p align=\"justify\"><span class=\"titulogrande1\">Opera olvidada sobre la vida de Juana de Arco se estrena con  \u00e9xito en Alemania <\/span><br \/>&#13;<br \/>\n  <br \/>&#13;<br \/>\n    <span class=\"text1noticias\">La pieza montada por el \u00abni\u00f1o terrible\u00bb del teatro  germano, Christoph Schlingensief, es la primera puesta en escena de la  obra\u00a0compuesta hace 70 a\u00f1os por\u00a0Walter Braunfels. <\/span><\/p>\n<p>&#13;<\/p>\n<p align=\"justify\" class=\"text1noticias\"><img loading=\"lazy\" decoding=\"async\" src=\"http:\/\/localhost:8080\/img\/juana.jpg\" width=\"375\" height=\"484\" hspace=\"4\" align=\"left\" \/>Con gran \u00e9xito fue estrenada en la Deutsche Oper de Berl\u00edn  una obra sobre la vida de Juana de Arco, montada por el \u00abni\u00f1o  terrible\u00bb del teatro alem\u00e1n, Christoph Schlingensief.<br \/>&#13;<br \/>\n  <br \/>&#13;<br \/>\n  Se trata de la primera puesta en escena de la \u00f3pera \u00abEscenas de la Vida de  Santa Juana\u00bb, compuesta hace 70 a\u00f1os por el alem\u00e1n Walter Braunfels.<br \/>&#13;<br \/>\n  <br \/>&#13;<br \/>\n  El m\u00fasico, conocido sobre todo por su obra \u00abDie V\u00f6gel\u00bb (\u00abLos  P\u00e1jaros\u00bb) escribi\u00f3 la pieza sobre Juana de Arco entre 1938 y 1942,  mientras estaba proscripto por el r\u00e9gimen nazi. Pero no fue sino hasta 2001  cuando se la present\u00f3 por primera vez al p\u00fablico en Estocolmo, si bien s\u00f3lo en  su versi\u00f3n instrumental.<br \/>&#13;<br \/>\n  <br \/>&#13;<br \/>\n  Braunfels fue uno de los compositores m\u00e1s importantes de la Rep\u00fablica de  Weimar, en ocasiones m\u00e1s exitoso que Richard Strauss.<br \/>&#13;<br \/>\n  <br \/> &#13;<br \/>\n  Luego se lo sepult\u00f3  doblemente en el olvido: los nazis lo inhabilitaron y se lo ignor\u00f3 tras la  Segunda Guerra Mundial (1939- 45).<br \/>&#13;<br \/>\n  <br \/>&#13;<br \/>\n  Bajo la acusaci\u00f3n de que la Escuela de M\u00fasica de Colonia se hab\u00eda transformado  en un centro de \u00absubversi\u00f3n jud\u00eda\u00bb, los nazis despidieron a Braunfels  del establecimento en 1933, quitaron su nombre de los libros especializados y  prohibieron sus obras.<br \/>&#13;<br \/>\n  <br \/>&#13;<br \/>\n  Despu\u00e9s de la guerra, Braunfels, que nunca hab\u00eda abjurado de la tonalidad, cay\u00f3  en el olvido. Para la vanguardia que volv\u00eda a florecer en esos a\u00f1os estaba  demasiado apegado a las tradiciones del siglo XIX. Su m\u00fasica es un mosaico  donde se conjugan Wagner, Brahms y Strauss con grandes emociones.<br \/>&#13;<br \/>\n  <br \/>&#13;<br \/>\n  Braunfels, que proven\u00eda de una familia jud\u00eda de Frankfurt aunque su padre se  hab\u00eda convertido al protestantismo, tematiza en \u00abJeanne D&#8217;Arc\u00bb sus  cuestionamientos a la religi\u00f3n.<br \/>&#13;<br \/>\n  <br \/>&#13;<br \/>\n  La figura de Juana de Arco ha vuelto a despertar inter\u00e9s \u00faltimamente en  Alemania, en gran parte en relaci\u00f3n con los usos pol\u00edticos que hizo de ella el  nacionalsocialismo, que en 1935 produjo una c\u00e9lebre versi\u00f3n dirigida por Gustav  Ucicky, en su momento declarada de inter\u00e9s para el Estado alem\u00e1n.<br \/>&#13;<br \/>\n  <br \/>&#13;<br \/>\n  Schliegensief viaj\u00f3 durante la producci\u00f3n a Nepal y all\u00ed document\u00f3 en video  rituales f\u00fanebres de quema de cad\u00e1veres.<br \/>&#13;<br \/>\n  <br \/>&#13;<br \/>\n  Durante la funci\u00f3n inaugural, que tuvo lugar en la noche del domingo, se lo vio  en escenas que testimonian su experiencia en el pa\u00eds asi\u00e1tico, y que se fund\u00edan  con elementos lit\u00fargicos para generar un orden visual on\u00edrico.<br \/>&#13;<br \/>\n  <br \/>&#13;<br \/>\n  El director estuvo ausente en el estreno, pero tambi\u00e9n se proyectaron en  transparencias sus indicaciones. El p\u00fablico le\u00eda frases como \u00abaqu\u00ed falta  un ritual\u00bb o \u00aben este punto cae una vaca\u00bb.<br \/>&#13;<br \/>\n  <br \/>&#13;<br \/>\n  Durante las tres horas que dur\u00f3 el espect\u00e1culo se proyectaron los videos de  Schlingensief. Sobre el escenario se ve a sacerdotes, monjas, guerreros, ni\u00f1os  y enanos, ovejas, cabras, un bailar\u00edn esp\u00e1stico y gente en silla de ruedas.<br \/>&#13;<br \/>\n  <br \/>&#13;<br \/>\n  Con esos recursos se narr\u00f3 el camino de Juana de Arco desde el hospicio a la  hoguera como la historia de una enferma. Un pulm\u00f3n gigante flotaba en el aire,  y el coraz\u00f3n de Juana, que permanece intacto pese a morir en la hoguera, se  exhibe al final en una custodia sobre el escenario.<br \/>&#13;<br \/>\n  <br \/>&#13;<br \/>\n  dpa<\/p>\n<p>&#13;<\/p>\n<h6> 2008-04-28 17:42:12 <\/h6>\n<p><!--\n<link rel=\"stylesheet\" href=\"css\/bootstrap.min.css\">\n\n\n<ul class=\"pagination\">\n\t    \n\t\n\n<li >\n\t<a href='?page_no=22747'>Previous<\/a>\n\t<\/li>\n\n\n       \n    \n\n<li><a href='?page_no=1'>1<\/a><\/li>\n\n\n\n<li><a href='?page_no=2'>2<\/a><\/li>\n\n\n\n<li><a>...<\/a><\/li>\n\n\n\n<li><a href='?page_no=22746'>22746<\/a><\/li>\n\n\n\n<li><a href='?page_no=22747'>22747<\/a><\/li>\n\n\n\n<li class='active'><a>22748<\/a><\/li>\n\n\n\n<li><a href='?page_no=22749'>22749<\/a><\/li>\n\n\n\n<li><a href='?page_no=22750'>22750<\/a><\/li>\n\n\n\n<li><a>...<\/a><\/li>\n\n\n\n<li><a href='?page_no=22911'>22911<\/a><\/li>\n\n\n\n<li><a href='?page_no=22912'>22912<\/a><\/li>\n\n    \n\t\n\n<li >\n\t<a href='?page_no=22749'>Next<\/a>\n\t<\/li>\n\n\n    \n\n<li><a href='?page_no=22912'>Last &rsaquo;&rsaquo;<\/a><\/li>\n\n<\/ul>\n\n\n--><br \/>\n<\/body><\/p>\n","protected":false},"excerpt":{"rendered":"<p>Opera olvidada sobre la vida de Juana de Arco se estrena con \u00e9xito en Alemania &#13; &#13; La pieza montada por el \u00abni\u00f1o terrible\u00bb del teatro germano, Christoph Schlingensief, es la primera puesta en escena de la obra\u00a0compuesta hace 70 a\u00f1os por\u00a0Walter Braunfels. &#13; Con gran \u00e9xito fue estrenada en la Deutsche Oper de Berl\u00edn [&hellip;]<\/p>\n","protected":false},"author":3,"featured_media":0,"comment_status":"open","ping_status":"open","sticky":false,"template":"","format":"standard","meta":{"footnotes":""},"categories":[21],"tags":[],"class_list":["post-71070","post","type-post","status-publish","format-standard","hentry","category-cultura"],"_links":{"self":[{"href":"https:\/\/diariodominicano.com\/index.php?rest_route=\/wp\/v2\/posts\/71070","targetHints":{"allow":["GET"]}}],"collection":[{"href":"https:\/\/diariodominicano.com\/index.php?rest_route=\/wp\/v2\/posts"}],"about":[{"href":"https:\/\/diariodominicano.com\/index.php?rest_route=\/wp\/v2\/types\/post"}],"author":[{"embeddable":true,"href":"https:\/\/diariodominicano.com\/index.php?rest_route=\/wp\/v2\/users\/3"}],"replies":[{"embeddable":true,"href":"https:\/\/diariodominicano.com\/index.php?rest_route=%2Fwp%2Fv2%2Fcomments&post=71070"}],"version-history":[{"count":0,"href":"https:\/\/diariodominicano.com\/index.php?rest_route=\/wp\/v2\/posts\/71070\/revisions"}],"wp:attachment":[{"href":"https:\/\/diariodominicano.com\/index.php?rest_route=%2Fwp%2Fv2%2Fmedia&parent=71070"}],"wp:term":[{"taxonomy":"category","embeddable":true,"href":"https:\/\/diariodominicano.com\/index.php?rest_route=%2Fwp%2Fv2%2Fcategories&post=71070"},{"taxonomy":"post_tag","embeddable":true,"href":"https:\/\/diariodominicano.com\/index.php?rest_route=%2Fwp%2Fv2%2Ftags&post=71070"}],"curies":[{"name":"wp","href":"https:\/\/api.w.org\/{rel}","templated":true}]}}