{"id":71069,"date":"2008-04-28T17:45:44","date_gmt":"2008-04-28T17:45:44","guid":{"rendered":"http:\/\/diariodominicano.ddns.net\/?p=71069"},"modified":"2008-04-28T17:45:44","modified_gmt":"2008-04-28T17:45:44","slug":"juan-gelman-cuestiona-cambios-progresistas-en-gobiernos-de-latinoamerica","status":"publish","type":"post","link":"https:\/\/diariodominicano.com\/?p=71069","title":{"rendered":"Juan Gelman cuestiona \u00abcambios progresistas\u00bb en gobiernos de Latinoam\u00e9rica"},"content":{"rendered":"<p><body><\/p>\n<p align=\"justify\"><span class=\"titulogrande1\">Juan Gelman cuestiona \u00abcambios progresistas\u00bb en  gobiernos de Latinoam\u00e9rica <\/span><br \/>&#13;<br \/>\n  <br \/>&#13;<br \/>\n    <span class=\"text1noticias\">El poeta argentino cree que hay aspectos  \u00abcontradictorios\u00bb en las pol\u00edticas de los distintos pa\u00edses de la  regi\u00f3n. <\/span><\/p>\n<p>&#13;<\/p>\n<p align=\"justify\" class=\"text1noticias\"><img loading=\"lazy\" decoding=\"async\" src=\"http:\/\/localhost:8080\/img\/gelma.jpg\" width=\"375\" height=\"270\" hspace=\"4\" align=\"left\" \/>El poeta argentino Juan Gelman considera que hay aspectos  \u00abcontradictorios\u00bb y que \u00abno est\u00e1n claros\u00bb en las pol\u00edticas  que llevan adelante los pa\u00edses de Am\u00e9rica Latina, pese a \u00ablos cambios de  signo progresista\u00bb que hubo en la regi\u00f3n.<br \/>&#13;<br \/>\n  <br \/>&#13;<br \/>\n\u00abHay cambios de signo progresista en distintos pa\u00edses, pero me pregunto en  qu\u00e9 va a terminar todo eso porque hay cosas muy contradictorias, como en  Uruguay o en Chile, con (sus opiniones a favor de) el ALCA (\u00c1rea de Libre  Comercio de las Am\u00e9ricas). Hay cuestiones que no est\u00e1n claras\u00bb, manifest\u00f3  Gelman en una entrevista publicada hoy por el diario argentino P\u00e1gina\/12.<br \/>&#13;<br \/>\n<br \/>&#13;<br \/>\nEl poeta, que esta semana recibi\u00f3 el Premio Cervantes de manos del Rey de  Espa\u00f1a, Juan Carlos de Borb\u00f3n, tambi\u00e9n opin\u00f3 que el Frente Amplio de Uruguay,  la coalici\u00f3n que llev\u00f3 a Tabar\u00e9 V\u00e1zquez a la presidencia, \u00abmanifest\u00f3  p\u00fablicamente un programa que no se cumple\u00bb.<br \/>&#13;<br \/>\n<br \/>&#13;<br \/>\n\u00abUna cosa que nos pas\u00f3 a nosotros es que subestimamos al enemigo\u00bb,  subray\u00f3 el escritor, que el pasado mi\u00e9rcoles recibi\u00f3 el premio m\u00e1s prestigioso  de las letras en espa\u00f1ol en una ceremonia celebrada en el Paraninfo de la  Universidad de la localidad madrile\u00f1a de Alcal\u00e1 de Henares, cuna de Miguel de  Cervantes y Saavedra.<br \/>&#13;<br \/>\n<br \/>&#13;<br \/>\nPese a que reside en M\u00e9xico desde hace a\u00f1os, Gelman tambi\u00e9n asegur\u00f3 que sigue  de cerca la realidad argentina ya que todos los d\u00edas lee la prensa local y se  interesa \u00abprofundamente por todo lo que ocurre\u00bb.<br \/>&#13;<br \/>\n<br \/>&#13;<br \/>\n\u00abLo de (el ex presidente Carlos) Menem fue terrible, la venta del pa\u00eds,  adem\u00e1s de la impunidad de los indultos (a represores de la dictadura argentina  que se prolong\u00f3 de 1976 a 1983); el desastre de (el ex mandatario Fernando) De  la R\u00faa; la recuperaci\u00f3n que comenz\u00f3 con (el ex jefe de Estado) N\u00e9stor Kirchner.  Lo viv\u00ed de lejos, pero de cerca\u00bb, sintetiz\u00f3.<br \/>&#13;<br \/>\n<br \/>&#13;<br \/>\n\u00abSiempre he cre\u00eddo que lo peor del exilio, aparte de las desgracias  personales, fue la derrota porque aparte de los 30 mil (desaparecidos de la  dictadura) tambi\u00e9n desapareci\u00f3 un proyecto, que no ha vuelto a aparecer.<br \/>&#13;<br \/>\n<br \/> &#13;<br \/>\nY tal  vez tarde d\u00e9cadas en aparecer algo que se le parezca\u00bb, reflexion\u00f3 Gelman,  autor de poemarios como Salarios del Imp\u00edo (1993) o Sombra de Vuelta y de Ida  (1997).<br \/>&#13;<br \/>\n<br \/>&#13;<br \/>\nGelman, amenazado por la Triple A argentina, se vio obligado a exiliarse en  1975 y a cambiar su trabajo de periodista, su ciudad y sus amigos por una nueva  ubicaci\u00f3n: Italia, Francia y M\u00e9xico.<br \/>&#13;<br \/>\n<br \/>&#13;<br \/>\nPoco despu\u00e9s de exiliarse, el 24 de agosto de 1976, su hijo Marcelo y su nuera,  la espa\u00f1ola Claudia Garc\u00eda, fueron secuestrados por militares argentinos cuando  ella estaba embarazada de siete meses.<br \/>&#13;<br \/>\n<br \/>&#13;<br \/>\nSu hijo Marcelo fue torturado y, trece a\u00f1os despu\u00e9s, sus restos hallados en un  tambor de cemento y arena, mientras que su nuera fue trasladada  clandestinamente a Montevideo (Uruguay), donde desapareci\u00f3 en 1977 tras dar a  luz una ni\u00f1a en el Hospital Militar.<br \/>&#13;<br \/>\n<br \/>&#13;<br \/>\nLa nieta de Juan Gelman, Macarena Gelman, fue criada por la familia de un  polic\u00eda uruguayo que le ocult\u00f3 su verdadera identidad, pero en 2000 el  considerado \u00abpoeta del dolor\u00bb dio con ella.<br \/>&#13;<br \/>\n<br \/>&#13;<br \/>\n\u00abLo que result\u00f3 muy importante para encontrar a mi nieta fue la campa\u00f1a  period\u00edstica, con ayuda de mucha gente. Se reunieron m\u00e1s de cien mil firmas de  m\u00e1s de cuarenta pa\u00edses, de escritores, artistas, pintores, gente de a pie. A  eso contribuyeron cartas como las de (Jos\u00e9) Saramago, Chico Buarque y muchos  otros\u00bb, manifest\u00f3 Gelman en la entrevista.<br \/>&#13;<br \/>\n<br \/>&#13;<br \/>\n\u00abEsto permiti\u00f3 que se cumpliera lo que siempre esperamos: que un vecino,  una vecina, que presenci\u00f3 la llegada de un beb\u00e9 a una casa donde no hab\u00eda  hijos, lo asociara con lo que se publicaba. Esto provoc\u00f3 un gran sacud\u00f3n en  Uruguay\u00bb, sostuvo.\u00a0<br \/>&#13;<br \/>\n<br \/>&#13;<br \/>\n  EFE<\/p>\n<p>&#13;<\/p>\n<h6> 2008-04-28 17:45:44 <\/h6>\n<p><!--\n<link rel=\"stylesheet\" href=\"css\/bootstrap.min.css\">\n\n\n<ul class=\"pagination\">\n\t    \n\t\n\n<li >\n\t<a href='?page_no=22746'>Previous<\/a>\n\t<\/li>\n\n\n       \n    \n\n<li><a href='?page_no=1'>1<\/a><\/li>\n\n\n\n<li><a href='?page_no=2'>2<\/a><\/li>\n\n\n\n<li><a>...<\/a><\/li>\n\n\n\n<li><a href='?page_no=22745'>22745<\/a><\/li>\n\n\n\n<li><a href='?page_no=22746'>22746<\/a><\/li>\n\n\n\n<li class='active'><a>22747<\/a><\/li>\n\n\n\n<li><a href='?page_no=22748'>22748<\/a><\/li>\n\n\n\n<li><a href='?page_no=22749'>22749<\/a><\/li>\n\n\n\n<li><a>...<\/a><\/li>\n\n\n\n<li><a href='?page_no=22911'>22911<\/a><\/li>\n\n\n\n<li><a href='?page_no=22912'>22912<\/a><\/li>\n\n    \n\t\n\n<li >\n\t<a href='?page_no=22748'>Next<\/a>\n\t<\/li>\n\n\n    \n\n<li><a href='?page_no=22912'>Last &rsaquo;&rsaquo;<\/a><\/li>\n\n<\/ul>\n\n\n--><br \/>\n<\/body><\/p>\n","protected":false},"excerpt":{"rendered":"<p>Juan Gelman cuestiona \u00abcambios progresistas\u00bb en gobiernos de Latinoam\u00e9rica &#13; &#13; El poeta argentino cree que hay aspectos \u00abcontradictorios\u00bb en las pol\u00edticas de los distintos pa\u00edses de la regi\u00f3n. &#13; El poeta argentino Juan Gelman considera que hay aspectos \u00abcontradictorios\u00bb y que \u00abno est\u00e1n claros\u00bb en las pol\u00edticas que llevan adelante los pa\u00edses de Am\u00e9rica [&hellip;]<\/p>\n","protected":false},"author":3,"featured_media":0,"comment_status":"open","ping_status":"open","sticky":false,"template":"","format":"standard","meta":{"footnotes":""},"categories":[21],"tags":[],"class_list":["post-71069","post","type-post","status-publish","format-standard","hentry","category-cultura"],"_links":{"self":[{"href":"https:\/\/diariodominicano.com\/index.php?rest_route=\/wp\/v2\/posts\/71069","targetHints":{"allow":["GET"]}}],"collection":[{"href":"https:\/\/diariodominicano.com\/index.php?rest_route=\/wp\/v2\/posts"}],"about":[{"href":"https:\/\/diariodominicano.com\/index.php?rest_route=\/wp\/v2\/types\/post"}],"author":[{"embeddable":true,"href":"https:\/\/diariodominicano.com\/index.php?rest_route=\/wp\/v2\/users\/3"}],"replies":[{"embeddable":true,"href":"https:\/\/diariodominicano.com\/index.php?rest_route=%2Fwp%2Fv2%2Fcomments&post=71069"}],"version-history":[{"count":0,"href":"https:\/\/diariodominicano.com\/index.php?rest_route=\/wp\/v2\/posts\/71069\/revisions"}],"wp:attachment":[{"href":"https:\/\/diariodominicano.com\/index.php?rest_route=%2Fwp%2Fv2%2Fmedia&parent=71069"}],"wp:term":[{"taxonomy":"category","embeddable":true,"href":"https:\/\/diariodominicano.com\/index.php?rest_route=%2Fwp%2Fv2%2Fcategories&post=71069"},{"taxonomy":"post_tag","embeddable":true,"href":"https:\/\/diariodominicano.com\/index.php?rest_route=%2Fwp%2Fv2%2Ftags&post=71069"}],"curies":[{"name":"wp","href":"https:\/\/api.w.org\/{rel}","templated":true}]}}