{"id":71068,"date":"2008-04-28T22:36:13","date_gmt":"2008-04-28T22:36:13","guid":{"rendered":"http:\/\/diariodominicano.ddns.net\/?p=71068"},"modified":"2008-04-28T22:36:13","modified_gmt":"2008-04-28T22:36:13","slug":"antonio-martorell-y-yolanda-wood-dos-personalidades-del-mundo-artistico-en-museo-bellapart","status":"publish","type":"post","link":"https:\/\/diariodominicano.com\/?p=71068","title":{"rendered":"Antonio Martorell y Yolanda Wood: Dos personalidades del mundo art\u00edstico en Museo Bellapart"},"content":{"rendered":"<p><body><\/p>\n<p align=\"justify\" class=\"titulogrande1\"><strong>Antonio  Martorell y Yolanda Wood:<\/strong> <strong>Dos personalidades  del mundo art\u00edstico en\u00a0 Museo Bellapart.<\/strong><\/p>\n<p>&#13;<\/p>\n<p align=\"justify\" class=\"text1noticias\"><strong><img loading=\"lazy\" decoding=\"async\" src=\"http:\/\/localhost:8080\/img\/mirada arte.jpg\" width=\"375\" height=\"1080\" hspace=\"4\" align=\"left\" \/>Santo Domingo.-<\/strong> El Museo Bellapart y Mirada al Arte se honran con la visita de la especialista  cubana en Arte Caribe\u00f1o, Dra. Yolanda Wood quien impartir\u00e1 un <em>ciclo de charlas sobre Arte Caribe\u00f1o<\/em>. <br \/>&#13;<br \/>\n  <br \/>&#13;<br \/>\n  El mismo,\u00a0 tratar\u00e1 acerca de la imagen del Caribe y\u00a0los  imaginarios art\u00edsticos que desde \u00e9l y sus di\u00e1sporas, indagan sobre\u00a0la  representaci\u00f3n de\u00a0su propia cartograf\u00eda regional\u00a0en lo  hist\u00f3rico, lo contempor\u00e1neo y las  modalidades de una visualidad que explora las peculiares caracter\u00edsticas de una  identidad cultural a trav\u00e9s de las artes pl\u00e1sticas en diversos momentos de su  trayectoria pasada y reciente.\u00a0 \u00a0 <\/p>\n<p>&#13;<\/p>\n<p align=\"justify\" class=\"text1noticias\">  Asimismo, contaremos con la presencia del destacado artista Puertorrique\u00f1o,  Antonio Martorell, \u00a0quien esta invitado a la <em>presentaci\u00f3n de su\u00a0m\u00e1s reciente libro<\/em>, escrito por el historiador Antonio D\u00edaz Royo. \u00a0<br \/>&#13;<br \/>\n  <br \/>&#13;<br \/>\n  La trayectoria de  Antonio Martorell (1939) como artista ingente e irreductible es el sujeto y el  objeto de este libro. Antonio T. D\u00edaz-Royo se acerca a la vida y la obra del  artista puertorrique\u00f1o con una profunda admiraci\u00f3n y con la conmovedora  complicidad que surge de la amistad de toda una vida. <br \/>&#13;<br \/>\n  <br \/>&#13;<br \/>\n  <em>  La aventura de la creaci\u00f3n<\/em> muestra en el  Martorell hombre y el Martorell artista la multiplicidad de variantes de una  misma voluntad, la de comunicar, y de un mismo motor, el amor por su pa\u00eds  basado en el respeto a la libertad del ser humano. D\u00edaz-Royo presenta una  amplia muestra de la producci\u00f3n de un creador y comunicador prol\u00edfico que ha  cultivado la pintura, el grabado, las artes del libro, la instalaci\u00f3n, la  escenograf\u00eda teatral, el <em>performance<\/em>,  la escritura, y la producci\u00f3n radial y televisiva. En las \u00faltimas etapas del  proceso de recolecci\u00f3n de obra y dise\u00f1o del libro ocurre el criminal incendio  de su casa en Cayey. La casa, ahora m\u00e1s querida a\u00fan por ya no ser lo que era,  se hace parte del libro y se inserta en \u00e9ste como <em>leitmotiv<\/em> e imagen representativa de la fuerza de la energ\u00eda  creadora. Antonio T. D\u00edaz-Royo captura lo inasible en este texto en el que  Estela Morales Amaral proporciona el dise\u00f1o para que texto y obra le regalen al  lector un espacio de sorpresa constante.<\/p>\n<p>&#13;<\/p>\n<p align=\"justify\" class=\"text1noticias\">La presentaci\u00f3n del  libro\u00a0 <em>La aventura de la creaci\u00f3n <\/em>ser\u00e1  el jueves 1ro de mayo, a las 10:00 A.M. El Ciclo de Charlas \u00abCaribe visual: \u00bfqu\u00e9 Caribe?, \u00bfqu\u00e9 visualidad?\u00bb impartido por  Dra. Yolanda Word, ser\u00e1 el jueves 1ro y  2 de mayo a las 3:30 p.m. en la   Sala de Conferencias del Museo, respectivamente. <\/p>\n<p>&#13;<\/p>\n<h6> 2008-04-28 22:36:13 <\/h6>\n<p><!--\n<link rel=\"stylesheet\" href=\"css\/bootstrap.min.css\">\n\n\n<ul class=\"pagination\">\n\t    \n\t\n\n<li >\n\t<a href='?page_no=22745'>Previous<\/a>\n\t<\/li>\n\n\n       \n    \n\n<li><a href='?page_no=1'>1<\/a><\/li>\n\n\n\n<li><a href='?page_no=2'>2<\/a><\/li>\n\n\n\n<li><a>...<\/a><\/li>\n\n\n\n<li><a href='?page_no=22744'>22744<\/a><\/li>\n\n\n\n<li><a href='?page_no=22745'>22745<\/a><\/li>\n\n\n\n<li class='active'><a>22746<\/a><\/li>\n\n\n\n<li><a href='?page_no=22747'>22747<\/a><\/li>\n\n\n\n<li><a href='?page_no=22748'>22748<\/a><\/li>\n\n\n\n<li><a>...<\/a><\/li>\n\n\n\n<li><a href='?page_no=22911'>22911<\/a><\/li>\n\n\n\n<li><a href='?page_no=22912'>22912<\/a><\/li>\n\n    \n\t\n\n<li >\n\t<a href='?page_no=22747'>Next<\/a>\n\t<\/li>\n\n\n    \n\n<li><a href='?page_no=22912'>Last &rsaquo;&rsaquo;<\/a><\/li>\n\n<\/ul>\n\n\n--><br \/>\n<\/body><\/p>\n","protected":false},"excerpt":{"rendered":"<p>Antonio Martorell y Yolanda Wood: Dos personalidades del mundo art\u00edstico en\u00a0 Museo Bellapart. &#13; Santo Domingo.- El Museo Bellapart y Mirada al Arte se honran con la visita de la especialista cubana en Arte Caribe\u00f1o, Dra. Yolanda Wood quien impartir\u00e1 un ciclo de charlas sobre Arte Caribe\u00f1o. &#13; &#13; El mismo,\u00a0 tratar\u00e1 acerca de la [&hellip;]<\/p>\n","protected":false},"author":3,"featured_media":0,"comment_status":"open","ping_status":"open","sticky":false,"template":"","format":"standard","meta":{"footnotes":""},"categories":[21],"tags":[],"class_list":["post-71068","post","type-post","status-publish","format-standard","hentry","category-cultura"],"_links":{"self":[{"href":"https:\/\/diariodominicano.com\/index.php?rest_route=\/wp\/v2\/posts\/71068","targetHints":{"allow":["GET"]}}],"collection":[{"href":"https:\/\/diariodominicano.com\/index.php?rest_route=\/wp\/v2\/posts"}],"about":[{"href":"https:\/\/diariodominicano.com\/index.php?rest_route=\/wp\/v2\/types\/post"}],"author":[{"embeddable":true,"href":"https:\/\/diariodominicano.com\/index.php?rest_route=\/wp\/v2\/users\/3"}],"replies":[{"embeddable":true,"href":"https:\/\/diariodominicano.com\/index.php?rest_route=%2Fwp%2Fv2%2Fcomments&post=71068"}],"version-history":[{"count":0,"href":"https:\/\/diariodominicano.com\/index.php?rest_route=\/wp\/v2\/posts\/71068\/revisions"}],"wp:attachment":[{"href":"https:\/\/diariodominicano.com\/index.php?rest_route=%2Fwp%2Fv2%2Fmedia&parent=71068"}],"wp:term":[{"taxonomy":"category","embeddable":true,"href":"https:\/\/diariodominicano.com\/index.php?rest_route=%2Fwp%2Fv2%2Fcategories&post=71068"},{"taxonomy":"post_tag","embeddable":true,"href":"https:\/\/diariodominicano.com\/index.php?rest_route=%2Fwp%2Fv2%2Ftags&post=71068"}],"curies":[{"name":"wp","href":"https:\/\/api.w.org\/{rel}","templated":true}]}}