{"id":71067,"date":"2008-04-29T17:04:48","date_gmt":"2008-04-29T17:04:48","guid":{"rendered":"http:\/\/diariodominicano.ddns.net\/?p=71067"},"modified":"2008-04-29T17:04:48","modified_gmt":"2008-04-29T17:04:48","slug":"venezolano-gana-premio-de-ensayo-anagrama-con-obra-sobre-camilo-jose-cela","status":"publish","type":"post","link":"https:\/\/diariodominicano.com\/?p=71067","title":{"rendered":"Venezolano gana Premio de Ensayo Anagrama con obra sobre Camilo Jos\u00e9 Cela"},"content":{"rendered":"<p><body><\/p>\n<p align=\"justify\"><span class=\"titulogrande1\">Venezolano gana Premio de Ensayo Anagrama con obra sobre  Camilo Jos\u00e9 Cela <\/span><br \/>&#13;<br \/>\n  <br \/>&#13;<br \/>\n    <span class=\"text1noticias\">Gustavo Guerrero\u00a0se llev\u00f3 la 36\u00b0 edici\u00f3n del galard\u00f3n  que es entregado cada a\u00f1o a una obra o trabajo de imaginaci\u00f3n cr\u00edtica.\u00a0 <\/span><\/p>\n<p>&#13;<\/p>\n<p align=\"justify\" class=\"text1noticias\"><img loading=\"lazy\" decoding=\"async\" src=\"http:\/\/localhost:8080\/img\/venezolano.jpg\" width=\"375\" height=\"270\" hspace=\"4\" align=\"left\" \/>El profesor venezolano Gustavo Guerrero fue distinguido hoy  con el Premio Anagrama de Ensayo, por su obra de investigaci\u00f3n sobre los viajes  del escritor espa\u00f1ol Camilo Jos\u00e9 Cela por Am\u00e9rica Latina en los a\u00f1os cincuenta.<br \/>&#13;<br \/>\n  <br \/>&#13;<br \/>\n  Guerrero, quien reside en Par\u00eds e imparte clases en la Universidad Jules Verne  de Amiens, fue galardonado por su obra titulada Historia de un Encargo:  \u00abLa Catira\u00bb de Camilo Jos\u00e9 Cela.<br \/>&#13;<br \/>\n  <br \/> &#13;<br \/>\n  Literatura, ideolog\u00eda y diplomacia  en tiempos de la Hispanidad.<br \/>&#13;<br \/>\n  <br \/>&#13;<br \/>\n  El Premio Anagrama de Ensayo que cumple su\u00a036\u00b0 edici\u00f3n, es convocado  anualmente y est\u00e1 dotado con 8.000 euros (unos 12.400 d\u00f3lares).<br \/>&#13;<br \/>\n  <br \/>&#13;<br \/>\n  El jurado, integrado por Salvador Clotas, Rom\u00e1n Gubern, Xavier Rubert de Vent\u00f3s,  Fernando Savater, Vicente Verd\u00fa y el editor Jorge Herralde, concedi\u00f3 el premio  a Guerrero por mayor\u00eda, mientras que seleccion\u00f3 al espa\u00f1ol Andreu Domingo como  finalista por Descenso Literario a los Infiernos Demogr\u00e1ficos. Distop\u00eda y  Poblaci\u00f3n.<br \/>&#13;<br \/>\n  <br \/>&#13;<br \/>\n  Bajo el seud\u00f3nimo de Juan Primito, Guerrero hilvana en la obra premiada una  investigaci\u00f3n hist\u00f3rica sobre los viajes que efectu\u00f3 Camilo Jos\u00e9 Cela por  Am\u00e9rica Latina en los a\u00f1os cincuenta del siglo XX y las circunstancias que  rodearon el encargo que le llev\u00f3 a escribir y publicar su novela La Catira.<br \/>&#13;<br \/>\n  <br \/>&#13;<br \/>\n  Publicada en 1955, la obra se adentra en la selva, en el habla, la cotidianidad  y el trasfondo m\u00edtico de las tierras venezolanas.<br \/>&#13;<br \/>\n  <br \/>&#13;<br \/>\n  El prestigioso Premio Anagrama de Ensayo se concede cada a\u00f1o a una obra o  trabajo de imaginaci\u00f3n cr\u00edtica.<br \/>&#13;<br \/>\n  <br \/>&#13;<br \/>\n  En su dos \u00faltimas edici\u00f3n el galard\u00f3n recay\u00f3 en el cubano Rafael Rojas, por  Tumbas sin Sosiego (2006) y en los espa\u00f1oles Andr\u00e9s Barba y Javier Montes por  La Ceremonia del Porno (2007).<br \/>&#13;<br \/>\n  <br \/>&#13;<br \/>\n  EFE<\/p>\n<p>&#13;<\/p>\n<h6> 2008-04-29 17:04:48 <\/h6>\n<p><!--\n<link rel=\"stylesheet\" href=\"css\/bootstrap.min.css\">\n\n\n<ul class=\"pagination\">\n\t    \n\t\n\n<li >\n\t<a href='?page_no=22744'>Previous<\/a>\n\t<\/li>\n\n\n       \n    \n\n<li><a href='?page_no=1'>1<\/a><\/li>\n\n\n\n<li><a href='?page_no=2'>2<\/a><\/li>\n\n\n\n<li><a>...<\/a><\/li>\n\n\n\n<li><a href='?page_no=22743'>22743<\/a><\/li>\n\n\n\n<li><a href='?page_no=22744'>22744<\/a><\/li>\n\n\n\n<li class='active'><a>22745<\/a><\/li>\n\n\n\n<li><a href='?page_no=22746'>22746<\/a><\/li>\n\n\n\n<li><a href='?page_no=22747'>22747<\/a><\/li>\n\n\n\n<li><a>...<\/a><\/li>\n\n\n\n<li><a href='?page_no=22911'>22911<\/a><\/li>\n\n\n\n<li><a href='?page_no=22912'>22912<\/a><\/li>\n\n    \n\t\n\n<li >\n\t<a href='?page_no=22746'>Next<\/a>\n\t<\/li>\n\n\n    \n\n<li><a href='?page_no=22912'>Last &rsaquo;&rsaquo;<\/a><\/li>\n\n<\/ul>\n\n\n--><br \/>\n<\/body><\/p>\n","protected":false},"excerpt":{"rendered":"<p>Venezolano gana Premio de Ensayo Anagrama con obra sobre Camilo Jos\u00e9 Cela &#13; &#13; Gustavo Guerrero\u00a0se llev\u00f3 la 36\u00b0 edici\u00f3n del galard\u00f3n que es entregado cada a\u00f1o a una obra o trabajo de imaginaci\u00f3n cr\u00edtica.\u00a0 &#13; El profesor venezolano Gustavo Guerrero fue distinguido hoy con el Premio Anagrama de Ensayo, por su obra de investigaci\u00f3n [&hellip;]<\/p>\n","protected":false},"author":3,"featured_media":0,"comment_status":"open","ping_status":"open","sticky":false,"template":"","format":"standard","meta":{"footnotes":""},"categories":[21],"tags":[],"class_list":["post-71067","post","type-post","status-publish","format-standard","hentry","category-cultura"],"_links":{"self":[{"href":"https:\/\/diariodominicano.com\/index.php?rest_route=\/wp\/v2\/posts\/71067","targetHints":{"allow":["GET"]}}],"collection":[{"href":"https:\/\/diariodominicano.com\/index.php?rest_route=\/wp\/v2\/posts"}],"about":[{"href":"https:\/\/diariodominicano.com\/index.php?rest_route=\/wp\/v2\/types\/post"}],"author":[{"embeddable":true,"href":"https:\/\/diariodominicano.com\/index.php?rest_route=\/wp\/v2\/users\/3"}],"replies":[{"embeddable":true,"href":"https:\/\/diariodominicano.com\/index.php?rest_route=%2Fwp%2Fv2%2Fcomments&post=71067"}],"version-history":[{"count":0,"href":"https:\/\/diariodominicano.com\/index.php?rest_route=\/wp\/v2\/posts\/71067\/revisions"}],"wp:attachment":[{"href":"https:\/\/diariodominicano.com\/index.php?rest_route=%2Fwp%2Fv2%2Fmedia&parent=71067"}],"wp:term":[{"taxonomy":"category","embeddable":true,"href":"https:\/\/diariodominicano.com\/index.php?rest_route=%2Fwp%2Fv2%2Fcategories&post=71067"},{"taxonomy":"post_tag","embeddable":true,"href":"https:\/\/diariodominicano.com\/index.php?rest_route=%2Fwp%2Fv2%2Ftags&post=71067"}],"curies":[{"name":"wp","href":"https:\/\/api.w.org\/{rel}","templated":true}]}}