{"id":71064,"date":"2008-04-29T17:14:09","date_gmt":"2008-04-29T17:14:09","guid":{"rendered":"http:\/\/diariodominicano.ddns.net\/?p=71064"},"modified":"2008-04-29T17:14:09","modified_gmt":"2008-04-29T17:14:09","slug":"pablo-simonetti-presenta-la-razon-de-los-amantes-en-feria-del-libro-de-buenos-aires","status":"publish","type":"post","link":"https:\/\/diariodominicano.com\/?p=71064","title":{"rendered":"Pablo Simonetti presenta \u00abLa Raz\u00f3n de los Amantes\u00bb en Feria del Libro de Buenos Aires"},"content":{"rendered":"<p><body><\/p>\n<p align=\"justify\"><span class=\"titulogrande1\">Pablo Simonetti presenta \u00abLa Raz\u00f3n de los Amantes\u00bb  en Feria del Libro de Buenos Aires<\/span><br \/> &#13;<br \/>\n  <br \/>&#13;<br \/>\n  <span class=\"text1noticias\">El escritor chileno afirm\u00f3 en la capital trasandina que no  le preocupaba el posible triunfo o fracaso de su novela\u00a0gracias a que  tiene en su casa \u00abun lugar donde volver\u00bb. <\/span><\/p>\n<p>&#13;<\/p>\n<p align=\"justify\" class=\"text1noticias\"><img loading=\"lazy\" decoding=\"async\" src=\"http:\/\/localhost:8080\/img\/simonetti.jpg\" width=\"375\" height=\"270\" hspace=\"4\" align=\"left\" \/>El escritor chileno Pablo Simonetti, que dej\u00f3 su carrera de  ingeniero para dedicarse a la novela, asegur\u00f3 hoy que la literatura \u00abtiene  mucho que ver\u00bb con las matem\u00e1ticas, ya que ambas disciplinas  \u00abconstruyen un mundo a trav\u00e9s de axiomas\u00bb.<br \/>&#13;<br \/>\n  <br \/>&#13;<br \/>\n  El autor, que se encuentra en Buenos Aires para presentar en la Feria  Internacional del Libro su \u00faltima novela, La Raz\u00f3n de los Amantes (Planeta),  explic\u00f3 que de hecho decidi\u00f3 cambiar su oficio para volver al estado de  abstracci\u00f3n del que disfrutaba cuando estudiaba matem\u00e1ticas en la universidad.<br \/>&#13;<br \/>\n  <br \/>&#13;<br \/>\n\u00abPrefiero no estar en el mundo, mantenerme en casa y que el mundo exterior  sea como una luz que entra a una habitaci\u00f3n, como a un nivel \u00edntimo\u00bb,  dijo.<br \/>&#13;<br \/>\n<br \/>&#13;<br \/>\nSimonetti, que con su \u00faltima obra ha revalidado el \u00e9xito de p\u00fablico y cr\u00edtica  de su primera novela, Madre que Est\u00e1s en los Cielos, afirm\u00f3 que no le  preocupaba el posible triunfo o fracaso gracias a que tiene en su casa \u00abun  lugar donde volver\u00bb, algo que, a su juicio, deber\u00eda tener todo el mundo.<br \/>&#13;<br \/>\n<br \/>&#13;<br \/>\nEl chileno, de 46 a\u00f1os, apunt\u00f3 que la sociedad actual \u00abha entregado a los  otros el poder de juzgar\u00bb, lo que acaba por determinar por completo la  vida del ser humano si no tiene un referente propio al que aferrarse.<br \/>&#13;<br \/>\n<br \/>&#13;<br \/>\nEn su \u00faltima novela, el autor plantea c\u00f3mo afecta la ruptura de los  convencionalismos a un matrimonio sumido en la rutina, que se interna en el  mundo de la pasi\u00f3n prohibida cuando un moderno abogado entra en sus vidas y  comienza una aventura con el marido.<br \/>&#13;<br \/>\n<br \/>&#13;<br \/>\nA pesar de que la transgresi\u00f3n ocupa un lugar privilegiado en la trama,  Simonetti estim\u00f3 que los convencionalismos \u00abno son necesariamente  negativos en \u00e9pocas de cambio\u00bb y que su ausencia puede llevar incluso a  que el hombre se sienta perdido.<br \/>&#13;<br \/>\n<br \/>&#13;<br \/>\n\u00abLos valores llevados a ultranza son negativos, pero si eso se lleva al  extremo del no valor el hombre se encuentra en una situaci\u00f3n de orfandad\u00bb,  dijo.<br \/>&#13;<br \/>\n<br \/>&#13;<br \/>\nLa Raz\u00f3n de los Amantes tiene como tel\u00f3n de fondo la llegada al gobierno de Ricardo  Lagos (2000-2006), el regreso del ex dictador Augusto Pinochet y la ca\u00edda de  las empresas \u00abpunto com\u00bb, una respuesta a la necesidad que tiene  Simonetti de insertar sus historias en el mundo que le rodea, confes\u00f3.<br \/>&#13;<br \/>\n<br \/>&#13;<br \/>\n\u00abMe resulta muy dif\u00edcil no representar el mundo en mis novelas, ya que me  emociona que la gran historia pueda influir en la peque\u00f1a historia\u00bb que  viven los personajes, asegur\u00f3.<br \/>&#13;<br \/>\n<br \/>&#13;<br \/>\nEn contra de la tendencia cada vez m\u00e1s extendida de considerar muerta a la  novela, Simonetti le augura una larga vida, al menos \u00abhasta que la  sospecha del ser humano crezca a tal nivel que no pueda absorber una  ficci\u00f3n\u00bb.<br \/>&#13;<br \/>\n<br \/>&#13;<br \/>\nEl autor destac\u00f3 la \u00abbelleza\u00bb del proceso que hay que seguir para  hacer que el lector se crea lo que est\u00e1 leyendo, y apunt\u00f3 como posible causa de  los malos augurios para la novela el hecho que se haya quedado atr\u00e1s en el  proceso de p\u00e9rdida de la figuraci\u00f3n que han experimentado las dem\u00e1s artes.<br \/>&#13;<br \/>\n<br \/>&#13;<br \/>\nEl novelista, al que se le consider\u00f3 un \u00abvaliente\u00bb por confesar  p\u00fablicamente su homosexualidad, opin\u00f3 que Am\u00e9rica Latina a\u00fan se encuentra  \u00abun paso por detr\u00e1s\u00bb de otros pa\u00edses como Espa\u00f1a en cuanto a los  derechos de las minor\u00edas sexuales.<br \/>&#13;<br \/>\n<br \/>&#13;<br \/>\nAs\u00ed, explic\u00f3 que en Chile la condici\u00f3n sexual todav\u00eda puede ser un problema  para progresar profesionalmente en el \u00e1mbito privado, y que a gran parte de la  clase pol\u00edtica \u00ables horroriza\u00bb la idea de que las parejas gays  adopten hijos.<br \/>&#13;<br \/>\n<br \/>&#13;<br \/>\nA pesar de todo, Simonetti aprecia los cambios, y alaba los logros conseguidos  en M\u00e9xico, Brasil y Argentina.<br \/>&#13;<br \/>\n<br \/>&#13;<br \/>\n\u00abSoy ampliamente optimista, y Latinoam\u00e9rica camina r\u00e1pido\u00bb,  sentenci\u00f3.\u00a0<br \/>&#13;<br \/>\n<br \/>&#13;<br \/>\n  EFE<\/p>\n<p>&#13;<\/p>\n<h6> 2008-04-29 17:14:09 <\/h6>\n<p><!--\n<link rel=\"stylesheet\" href=\"css\/bootstrap.min.css\">\n\n\n<ul class=\"pagination\">\n\t    \n\t\n\n<li >\n\t<a href='?page_no=22741'>Previous<\/a>\n\t<\/li>\n\n\n       \n    \n\n<li><a href='?page_no=1'>1<\/a><\/li>\n\n\n\n<li><a href='?page_no=2'>2<\/a><\/li>\n\n\n\n<li><a>...<\/a><\/li>\n\n\n\n<li><a href='?page_no=22740'>22740<\/a><\/li>\n\n\n\n<li><a href='?page_no=22741'>22741<\/a><\/li>\n\n\n\n<li class='active'><a>22742<\/a><\/li>\n\n\n\n<li><a href='?page_no=22743'>22743<\/a><\/li>\n\n\n\n<li><a href='?page_no=22744'>22744<\/a><\/li>\n\n\n\n<li><a>...<\/a><\/li>\n\n\n\n<li><a href='?page_no=22911'>22911<\/a><\/li>\n\n\n\n<li><a href='?page_no=22912'>22912<\/a><\/li>\n\n    \n\t\n\n<li >\n\t<a href='?page_no=22743'>Next<\/a>\n\t<\/li>\n\n\n    \n\n<li><a href='?page_no=22912'>Last &rsaquo;&rsaquo;<\/a><\/li>\n\n<\/ul>\n\n\n--><br \/>\n<\/body><\/p>\n","protected":false},"excerpt":{"rendered":"<p>Pablo Simonetti presenta \u00abLa Raz\u00f3n de los Amantes\u00bb en Feria del Libro de Buenos Aires &#13; &#13; El escritor chileno afirm\u00f3 en la capital trasandina que no le preocupaba el posible triunfo o fracaso de su novela\u00a0gracias a que tiene en su casa \u00abun lugar donde volver\u00bb. &#13; El escritor chileno Pablo Simonetti, que dej\u00f3 [&hellip;]<\/p>\n","protected":false},"author":3,"featured_media":0,"comment_status":"open","ping_status":"open","sticky":false,"template":"","format":"standard","meta":{"footnotes":""},"categories":[21],"tags":[],"class_list":["post-71064","post","type-post","status-publish","format-standard","hentry","category-cultura"],"_links":{"self":[{"href":"https:\/\/diariodominicano.com\/index.php?rest_route=\/wp\/v2\/posts\/71064","targetHints":{"allow":["GET"]}}],"collection":[{"href":"https:\/\/diariodominicano.com\/index.php?rest_route=\/wp\/v2\/posts"}],"about":[{"href":"https:\/\/diariodominicano.com\/index.php?rest_route=\/wp\/v2\/types\/post"}],"author":[{"embeddable":true,"href":"https:\/\/diariodominicano.com\/index.php?rest_route=\/wp\/v2\/users\/3"}],"replies":[{"embeddable":true,"href":"https:\/\/diariodominicano.com\/index.php?rest_route=%2Fwp%2Fv2%2Fcomments&post=71064"}],"version-history":[{"count":0,"href":"https:\/\/diariodominicano.com\/index.php?rest_route=\/wp\/v2\/posts\/71064\/revisions"}],"wp:attachment":[{"href":"https:\/\/diariodominicano.com\/index.php?rest_route=%2Fwp%2Fv2%2Fmedia&parent=71064"}],"wp:term":[{"taxonomy":"category","embeddable":true,"href":"https:\/\/diariodominicano.com\/index.php?rest_route=%2Fwp%2Fv2%2Fcategories&post=71064"},{"taxonomy":"post_tag","embeddable":true,"href":"https:\/\/diariodominicano.com\/index.php?rest_route=%2Fwp%2Fv2%2Ftags&post=71064"}],"curies":[{"name":"wp","href":"https:\/\/api.w.org\/{rel}","templated":true}]}}